{"id":254112,"date":"2025-02-14T09:30:00","date_gmt":"2025-02-14T08:30:00","guid":{"rendered":"https:\/\/www.tucomarca.com\/wordpress\/segunda\/?p=254112"},"modified":"2025-02-14T15:02:27","modified_gmt":"2025-02-14T14:02:27","slug":"lhospital-de-manises-i-mamas-en-accio-suneixen-per-a-acompanyar-a-xiquets-hospitalitzats-en-situacio-de-vulnerabilitat","status":"publish","type":"post","link":"https:\/\/tucomarca.whitekongsoftware.com\/ca\/lhospital-de-manises-i-mamas-en-accio-suneixen-per-a-acompanyar-a-xiquets-hospitalitzats-en-situacio-de-vulnerabilitat\/","title":{"rendered":"L&#8217;Hospital de Manises i Mam\u00e0s en Acci\u00f3 s&#8217;uneixen per a acompanyar a xiquets hospitalitzats en situaci\u00f3 de vulnerabilitat"},"content":{"rendered":"\n<h3 class=\"wp-block-heading\">Gr\u00e0cies a aquesta iniciativa, els menors en situaci\u00f3 de desemparament, vulnerabilitat o que viuen sota el Sistema de Protecci\u00f3 de la Inf\u00e0ncia comptaran amb el suport i l&#8217;afecte de volunt\u00e0ries d&#8217;aquesta associaci\u00f3.<\/h3>\n\n\n\n<h3 class=\"wp-block-heading\">L&#8217;hospital de Manises se suma a la col\u00b7laboraci\u00f3 ja present en m\u00e9s de 40 centres p\u00fablics d&#8217;11 ciutats espanyoles.<\/h3>\n\n\n\n<p class=\"wp-block-paragraph\">L&#8217;Hospital de Manises s&#8217;ha adherit a l&#8217;acord de col\u00b7laboraci\u00f3 entre la Conselleria de Sanitat i Mam\u00e0s en Acci\u00f3 per a acompanyar a xiquets hospitalitzats en situaci\u00f3 de desemparament, vulnerabilitat o que viuen sota el Sistema de Protecci\u00f3 de la Inf\u00e0ncia. Gr\u00e0cies a aquesta iniciativa, els menors ingressats sense acompanyant comptaran amb el suport i l&#8217;afecte de volunt\u00e0ries d&#8217;aquesta associaci\u00f3 que ja col\u00b7labora en m\u00e9s de 40 centres p\u00fablics d&#8217;11 ciutats espanyoles.<\/p>\n\n\n\n<p class=\"wp-block-paragraph\">Mam\u00e0s en Acci\u00f3 \u00e9s una comunitat de voluntariat que opera amb el prop\u00f2sit d&#8217;evitar la soledat no desitjada de xiquets hospitalitzats. D&#8217;aquesta manera, a trav\u00e9s del programa &#8220;Curasana&#8221;, dona suport a menors en situacions d&#8217;aband\u00f3, viol\u00e8ncia, fam\u00edlies sense xarxa de suport o xiquets tutelats de centres d&#8217;acolliment.<\/p>\n\n\n\n<p class=\"wp-block-paragraph\">L&#8217;especialista en pediatria i cap del servei de Pediatria i l\u00edder del grup de treball d&#8217;Humanitzaci\u00f3 de Pediatria, In\u00e9s Costa, ressalta la rellev\u00e0ncia d&#8217;aquesta col\u00b7laboraci\u00f3: &#8220;\u00c9s fonamental que tots els xiquets ingressats al nostre hospital reben la cura i la companyia que necessiten. Aquesta col\u00b7laboraci\u00f3 amb Mam\u00e0s en Acci\u00f3 refor\u00e7a el nostre comprom\u00eds amb la humanitzaci\u00f3 de l&#8217;assist\u00e8ncia sanit\u00e0ria i el benestar dels pacients m\u00e9s vulnerables&#8221;.<\/p>\n\n\n\n<p class=\"wp-block-paragraph\">Per part seua, l&#8217;objectiu de Mam\u00e0s en Acci\u00f3 en la Comunitat Valenciana \u00e9s no deixar a cap xiquet o xiqueta sol, en un moment tan delicat com \u00e9s una hospitalitzaci\u00f3 i agraeixen aquesta col\u00b7laboraci\u00f3.<\/p>\n\n\n\n<p class=\"wp-block-paragraph\">Amb aquesta iniciativa, el departament de salut de Manises refor\u00e7a la seua aposta per l&#8217;atenci\u00f3 centrada en el pacient, amb especial sensibilitat cap als col\u00b7lectius m\u00e9s vulnerables, i en particular, amb el pacient pedi\u00e0tric hospitalitzat. El projecte s&#8217;emmarca en la seua estrat\u00e8gia de Responsabilitat Social Corporativa i demostra el seu comprom\u00eds amb la humanitzaci\u00f3 de l&#8217;assist\u00e8ncia sanit\u00e0ria.<\/p>\n\n\n\n<p class=\"wp-block-paragraph\">El Departament de Salut de Manises dona cobertura i assist\u00e8ncia sanit\u00e0ria, tant ambulat\u00f2ria com domicili\u00e0ria a m\u00e9s de 216.000 persones de 14 localitats a trav\u00e9s de l&#8217;Hospital de Manises, 9 centres de salut, 11 consultoris auxiliars, 2 centres d&#8217;especialitats, 1 centre de salut integrat, l&#8217;Hospital d&#8217;Aguts de Manises i l&#8217;Hospital de Cr\u00f2nics de Mislata.<\/p>\n\n\n\n<p class=\"wp-block-paragraph\"><\/p>\n","protected":false},"excerpt":{"rendered":"<div class=\"mh-excerpt\">Gr\u00e0cies a aquesta iniciativa, els menors en situaci\u00f3 de desemparament, vulnerabilitat o que viuen sota el Sistema de Protecci\u00f3 de la Inf\u00e0ncia comptaran amb el suport i l&#8217;afecte de volunt\u00e0ries d&#8217;aquesta associaci\u00f3. L&#8217;hospital de Manises <a class=\"mh-excerpt-more\" href=\"https:\/\/tucomarca.whitekongsoftware.com\/ca\/lhospital-de-manises-i-mamas-en-accio-suneixen-per-a-acompanyar-a-xiquets-hospitalitzats-en-situacio-de-vulnerabilitat\/\" title=\"L&#8217;Hospital de Manises i Mam\u00e0s en Acci\u00f3 s&#8217;uneixen per a acompanyar a xiquets hospitalitzats en situaci\u00f3 de vulnerabilitat\">[+] <\/a><\/div>\n","protected":false},"author":12,"featured_media":254111,"comment_status":"open","ping_status":"open","sticky":false,"template":"","format":"standard","meta":{"footnotes":""},"categories":[11010,10948,10894,10904,10912,10931,10906,10896,11047],"tags":[11498,11092,21905],"class_list":["post-254112","post","type-post","status-publish","format-standard","has-post-thumbnail","category-canal-salud","category-infraestructuras-ca","category-la-comarca-ca","category-sin-categorizar-ca","category-la-hoya-ca","category-loriguilla-ca","category-riba-roja-ca","category-seccion-ca","category-turis-ca","tag-generalitat-valenciana-ca","tag-hospital-de-manises-ca","tag-sanitat-publica-ca"],"_links":{"self":[{"href":"https:\/\/tucomarca.whitekongsoftware.com\/ca\/wp-json\/wp\/v2\/posts\/254112","targetHints":{"allow":["GET"]}}],"collection":[{"href":"https:\/\/tucomarca.whitekongsoftware.com\/ca\/wp-json\/wp\/v2\/posts"}],"about":[{"href":"https:\/\/tucomarca.whitekongsoftware.com\/ca\/wp-json\/wp\/v2\/types\/post"}],"author":[{"embeddable":true,"href":"https:\/\/tucomarca.whitekongsoftware.com\/ca\/wp-json\/wp\/v2\/users\/12"}],"replies":[{"embeddable":true,"href":"https:\/\/tucomarca.whitekongsoftware.com\/ca\/wp-json\/wp\/v2\/comments?post=254112"}],"version-history":[{"count":0,"href":"https:\/\/tucomarca.whitekongsoftware.com\/ca\/wp-json\/wp\/v2\/posts\/254112\/revisions"}],"wp:featuredmedia":[{"embeddable":true,"href":"https:\/\/tucomarca.whitekongsoftware.com\/ca\/wp-json\/wp\/v2\/media\/254111"}],"wp:attachment":[{"href":"https:\/\/tucomarca.whitekongsoftware.com\/ca\/wp-json\/wp\/v2\/media?parent=254112"}],"wp:term":[{"taxonomy":"category","embeddable":true,"href":"https:\/\/tucomarca.whitekongsoftware.com\/ca\/wp-json\/wp\/v2\/categories?post=254112"},{"taxonomy":"post_tag","embeddable":true,"href":"https:\/\/tucomarca.whitekongsoftware.com\/ca\/wp-json\/wp\/v2\/tags?post=254112"}],"curies":[{"name":"wp","href":"https:\/\/api.w.org\/{rel}","templated":true}]}}