{"id":254068,"date":"2025-02-13T12:00:00","date_gmt":"2025-02-13T11:00:00","guid":{"rendered":"https:\/\/www.tucomarca.com\/wordpress\/segunda\/?p=254068"},"modified":"2025-02-13T18:56:20","modified_gmt":"2025-02-13T17:56:20","slug":"la-generalitat-destina-tres-milions-deuros-a-reparar-les-installacions-de-la-depuradora-dutiel-danyades-per-les-inundacions","status":"publish","type":"post","link":"https:\/\/tucomarca.whitekongsoftware.com\/ca\/la-generalitat-destina-tres-milions-deuros-a-reparar-les-installacions-de-la-depuradora-dutiel-danyades-per-les-inundacions\/","title":{"rendered":"La Generalitat destina tres milions d\u2019euros a reparar les instal\u00b7lacions de la depuradora d\u2019Utiel danyades per les inundacions"},"content":{"rendered":"\n<h3 class=\"wp-block-heading\">Mart\u00ednez Mus ha visitat Utiel per a con\u00e9ixer les obres d\u2019emerg\u00e8ncia que assumix la Generalitat per a la reconstrucci\u00f3 d\u2019infraestructures locals. <\/h3>\n\n\n\n<h3 class=\"wp-block-heading\">A m\u00e9s de la depuradora, la Generalitat intervindr\u00e0 en ponts i passarel\u00b7les sobre el riu Magre que van patir desperfectes greus.<\/h3>\n\n\n\n<p class=\"wp-block-paragraph\">La Conselleria de Medi Ambient, Infraestructures i Territori ha posat en marxa un pla de xoc amb diferents obres d\u2019emerg\u00e8ncia a Utiel com a resposta a les inundacions del passat mes d\u2019octubre que van afectar algunes de les infraestructures locals, especialment la depuradora del municipi, per a la recuperaci\u00f3 de les quals la Generalitat ha destinat tres milions d\u2019euros.<\/p>\n\n\n\n<p class=\"wp-block-paragraph\">Estes accions, que inclouen els treballs de reparaci\u00f3 de la depuradora ja iniciats i la futura reconstrucci\u00f3 de diversos ponts i passarel\u00b7les sobre el riu Magre, \u201cs\u00f3n un exemple clar del comprom\u00eds del Consell amb Utiel i els seus ve\u00efns, a fi d\u2019assegurar que compten, com m\u00e9s prompte millor, amb les infraestructures que els permeten restablir la normalitat\u201d, ha assegurat el conseller de Medi Ambient, Infraestructures i Territori, Vicente Mart\u00ednez Mus.<\/p>\n\n\n\n<p class=\"wp-block-paragraph\">Mart\u00ednez Mus s\u2019ha traslladat este dijous a Utiel, a on s\u2019ha reunit amb el seu alcalde, Ricardo Gabald\u00f3n, i ha visitat tant l\u2019estaci\u00f3 depuradora d\u2019aig\u00fces residuals (EDAR) com les infraestructures locals danyades per la riuada per a con\u00e9ixer de primera m\u00e0 els danys ocasionats i l\u2019estat de les obres que s\u2019estan executant.<\/p>\n\n\n\n<p class=\"wp-block-paragraph\">Segons ha explicat el conseller, pel que fa a la reparaci\u00f3 de l\u2019EDAR d\u2019Utiel, s\u2019estan fent labors de reparaci\u00f3 en les oficines, les instal\u00b7lacions el\u00e8ctriques i d\u2019aigua potable, aix\u00ed com en dos col\u00b7lectors i el centre de bombament.<\/p>\n\n\n\n<p class=\"wp-block-paragraph\">Mart\u00ednez Mus ha destacat que \u201cl\u2019Entitat P\u00fablica de Sanejament d\u2019Aig\u00fces Residuals de la Comunitat Valenciana (EPSAR) va tindre una resposta immediata en l\u2019EDAR d\u2019Utiel i en temps r\u00e8cord va comen\u00e7ar unes obres fonamentals per a retornar el sistema a la normalitat\u201d.<\/p>\n\n\n\n<p class=\"wp-block-paragraph\">\u00c9s important recordar que les pluges del passat octubre van provocar danys en 123 depuradores gestionades per l\u2019EPSAR. Per a fer front a esta situaci\u00f3, la Generalitat preveu, dins del pla \u2018Recuperem Val\u00e8ncia\u2019, una partida de 100 milions d\u2019euros per a la recuperaci\u00f3 de depuradores i infraestructures h\u00eddriques afectades. Fins a la data, el Ple del Consell ha validat contractes d\u2019emerg\u00e8ncia per un valor de 54,6 milions d\u2019euros que ja s\u2019estan executant.<\/p>\n\n\n\n<p class=\"wp-block-paragraph\">A m\u00e9s de les reparacions en la depuradora d\u2019Utiel, Mart\u00ednez Mus ha subratllat que la Generalitat tamb\u00e9 assumir\u00e0 la reconstrucci\u00f3 de diverses infraestructures locals en l\u2019entorn del riu Magre, que, al seu ju\u00ed, \u201cs\u00f3n molt necess\u00e0ries per a recuperar la mobilitat i la connectivitat d\u2019Utiel amb el seu entorn\u201d.<\/p>\n\n\n\n<p class=\"wp-block-paragraph\">L\u2019Ajuntament d\u2019Utiel sol\u00b7licitar\u00e0 a la Generalitat la cessi\u00f3 de compet\u00e8ncies per a poder escometre, com m\u00e9s prompte millor, els treballs d\u2019emerg\u00e8ncia en les diferents infraestructures afectades.<\/p>\n\n\n\n<p class=\"wp-block-paragraph\">Finalment, l\u2019alcalde d\u2019Utiel, Ricardo Gabald\u00f3n, ha destacat \u201cla import\u00e0ncia de la labor de la Generalitat en la reconstrucci\u00f3, aix\u00ed com la col\u00b7laboraci\u00f3 constant amb la Conselleria per a dur a terme les actuacions necess\u00e0ries en la localitat d\u2019Utiel\u201d.<\/p>\n\n\n\n<figure class=\"wp-block-image size-large\"><img loading=\"lazy\" decoding=\"async\" width=\"1024\" height=\"576\" src=\"http:\/\/www.tucomarca.com\/wordpress\/segunda\/wp-content\/uploads\/2025\/02\/UtielDepuradora-1024x576.jpeg\" alt=\"\" class=\"wp-image-254063\" srcset=\"https:\/\/tucomarca.whitekongsoftware.com\/wp-content\/uploads\/2025\/02\/UtielDepuradora-1024x576.jpeg 1024w, https:\/\/tucomarca.whitekongsoftware.com\/wp-content\/uploads\/2025\/02\/UtielDepuradora-300x169.jpeg 300w, https:\/\/tucomarca.whitekongsoftware.com\/wp-content\/uploads\/2025\/02\/UtielDepuradora-768x432.jpeg 768w, https:\/\/tucomarca.whitekongsoftware.com\/wp-content\/uploads\/2025\/02\/UtielDepuradora-1536x864.jpeg 1536w, https:\/\/tucomarca.whitekongsoftware.com\/wp-content\/uploads\/2025\/02\/UtielDepuradora-2048x1152.jpeg 2048w, https:\/\/tucomarca.whitekongsoftware.com\/wp-content\/uploads\/2025\/02\/UtielDepuradora-678x381.jpeg 678w\" sizes=\"auto, (max-width: 1024px) 100vw, 1024px\" \/><\/figure>\n","protected":false},"excerpt":{"rendered":"<div class=\"mh-excerpt\">Mart\u00ednez Mus ha visitat Utiel per a con\u00e9ixer les obres d\u2019emerg\u00e8ncia que assumix la Generalitat per a la reconstrucci\u00f3 d\u2019infraestructures locals. A m\u00e9s de la depuradora, la Generalitat intervindr\u00e0 en ponts i passarel\u00b7les sobre el <a class=\"mh-excerpt-more\" href=\"https:\/\/tucomarca.whitekongsoftware.com\/ca\/la-generalitat-destina-tres-milions-deuros-a-reparar-les-installacions-de-la-depuradora-dutiel-danyades-per-les-inundacions\/\" title=\"La Generalitat destina tres milions d\u2019euros a reparar les instal\u00b7lacions de la depuradora d\u2019Utiel danyades per les inundacions\">[+] <\/a><\/div>\n","protected":false},"author":1,"featured_media":254066,"comment_status":"open","ping_status":"open","sticky":false,"template":"","format":"standard","meta":{"footnotes":""},"categories":[10898,10948,10894,10904,10903,10947,10909,10896,10897,11059],"tags":[19792,10910],"class_list":["post-254068","post","type-post","status-publish","format-standard","has-post-thumbnail","category-ventana-ca","category-infraestructuras-ca","category-la-comarca-ca","category-sin-categorizar-ca","category-medio-ambiente-la-comarca-ca","category-politica","category-requena-utiel-ca","category-seccion-ca","category-sucesos-la-comarca-ca","category-utiel-ca","tag-conselleria-de-medio-ambiente-ca","tag-requena-utiel-ca"],"_links":{"self":[{"href":"https:\/\/tucomarca.whitekongsoftware.com\/ca\/wp-json\/wp\/v2\/posts\/254068","targetHints":{"allow":["GET"]}}],"collection":[{"href":"https:\/\/tucomarca.whitekongsoftware.com\/ca\/wp-json\/wp\/v2\/posts"}],"about":[{"href":"https:\/\/tucomarca.whitekongsoftware.com\/ca\/wp-json\/wp\/v2\/types\/post"}],"author":[{"embeddable":true,"href":"https:\/\/tucomarca.whitekongsoftware.com\/ca\/wp-json\/wp\/v2\/users\/1"}],"replies":[{"embeddable":true,"href":"https:\/\/tucomarca.whitekongsoftware.com\/ca\/wp-json\/wp\/v2\/comments?post=254068"}],"version-history":[{"count":0,"href":"https:\/\/tucomarca.whitekongsoftware.com\/ca\/wp-json\/wp\/v2\/posts\/254068\/revisions"}],"wp:featuredmedia":[{"embeddable":true,"href":"https:\/\/tucomarca.whitekongsoftware.com\/ca\/wp-json\/wp\/v2\/media\/254066"}],"wp:attachment":[{"href":"https:\/\/tucomarca.whitekongsoftware.com\/ca\/wp-json\/wp\/v2\/media?parent=254068"}],"wp:term":[{"taxonomy":"category","embeddable":true,"href":"https:\/\/tucomarca.whitekongsoftware.com\/ca\/wp-json\/wp\/v2\/categories?post=254068"},{"taxonomy":"post_tag","embeddable":true,"href":"https:\/\/tucomarca.whitekongsoftware.com\/ca\/wp-json\/wp\/v2\/tags?post=254068"}],"curies":[{"name":"wp","href":"https:\/\/api.w.org\/{rel}","templated":true}]}}