{"id":253912,"date":"2025-02-12T09:00:00","date_gmt":"2025-02-12T08:00:00","guid":{"rendered":"https:\/\/www.tucomarca.com\/wordpress\/segunda\/?p=253912"},"modified":"2025-02-12T18:35:33","modified_gmt":"2025-02-12T17:35:33","slug":"el-ivc-porta-al-teatre-rialto-de-valencia-lobra-de-victor-sanchez-cuatro-dias-cuatro-noches-que-dialoga-amb-tres-hermanas-de-chejov","status":"publish","type":"post","link":"https:\/\/tucomarca.whitekongsoftware.com\/ca\/el-ivc-porta-al-teatre-rialto-de-valencia-lobra-de-victor-sanchez-cuatro-dias-cuatro-noches-que-dialoga-amb-tres-hermanas-de-chejov\/","title":{"rendered":"El IVC porta al Teatre Rialto de Val\u00e8ncia l&#8217;obra de V\u00edctor S\u00e1nchez \u2018Cuatro d\u00edas, cuatro noches\u2019, que dialoga amb \u2018Tres hermanas\u2019 de Ch\u00e9jov"},"content":{"rendered":"\n<h3 class=\"wp-block-heading\">Toni Agust\u00ed, Lara Salvador, Gloria March i Cristina Fern\u00e1ndez Pintado\u00a0interpreten l&#8217;obra de la companyia La Portu\u00e0ria.<\/h3>\n\n\n\n<h3 class=\"wp-block-heading\">Es podr\u00e0 veure del 13 al 17 de febrer.<\/h3>\n\n\n\n<p class=\"wp-block-paragraph\">El Institut Valenci\u00e0 de Cultura dependent de la conselleria d&#8217;Educaci\u00f3, Cultura, Universitats i Ocupaci\u00f3, porta al Teatre Rialto de Val\u00e8ncia l&#8217;obra \u2018Cuatro d\u00edas, cuatro noches\u2019 de la companyia valenciana La Portu\u00e0ria; un text escrit i dirigit per V\u00edctor S\u00e1nchez, que dialoga amb l&#8217;obra \u2018Tres hermanas\u2019 de Ch\u00e9jov.<\/p>\n\n\n\n<p class=\"wp-block-paragraph\">L&#8217;obra, interpretada per Toni Agust\u00ed, Lara Salvador, Gloria March, Cristina Fern\u00e1ndez Pintado, es podr\u00e0 veure del 13 al 17 de febrer.<\/p>\n\n\n\n<p class=\"wp-block-paragraph\">\u2018Cuatro d\u00edas, cuatro noches\u2019 (Valpara\u00edso) \u00e9s una obra que parteix de les \u2018Tres hermanas\u2019. No \u00e9s versi\u00f3 ni una adaptaci\u00f3, sin\u00f3 que naix a partir de l&#8217;univers i els personatges de l&#8217;obra de Ch\u00e9jov. El Moscou d&#8217;Irina ac\u00ed esdev\u00e9 en el Valpara\u00edso de Toni, la ciutat que el seu pare va visitar en vida i de la qual no deixava de parlar fins a portar als seus fills a la fascinaci\u00f3 i al cansament.<\/p>\n\n\n\n<p class=\"wp-block-paragraph\">En \u2018Cuatro d\u00edas, cuatro noches\u2019, V\u00edctor S\u00e1nchez, guanyador del premi Max a Millor autoria revelaci\u00f3 en 2016, torna a col\u00b7locar al p\u00fablic en un punt d&#8217;inflexi\u00f3 desgranant el nostre present des de la piscina de l&#8217;Hotel Valpara\u00edso.<\/p>\n\n\n\n<p class=\"wp-block-paragraph\">En el centre d&#8217;aquest text batega el dol, la p\u00e8rdua i la promesa. Tres germanes (dues dones i un home) no han pogut complir l&#8217;\u00faltima voluntat del seu pare: que viatjaren a Valpara\u00edso juntes, la ciutat que a ell li va amo\u00efnar, i que all\u00ed, brindaren per ell, ho recordaren.<\/p>\n\n\n\n<p class=\"wp-block-paragraph\">Les entrades es poden adquirir en taquilles del teatre o en la&nbsp;<a href=\"https:\/\/taquilla.ivc.gva.es\/janto\/main.php\">taquilla en l\u00ednea del IVC.<\/a><\/p>\n","protected":false},"excerpt":{"rendered":"<div class=\"mh-excerpt\">Toni Agust\u00ed, Lara Salvador, Gloria March i Cristina Fern\u00e1ndez Pintado\u00a0interpreten l&#8217;obra de la companyia La Portu\u00e0ria. Es podr\u00e0 veure del 13 al 17 de febrer. El Institut Valenci\u00e0 de Cultura dependent de la conselleria d&#8217;Educaci\u00f3, <a class=\"mh-excerpt-more\" href=\"https:\/\/tucomarca.whitekongsoftware.com\/ca\/el-ivc-porta-al-teatre-rialto-de-valencia-lobra-de-victor-sanchez-cuatro-dias-cuatro-noches-que-dialoga-amb-tres-hermanas-de-chejov\/\" title=\"El IVC porta al Teatre Rialto de Val\u00e8ncia l&#8217;obra de V\u00edctor S\u00e1nchez \u2018Cuatro d\u00edas, cuatro noches\u2019, que dialoga amb \u2018Tres hermanas\u2019 de Ch\u00e9jov\">[+] <\/a><\/div>\n","protected":false},"author":12,"featured_media":253909,"comment_status":"open","ping_status":"open","sticky":false,"template":"","format":"standard","meta":{"footnotes":""},"categories":[11019,10904,11007,10896],"tags":[11199,15856],"class_list":["post-253912","post","type-post","status-publish","format-standard","has-post-thumbnail","category-agenda-ca","category-sin-categorizar-ca","category-ocio-y-cultura-ca","category-seccion-ca","tag-la-comunitat-ca","tag-ocio-y-cultura-ca"],"_links":{"self":[{"href":"https:\/\/tucomarca.whitekongsoftware.com\/ca\/wp-json\/wp\/v2\/posts\/253912","targetHints":{"allow":["GET"]}}],"collection":[{"href":"https:\/\/tucomarca.whitekongsoftware.com\/ca\/wp-json\/wp\/v2\/posts"}],"about":[{"href":"https:\/\/tucomarca.whitekongsoftware.com\/ca\/wp-json\/wp\/v2\/types\/post"}],"author":[{"embeddable":true,"href":"https:\/\/tucomarca.whitekongsoftware.com\/ca\/wp-json\/wp\/v2\/users\/12"}],"replies":[{"embeddable":true,"href":"https:\/\/tucomarca.whitekongsoftware.com\/ca\/wp-json\/wp\/v2\/comments?post=253912"}],"version-history":[{"count":0,"href":"https:\/\/tucomarca.whitekongsoftware.com\/ca\/wp-json\/wp\/v2\/posts\/253912\/revisions"}],"wp:featuredmedia":[{"embeddable":true,"href":"https:\/\/tucomarca.whitekongsoftware.com\/ca\/wp-json\/wp\/v2\/media\/253909"}],"wp:attachment":[{"href":"https:\/\/tucomarca.whitekongsoftware.com\/ca\/wp-json\/wp\/v2\/media?parent=253912"}],"wp:term":[{"taxonomy":"category","embeddable":true,"href":"https:\/\/tucomarca.whitekongsoftware.com\/ca\/wp-json\/wp\/v2\/categories?post=253912"},{"taxonomy":"post_tag","embeddable":true,"href":"https:\/\/tucomarca.whitekongsoftware.com\/ca\/wp-json\/wp\/v2\/tags?post=253912"}],"curies":[{"name":"wp","href":"https:\/\/api.w.org\/{rel}","templated":true}]}}