{"id":253876,"date":"2025-02-12T08:00:00","date_gmt":"2025-02-12T07:00:00","guid":{"rendered":"https:\/\/www.tucomarca.com\/wordpress\/segunda\/?p=253876"},"modified":"2025-02-12T20:41:37","modified_gmt":"2025-02-12T19:41:37","slug":"riba-roja-de-turia-aprova-una-mocio-contra-la-llei-educativa-del-pp-a-la-qual-considera-innecessaria-discriminatoria-i-recessiva","status":"publish","type":"post","link":"https:\/\/tucomarca.whitekongsoftware.com\/ca\/riba-roja-de-turia-aprova-una-mocio-contra-la-llei-educativa-del-pp-a-la-qual-considera-innecessaria-discriminatoria-i-recessiva\/","title":{"rendered":"Riba-roja de T\u00faria aprova una moci\u00f3 contra la llei educativa del PP a la qual considera \u201cinnecess\u00e0ria, discriminat\u00f2ria i recessiva\u201d"},"content":{"rendered":"\n<h3 class=\"wp-block-heading\">El plenari secunda una proposta signada pel PSPV, Comprom\u00eds i Esquerra Unida-Podem &#8220;contra la regressi\u00f3 ling\u00fc\u00edstica de la Generalitat&#8221;.\u00a0<\/h3>\n\n\n\n<p class=\"wp-block-paragraph\">El plenari de l&#8217;Ajuntament de Riba-roja de T\u00faria ha aprovat una moci\u00f3 conjunta redactada pels grups municipals del PSPV, Comprom\u00eds i Esquerra Unida-Podem contra la llei de la Generalitat Valenciana sobre \u201cllibertat educativa\u201d en considerar que es tracta una iniciativa \u201cinnecess\u00e0ria, discriminat\u00f2ria i recessiva impulsada per q\u00fcestions educatives del Partit Popular en menysprear, clarament, els criteris cient\u00edfics i pedag\u00f2gics d&#8217;acad\u00e8mics i professionals del sector de l&#8217;educaci\u00f3\u201d. La iniciativa ha tirat avant amb els vots del PSPV, Comprom\u00eds i Esquerra Unida-Podem i el vot en contra del Partit Popular i Vox.&nbsp;<\/p>\n\n\n\n<p class=\"wp-block-paragraph\">Els tres partits signants subratllen que, actualment, \u201cl&#8217;educaci\u00f3 p\u00fablica de la Comunitat Valenciana est\u00e0 patint un atac constant, mentre el conseller Rovira parla de la necessitat de dignificar l&#8217;educaci\u00f3, garantir la igualtat d&#8217;oportunitats, les accions del seu govern van en la direcci\u00f3 contr\u00e0ria. Aix\u00ed ho demostren les retallades d&#8217;unitats i de professorat, al costat de la imminent destrucci\u00f3 del programa pluriling\u00fce, posant en risc la qualitat del sistema educatiu\u201d.&nbsp;<\/p>\n\n\n\n<p class=\"wp-block-paragraph\">El PSPV, Comprom\u00eds i Esquerra Unida-Podem recorden que, l&#8217;any 1983, la Llei d\u2019\u00fas i ensenyament del valenci\u00e0 ha anat avan\u00e7ant lentament tant en la recuperaci\u00f3 de la llengua pr\u00f2pia com a salvar les dificultats socioling\u00fc\u00edstiques per a mantindre-la viva. Con\u00e9ixer i utilitzar les dos lleng\u00fces oficials en tots els municipis de la Comunitat era un dret que s&#8217;anava fent realitat. No obstant aix\u00f2, el futur del valenci\u00e0 a Riba-roja de T\u00faria \u00e9s \u201cimpredictible per q\u00fcestions pol\u00edtiques que posen el focus en la mal anomenada llibertat educativa, una llibertat que menysprea els criteris cient\u00edfics i pedag\u00f2gics acad\u00e8mics i professionals de l&#8217;educaci\u00f3\u201d.&nbsp;<\/p>\n\n\n\n<p class=\"wp-block-paragraph\">El text aprovat pel ple de Riba-roja de T\u00faria afig que la citada llei \u201cno at\u00e9n les recomanacions de la comunitat cient\u00edfica, en el qual l&#8217;\u00fas vehicular de la llengua minoritzada ha de ser majoritari i en cap cas ha de baixar del 50% per a corregir el biling\u00fcisme social asim\u00e8tric. La seua aplicaci\u00f3 genera un efecte segregador en els centres educatius, amb alumnat separat segons la llengua vehicular triada en detriment de la conviv\u00e8ncia i els projectes inclusius del centre\u201d.&nbsp;<\/p>\n\n\n\n<p class=\"wp-block-paragraph\">La moci\u00f3 considera, a m\u00e9s, que la llei \u201caccentua el conflicte ling\u00fc\u00edstic, situa el debat en l&#8217;elecci\u00f3 entre valenci\u00e0 i castell\u00e0 en lloc de situar-ho en l&#8217;\u00e0mbit de la pedagogia, en l&#8217;elecci\u00f3 de programes integrals com l&#8217;actual que ja permeten una compet\u00e8ncia equilibrada en les lleng\u00fces oficials. A m\u00e9s, no garanteix que es fa\u00e7a efectiva en la llibertat d&#8217;elecci\u00f3 perqu\u00e8 no es podr\u00e0 establir un model ling\u00fc\u00edstic de centre fins que concloga el proc\u00e9s de consulta\/admissi\u00f3 i tampoc at\u00e9n la diversitat de models de fam\u00edlia i context social de cada centre educatiu\u201d.&nbsp;<\/p>\n\n\n\n<p class=\"wp-block-paragraph\">Altres raons contra el citat text jur\u00eddic se centren en l&#8217;abs\u00e8ncia d&#8217;un qu\u00f2rum m\u00ednim de participaci\u00f3 en la consulta perqu\u00e8 es considere v\u00e0lid, el nombre d&#8217;unitats en cada llengua base es determina independentment del nivell de participaci\u00f3 de les fam\u00edlies, assignant l&#8217;administraci\u00f3 la resta de l&#8217;alumnat que no haja participat en la votaci\u00f3, a m\u00e9s, la llibertat educativa al\u00b7ludeix a la responsabilitat de l&#8217;administraci\u00f3 de garantir un coneixement equilibrat de les dos lleng\u00fces oficials i tant en els processos selectius com en l&#8217;adquisici\u00f3 de t\u00edtols de valenci\u00e0, el requisit es veur\u00e0 dr\u00e0sticament redu\u00eft\u201d.&nbsp;<\/p>\n\n\n\n<p class=\"wp-block-paragraph\">Finalment, la llei vulnera la carta europea de lleng\u00fces regionals o minorit\u00e0ries, en la qual compromet a l&#8217;Estat a defendre moltes de les pol\u00edtiques en suport del valenci\u00e0 i que obliga els tribunals espanyols a tindre en compte els seus principis del marc europeu a l&#8217;hora d&#8217;interpretar la normativa ling\u00fc\u00edstica aplicable al valenci\u00e0.&nbsp;<\/p>\n\n\n\n<p class=\"wp-block-paragraph\">La regidora d&#8217;Educaci\u00f3 de Riba-roja de T\u00faria, Eva Lara, ha lamentat que el Partit Popular \u201cnom\u00e9s t\u00e9 una preocupaci\u00f3 quan aconsegueix el poder i que no \u00e9s una altra que atacar a les nostres senyes d&#8217;identitat, en este cas un patrimoni tan important com la nostra llengua, i m\u00e9s tenint en compte l&#8217;acceptaci\u00f3 existent en el m\u00f3n educatiu sobre la pol\u00edtica ling\u00fc\u00edstica que gaudim hui, que s&#8217;ha mostrat \u00e0mpliament satisfact\u00f2ria\u201d.<\/p>\n","protected":false},"excerpt":{"rendered":"<div class=\"mh-excerpt\">El plenari secunda una proposta signada pel PSPV, Comprom\u00eds i Esquerra Unida-Podem &#8220;contra la regressi\u00f3 ling\u00fc\u00edstica de la Generalitat&#8221;.\u00a0 El plenari de l&#8217;Ajuntament de Riba-roja de T\u00faria ha aprovat una moci\u00f3 conjunta redactada pels grups <a class=\"mh-excerpt-more\" href=\"https:\/\/tucomarca.whitekongsoftware.com\/ca\/riba-roja-de-turia-aprova-una-mocio-contra-la-llei-educativa-del-pp-a-la-qual-considera-innecessaria-discriminatoria-i-recessiva\/\" title=\"Riba-roja de T\u00faria aprova una moci\u00f3 contra la llei educativa del PP a la qual considera \u201cinnecess\u00e0ria, discriminat\u00f2ria i recessiva\u201d\">[+] <\/a><\/div>\n","protected":false},"author":12,"featured_media":247394,"comment_status":"open","ping_status":"open","sticky":false,"template":"","format":"standard","meta":{"footnotes":""},"categories":[10892,10894,10947,10906,10896],"tags":[10899,11140,11102],"class_list":["post-253876","post","type-post","status-publish","format-standard","has-post-thumbnail","category-camp-de-turia-ca","category-la-comarca-ca","category-politica","category-riba-roja-ca","category-seccion-ca","tag-camp-de-turia-ca","tag-politica-ca","tag-riba-roja-2-ca"],"_links":{"self":[{"href":"https:\/\/tucomarca.whitekongsoftware.com\/ca\/wp-json\/wp\/v2\/posts\/253876","targetHints":{"allow":["GET"]}}],"collection":[{"href":"https:\/\/tucomarca.whitekongsoftware.com\/ca\/wp-json\/wp\/v2\/posts"}],"about":[{"href":"https:\/\/tucomarca.whitekongsoftware.com\/ca\/wp-json\/wp\/v2\/types\/post"}],"author":[{"embeddable":true,"href":"https:\/\/tucomarca.whitekongsoftware.com\/ca\/wp-json\/wp\/v2\/users\/12"}],"replies":[{"embeddable":true,"href":"https:\/\/tucomarca.whitekongsoftware.com\/ca\/wp-json\/wp\/v2\/comments?post=253876"}],"version-history":[{"count":0,"href":"https:\/\/tucomarca.whitekongsoftware.com\/ca\/wp-json\/wp\/v2\/posts\/253876\/revisions"}],"wp:featuredmedia":[{"embeddable":true,"href":"https:\/\/tucomarca.whitekongsoftware.com\/ca\/wp-json\/wp\/v2\/media\/247394"}],"wp:attachment":[{"href":"https:\/\/tucomarca.whitekongsoftware.com\/ca\/wp-json\/wp\/v2\/media?parent=253876"}],"wp:term":[{"taxonomy":"category","embeddable":true,"href":"https:\/\/tucomarca.whitekongsoftware.com\/ca\/wp-json\/wp\/v2\/categories?post=253876"},{"taxonomy":"post_tag","embeddable":true,"href":"https:\/\/tucomarca.whitekongsoftware.com\/ca\/wp-json\/wp\/v2\/tags?post=253876"}],"curies":[{"name":"wp","href":"https:\/\/api.w.org\/{rel}","templated":true}]}}