{"id":253866,"date":"2025-02-12T09:30:00","date_gmt":"2025-02-12T08:30:00","guid":{"rendered":"https:\/\/www.tucomarca.com\/wordpress\/segunda\/?p=253866"},"modified":"2025-02-12T18:32:21","modified_gmt":"2025-02-12T17:32:21","slug":"mompo-insta-els-28-municipis-exclosos-de-les-ajudes-posdana-del-govern-a-fer-un-front-comu","status":"publish","type":"post","link":"https:\/\/tucomarca.whitekongsoftware.com\/ca\/mompo-insta-els-28-municipis-exclosos-de-les-ajudes-posdana-del-govern-a-fer-un-front-comu\/","title":{"rendered":"Momp\u00f3 insta els 28 municipis exclosos de les ajudes posdana del Govern a fer un front com\u00fa"},"content":{"rendered":"\n<h3 class=\"wp-block-heading\">El PP presentar\u00e0 mocions en tots els municipis per a instar l&#8217;Executiu central a incloure a tots els municipis afectats en el decret d&#8217;ajudes.<\/h3>\n\n\n\n<h3 class=\"wp-block-heading\">El l\u00edder provincial del PP adverteix que \u201cexigir el que correspon a cada poble no t\u00e9 color pol\u00edtic; es tracta d&#8217;al\u00e7ar la prov\u00edncia sense discriminacions\u201d.<\/h3>\n\n\n\n<p class=\"wp-block-paragraph\">El president del PP de la prov\u00edncia de Val\u00e8ncia, Vicent Momp\u00f3, ha reiterat \u201cla necessitat\u201d que el Govern incloga en el Reial decret llei 6\/2024 als 28 municipis que s\u00ed han sigut afectats per la dana, per\u00f2 que segueixen exclosos d&#8217;aquest llistat i per tant de les ajudes de l&#8217;Executiu.&nbsp;<\/p>\n\n\n\n<p class=\"wp-block-paragraph\">\u201cTots els municipis danyats per la riuada han de tindre els mateixos drets, la reconstrucci\u00f3 de la prov\u00edncia ha de fer-se garantint la igualtat d&#8217;oportunitats per a tots els pobles; el contrari, \u00e9s discriminar part de la poblaci\u00f3\u201d, ha advertit Momp\u00f3, qui ha exigit al Govern \u201cuna rectificaci\u00f3 urgent\u201d.&nbsp;<\/p>\n\n\n\n<p class=\"wp-block-paragraph\">El l\u00edder provincial del PP, qui ha comprovat in situ els danys en alguns d&#8217;aquests municipis, ha assegurat que \u201caquests pobles tenen una necessitat real ocasionada per la riuada\u201d. De fet, ha recordat, \u201cla Generalitat i la Diputaci\u00f3 s\u00ed que els est\u00e0 tenint en compte en totes les decisions referents a ajudes que s&#8217;han anat prenent\u201d.&nbsp;<\/p>\n\n\n\n<p class=\"wp-block-paragraph\">En aquest sentit, ha instat a tots els municipis exclosos a \u201cal\u00e7ar la veu perqu\u00e8 ens escolten a Madrid, exigir el que correspon a cada poble no t\u00e9 color pol\u00edtic; es tracta d&#8217;al\u00e7ar la prov\u00edncia sense discriminacions\u201d. \u201cTots a l&#8217;una som m\u00e9s forts i m\u00e9s visibles, si el Govern recapacita i rectifica, guanyar\u00e0 la ciutadania d&#8217;aquests 28 municipis, i amb ells, tota la prov\u00edncia\u201d, ha esgrimit. Per aix\u00f2, el PP presentar\u00e0 mocions en tots els municipis perqu\u00e8 els ajuntaments insten el Govern a incloure en el llistat als municipis afectats que s&#8217;han quedat fora.&nbsp;<\/p>\n\n\n\n<p class=\"wp-block-paragraph\">Els municipis exclosos del Reial decret llei 6\/2024 s\u00f3n Alberic, Barxeta, Benaguasil, Benimodo, Carcaixent, Castell\u00f3, Castielfabib, Xulilla, l&#8217;\u00c9nova, Manuel, Millars, La Pobla Llarga, Rafelguaraf, Senyera, Tous, Aras de los Olmos, Benaixeve, Benimuslem, Casinos, Xelva, Gavarda, la Llosa del Bisbe, Massalav\u00e9s, Sant Joanet, Titaig\u00fces, Toixa, el Villar i Xeraco.<\/p>\n","protected":false},"excerpt":{"rendered":"<div class=\"mh-excerpt\">El PP presentar\u00e0 mocions en tots els municipis per a instar l&#8217;Executiu central a incloure a tots els municipis afectats en el decret d&#8217;ajudes. El l\u00edder provincial del PP adverteix que \u201cexigir el que correspon <a class=\"mh-excerpt-more\" href=\"https:\/\/tucomarca.whitekongsoftware.com\/ca\/mompo-insta-els-28-municipis-exclosos-de-les-ajudes-posdana-del-govern-a-fer-un-front-comu\/\" title=\"Momp\u00f3 insta els 28 municipis exclosos de les ajudes posdana del Govern a fer un front com\u00fa\">[+] <\/a><\/div>\n","protected":false},"author":12,"featured_media":253864,"comment_status":"open","ping_status":"open","sticky":false,"template":"","format":"standard","meta":{"footnotes":""},"categories":[10890,11042,11041,10952,10988,10989,10892,10930,10925,11039,11036,11046,10898,10993,10948,10996,10894,10904,10942,10902,11024,10998,10999,10903,10947,11002,10896,10897,11027,11048,11028,11029],"tags":[11097,11201,11198,16758,15522,10899,13925,17521,11083,11084,21046,21147,10945,11077,11080,13042,18862,12794,11140,15430,12925,13756,11173,11119],"class_list":["post-253866","post","type-post","status-publish","format-standard","has-post-thumbnail","category-ademus","category-aras-de-olmos-ca","category-benageber-ca","category-benaguasil-ca","category-benimodo-ca","category-benimuslem-ca","category-camp-de-turia-ca","category-casinos-ca","category-castielfabib-ca","category-chelva-ca","category-chulilla-ca","category-los-serranos-ca","category-ventana-ca","category-gavarda-ca","category-infraestructuras-ca","category-lenova-ca","category-la-comarca-ca","category-sin-categorizar-ca","category-la-pobla-llarga-ca","category-la-ribera-ca","category-losa-del-obispo-ca","category-manuel-ca","category-masalaves-ca","category-medio-ambiente-la-comarca-ca","category-politica","category-rafelguaraf-ca","category-seccion-ca","category-sucesos-la-comarca-ca","category-titaguas-ca","category-tous-ca","category-tuejar-ca","category-villar-del-arzobispo-ca","tag-ademuz-ca","tag-aras-de-olmos-ca","tag-benageber-ca","tag-benimodo-2-ca","tag-benimuslem-ca","tag-camp-de-turia-ca","tag-casinos-ca","tag-castielfabib-ca","tag-chelva-ca","tag-chulilla-ca","tag-gavarda-ca","tag-lenova-ca","tag-la-pobla-llarga-ca","tag-la-ribera-alta-ca","tag-los-serranos-ca","tag-losa-del-obispo-ca","tag-manuel-ca","tag-masalaves-ca","tag-politica-ca","tag-rafelguaraf-ca","tag-titaguas-ca","tag-tous-ca","tag-tuejar-ca","tag-villar-del-arzobispo-ca"],"_links":{"self":[{"href":"https:\/\/tucomarca.whitekongsoftware.com\/ca\/wp-json\/wp\/v2\/posts\/253866","targetHints":{"allow":["GET"]}}],"collection":[{"href":"https:\/\/tucomarca.whitekongsoftware.com\/ca\/wp-json\/wp\/v2\/posts"}],"about":[{"href":"https:\/\/tucomarca.whitekongsoftware.com\/ca\/wp-json\/wp\/v2\/types\/post"}],"author":[{"embeddable":true,"href":"https:\/\/tucomarca.whitekongsoftware.com\/ca\/wp-json\/wp\/v2\/users\/12"}],"replies":[{"embeddable":true,"href":"https:\/\/tucomarca.whitekongsoftware.com\/ca\/wp-json\/wp\/v2\/comments?post=253866"}],"version-history":[{"count":0,"href":"https:\/\/tucomarca.whitekongsoftware.com\/ca\/wp-json\/wp\/v2\/posts\/253866\/revisions"}],"wp:featuredmedia":[{"embeddable":true,"href":"https:\/\/tucomarca.whitekongsoftware.com\/ca\/wp-json\/wp\/v2\/media\/253864"}],"wp:attachment":[{"href":"https:\/\/tucomarca.whitekongsoftware.com\/ca\/wp-json\/wp\/v2\/media?parent=253866"}],"wp:term":[{"taxonomy":"category","embeddable":true,"href":"https:\/\/tucomarca.whitekongsoftware.com\/ca\/wp-json\/wp\/v2\/categories?post=253866"},{"taxonomy":"post_tag","embeddable":true,"href":"https:\/\/tucomarca.whitekongsoftware.com\/ca\/wp-json\/wp\/v2\/tags?post=253866"}],"curies":[{"name":"wp","href":"https:\/\/api.w.org\/{rel}","templated":true}]}}