{"id":253829,"date":"2025-02-11T09:10:00","date_gmt":"2025-02-11T08:10:00","guid":{"rendered":"https:\/\/www.tucomarca.com\/wordpress\/segunda\/?p=253829"},"modified":"2025-02-11T20:38:54","modified_gmt":"2025-02-11T19:38:54","slug":"el-ivc-i-els-arts-collaboren-per-a-estrenar-prometeu-de-asun-noales-durant-la-celebracio-del-festival-dansa-valencia-2025","status":"publish","type":"post","link":"https:\/\/tucomarca.whitekongsoftware.com\/ca\/el-ivc-i-els-arts-collaboren-per-a-estrenar-prometeu-de-asun-noales-durant-la-celebracio-del-festival-dansa-valencia-2025\/","title":{"rendered":"El IVC i Els Arts col\u00b7laboren per a estrenar \u2018Prometeu\u2019, de Asun Noales, durant la celebraci\u00f3 del festival Dansa Val\u00e8ncia 2025"},"content":{"rendered":"\n<h3 class=\"wp-block-heading\">La coproducci\u00f3 es planteja com una instal\u00b7laci\u00f3 escult\u00f2rica amb fang, pl\u00e0stic, vapor, fum, llum, pols i metall s\u00f3lidoEl projecte beu d&#8217;\u00c8squil, la mitologia n\u00f2rdica, la B\u00edblia i el Frankenstein de Mary Shelley.<\/h3>\n\n\n\n<p class=\"wp-block-paragraph\">Dansa Val\u00e8ncia, el festival de dansa i arts del moviment de la Comunitat Valenciana que organitza la Conselleria d&#8217;Educaci\u00f3, Cultura, Universitats i Ocupaci\u00f3 a trav\u00e9s del Institut Valenci\u00e0 de Cultura, estrenar\u00e0 en el Teatre Mart\u00edn i Soler l&#8217;espectacle de la core\u00f2grafa il\u00b7licitana Asun Noales \u2018Prometeu\u2019, una coproducci\u00f3 del Palau de les Arts Reina Sofia i Auditori de Tenerife.<\/p>\n\n\n\n<p class=\"wp-block-paragraph\">La posada de llarg d&#8217;aquesta nova proposta de la directora de la companyia OtraDanza, Premi Max 2021 i diverses vegades Premi Arts Esc\u00e8niques Valencianes, tindr\u00e0 lloc el 10 d&#8217;abril, amb altres dues representacions els dies 11 i 12 d&#8217;abril, en el context de Dansa Val\u00e8ncia 2025.<\/p>\n\n\n\n<p class=\"wp-block-paragraph\">La directora de Dansa Val\u00e8ncia, Mar\u00eda Jos\u00e9 Mora, ha destacat que aquesta coproducci\u00f3 \u201cpermet unir forces entre dues grans institucions culturals per a oferir m\u00e9s recursos i major projecci\u00f3 a les companyies del nostre territori\u201d.<\/p>\n\n\n\n<p class=\"wp-block-paragraph\">En aquest sentit, ha assenyalat que, &nbsp;a trav\u00e9s d&#8217;aquesta iniciativa conjunta entre Dansa Val\u00e8ncia-IVC Arts Esc\u00e8niques i Els Arts \u201ctenim la possibilitat de difondre i promoure \u2018Prometeu\u2019 en f\u00f2rums professionals, ja que la seua programaci\u00f3 durant les dates en qu\u00e8 se celebra la fira professional del festival garanteix la seua visibilitat nacional i internacional\u201d.<\/p>\n\n\n\n<p class=\"wp-block-paragraph\">\u2018Prometeu\u2019 forma part de la Temporada 2024-2025 dels Arts. En concret del cicle dedicat a la dansa dins de la programaci\u00f3 \u2018Els Arts \u00e9s Dansa\u2019, que enguany inclou cinc espectacles de diferents companyies.<\/p>\n\n\n\n<p class=\"wp-block-paragraph\">\u201cDespr\u00e9s de \u2018\u00c2tman, el comiat\u2019 de Ananda Dansa i de \u2018Titanas\u2019 de Sol Pic\u00f3, \u2018Prometeu\u2019 suposa la tercera nova producci\u00f3 de dansa que Els Arts lidera en aquesta etapa art\u00edstica, en la qual hem buscat consolidar la instituci\u00f3 com un referent cultural obert a totes les disciplines art\u00edstiques.<\/p>\n\n\n\n<p class=\"wp-block-paragraph\">Des de 2019, la dansa s&#8217;ha incorporat com a cicle propi de la temporada, amb una oferta que creix cada any i en la qual mai pot faltar la nostra aposta pel talent i el teixit de la Comunitat Valenciana\u201d, ha declarat el director art\u00edstic dels Arts, Jes\u00fas Iglesias Noriega.<\/p>\n\n\n\n<p class=\"wp-block-paragraph\">Encara que el principal referent per a aquest muntatge ha sigut l&#8217;original d&#8217;\u00c8squil, \u2018El Prometeu encadenat\u2019, en el proc\u00e9s de documentaci\u00f3 tamb\u00e9 s&#8217;han tingut en compte els diferents acostaments al mite en diferents cultures i latituds.<\/p>\n\n\n\n<p class=\"wp-block-paragraph\">Referent a aix\u00f2, la novel\u00b7la de Mary Shelley \u2018Frankenstein o el modern Prometeu\u2019 est\u00e0 molt present en l&#8217;est\u00e8tica dels objectes i els cossos. La figura de Jesucrist \u00e9s visible en les accions dram\u00e0tiques, per exemple, en la relaci\u00f3 entre Zeus i Prometeu com a pare i fill, aix\u00ed com en el paper de creador de les primeres criatures en les figures d&#8217;Ad\u00e1n i Eva.<\/p>\n\n\n\n<p class=\"wp-block-paragraph\">Per part seua, el d\u00e9u timador de la mitologia n\u00f2rdica, Locki, t\u00e9 la seua influ\u00e8ncia en la il\u00b7luminaci\u00f3, on hi ha tenebrositat, clarobscurs, transpar\u00e8ncies, llums fortes i contrastos que generen confusi\u00f3 i engany.<\/p>\n\n\n\n<p class=\"wp-block-paragraph\">Seguint una l\u00ednia argumental a l&#8217;abast del p\u00fablic, que no \u00e9s expl\u00edcitament narrativa, per\u00f2 ajuda a situar els personatges i a perdre&#8217;s en les lectures personals, la companyia vol mostrar totes aquestes refer\u00e8ncies a la nostra cultura des de la combinaci\u00f3 d&#8217;organicitat i contemporane\u00eftat en la pl\u00e0stica esc\u00e8nica.<\/p>\n\n\n\n<p class=\"wp-block-paragraph\">Asun Noales es fa c\u00e0rrec de la direcci\u00f3 i de la coreografia i assumeix la dramat\u00fargia amb Luis Crespo, qui tamb\u00e9 ha dissenyat l&#8217;espai esc\u00e8nic i l&#8217;escenografia. L&#8217;elenc est\u00e0 integrat per Rosanna Freda, Abi\u00e1n Hern\u00e1ndez, Seth Buckley, Elena Nielsen, Salvador Rocher, Giulia Finardi i Joel Mesa. Jorge Da Rocha s&#8217;ha encarregat de la composici\u00f3 musical; Olga Garc\u00eda, de la il\u00b7luminaci\u00f3; i Victoriano Sim\u00f3n, del vestuari.<\/p>\n\n\n\n<p class=\"wp-block-paragraph\"><strong>Foc, aigua, terra i vent sobre l&#8217;escenari del Mart\u00edn i Soler<\/strong><\/p>\n\n\n\n<p class=\"wp-block-paragraph\">Sobre l&#8217;escenari es veur\u00e0 a un Prometeu ficat en fang, terrissaire i creador, que inventa un m\u00f3n a imatge i semblan\u00e7a seua. Com avan\u00e7a Noales, \u201chi haur\u00e0 pres\u00e8ncia dels quatre elements per mitj\u00e0 dels seus conceptes, per\u00f2 no de manera f\u00edsica\u201d.<\/p>\n\n\n\n<p class=\"wp-block-paragraph\">El foc apareixer\u00e0 de manera metaf\u00f2rica, des de la llum i l&#8217;or; l&#8217;aigua, per mitj\u00e0 del l\u00edquid, la sang i la taca; la terra, sobre els cossos, a partir del fang, en tots els seus estats: l\u00edquid, sec, escrostonat i de nou convertit en pols; i, finalment, el vent, \u201cper mitj\u00e0 de torbs que arrossegaran veus i cendres\u201d, detalla Noales.<\/p>\n\n\n\n<p class=\"wp-block-paragraph\">Els cossos en escena, les molt diferents naturaleses dels elements i la pr\u00f2pia atmosfera s&#8217;han plantejat com una instal\u00b7laci\u00f3 escult\u00f2rica que contindr\u00e0 vida pr\u00f2pia. Fang, carn, pl\u00e0stic, vapor i fum, llum, pols i metall s\u00f2lid es conjugaran en equilibri per a crear l&#8217;univers de la pe\u00e7a.<\/p>\n\n\n\n<p class=\"wp-block-paragraph\">Asun Noales ja ha ballat i coreografiado sobre el fang, la pols i l&#8217;aigua en peces com a \u2018Ritu\u2019, \u2018Da capo\u2019 i \u2018Mater\u2019. Els ha manipulats i treballat en nombroses ocasions acumulant una experi\u00e8ncia que la impulsa a arribar m\u00e9s lluny ara, i m\u00e9s r\u00e0pid, en les seues qualitats expressives per a l&#8217;escena.<\/p>\n\n\n\n<p class=\"wp-block-paragraph\">\u201cAquesta nova aposta \u00e9s un nou cap\u00edtol i un pas m\u00e9s enll\u00e0 en un proc\u00e9s d&#8217;investigaci\u00f3 i aprenentatge que ens ha servit per a establir un vincle com a equip creatiu i un llenguatge conjunt de companyia\u201d, explica la creadora alacantina.<\/p>\n\n\n\n<p class=\"wp-block-paragraph\"><strong>Preguntes existencials i mals del nostre temps<\/strong><\/p>\n\n\n\n<p class=\"wp-block-paragraph\">L&#8217;obra respon a preguntes existencials com qu\u00e8 \u00e9s \u00e9sser hum\u00e0, qu\u00e8 ens defineix i qu\u00e8 ens diferencia de la resta de la creaci\u00f3, per\u00f2 tamb\u00e9 pot extrapolar-se a inquietuds del present, cas dels incendis, la contaminaci\u00f3 i el canvi clim\u00e0tic.<\/p>\n\n\n\n<p class=\"wp-block-paragraph\">No obstant aix\u00f2, ho fa \u201cde manera suggerida, no com una obvietat, plasmant que el que ens passa ara, com el que ens passa sempre, s\u00f3n c\u00e0stigs que van eixir de la caixa de Pandora\u201d, aclareix Noales.<\/p>\n\n\n\n<p class=\"wp-block-paragraph\">En presentar l&#8217;espectacle com una cosa crua i poc processament, es busca aconseguir un car\u00e0cter \u00e8pic i atemporal que tinga una relaci\u00f3 cont\u00ednua amb el present canviant i encaix en diferents espais esc\u00e8nics.<\/p>\n\n\n\n<p class=\"wp-block-paragraph\">Despr\u00e9s del seu pas per Dansa Val\u00e8ncia i Els Arts, \u2018Prometeu\u2019 ja t\u00e9 dates tancades en el Teatre Principal de Castell\u00f3 i a Alacant. \u201cEl nostre objectiu \u00e9s que aquestes produccions arriben al festival en la seua millor versi\u00f3 i continuen el seu recorregut amb un suport est\u00e9s en espais clau del IVC, ampliant aix\u00ed el seu abast&#8221;, ha avan\u00e7at Mar\u00eda Jos\u00e9 Mora.<\/p>\n","protected":false},"excerpt":{"rendered":"<div class=\"mh-excerpt\">La coproducci\u00f3 es planteja com una instal\u00b7laci\u00f3 escult\u00f2rica amb fang, pl\u00e0stic, vapor, fum, llum, pols i metall s\u00f3lidoEl projecte beu d&#8217;\u00c8squil, la mitologia n\u00f2rdica, la B\u00edblia i el Frankenstein de Mary Shelley. Dansa Val\u00e8ncia, el <a class=\"mh-excerpt-more\" href=\"https:\/\/tucomarca.whitekongsoftware.com\/ca\/el-ivc-i-els-arts-collaboren-per-a-estrenar-prometeu-de-asun-noales-durant-la-celebracio-del-festival-dansa-valencia-2025\/\" title=\"El IVC i Els Arts col\u00b7laboren per a estrenar \u2018Prometeu\u2019, de Asun Noales, durant la celebraci\u00f3 del festival Dansa Val\u00e8ncia 2025\">[+] <\/a><\/div>\n","protected":false},"author":12,"featured_media":253827,"comment_status":"open","ping_status":"open","sticky":false,"template":"","format":"standard","meta":{"footnotes":""},"categories":[11019,11005,10904,11007,10896],"tags":[13274,17761,11199,15856],"class_list":["post-253829","post","type-post","status-publish","format-standard","has-post-thumbnail","category-agenda-ca","category-canal-musica","category-sin-categorizar-ca","category-ocio-y-cultura-ca","category-seccion-ca","tag-institut-valencia-de-cultura-ca","tag-ivc-ca","tag-la-comunitat-ca","tag-ocio-y-cultura-ca"],"_links":{"self":[{"href":"https:\/\/tucomarca.whitekongsoftware.com\/ca\/wp-json\/wp\/v2\/posts\/253829","targetHints":{"allow":["GET"]}}],"collection":[{"href":"https:\/\/tucomarca.whitekongsoftware.com\/ca\/wp-json\/wp\/v2\/posts"}],"about":[{"href":"https:\/\/tucomarca.whitekongsoftware.com\/ca\/wp-json\/wp\/v2\/types\/post"}],"author":[{"embeddable":true,"href":"https:\/\/tucomarca.whitekongsoftware.com\/ca\/wp-json\/wp\/v2\/users\/12"}],"replies":[{"embeddable":true,"href":"https:\/\/tucomarca.whitekongsoftware.com\/ca\/wp-json\/wp\/v2\/comments?post=253829"}],"version-history":[{"count":0,"href":"https:\/\/tucomarca.whitekongsoftware.com\/ca\/wp-json\/wp\/v2\/posts\/253829\/revisions"}],"wp:featuredmedia":[{"embeddable":true,"href":"https:\/\/tucomarca.whitekongsoftware.com\/ca\/wp-json\/wp\/v2\/media\/253827"}],"wp:attachment":[{"href":"https:\/\/tucomarca.whitekongsoftware.com\/ca\/wp-json\/wp\/v2\/media?parent=253829"}],"wp:term":[{"taxonomy":"category","embeddable":true,"href":"https:\/\/tucomarca.whitekongsoftware.com\/ca\/wp-json\/wp\/v2\/categories?post=253829"},{"taxonomy":"post_tag","embeddable":true,"href":"https:\/\/tucomarca.whitekongsoftware.com\/ca\/wp-json\/wp\/v2\/tags?post=253829"}],"curies":[{"name":"wp","href":"https:\/\/api.w.org\/{rel}","templated":true}]}}