{"id":253823,"date":"2025-02-11T10:35:00","date_gmt":"2025-02-11T09:35:00","guid":{"rendered":"https:\/\/www.tucomarca.com\/wordpress\/segunda\/?p=253823"},"modified":"2025-02-11T20:43:26","modified_gmt":"2025-02-11T19:43:26","slug":"la-diputacio-de-valencia-finalitza-la-primera-fase-amb-291-garatges-nets-i-assumix-la-desinfeccio-de-53-baixos-addicionals","status":"publish","type":"post","link":"https:\/\/tucomarca.whitekongsoftware.com\/ca\/la-diputacio-de-valencia-finalitza-la-primera-fase-amb-291-garatges-nets-i-assumix-la-desinfeccio-de-53-baixos-addicionals\/","title":{"rendered":"La Diputaci\u00f3 de Val\u00e8ncia finalitza la primera fase amb 291 garatges nets i assumix la desinfecci\u00f3 de 53 baixos addicionals"},"content":{"rendered":"\n<h3 class=\"wp-block-heading\"><strong><strong>El dispositiu d&#8217;emerg\u00e8ncia que coordina la corporaci\u00f3 provincial es troba en una segona fase centrada en treballs de neteja i desinfecci\u00f3 d&#8217;empla\u00e7aments en els quals han treballat efectius de la UME i del Consorci Provincial de Bombers retirant fang i residus<\/strong><\/strong>.<\/h3>\n\n\n\n<h3 class=\"wp-block-heading\"><strong><strong>Momp\u00f3: \u201cAssumim la neteja i desinfecci\u00f3 d&#8217;altres 53 baixos addicionals; en estos moments ja estem treballant en 34 d&#8217;ells i abordarem la vintena restant durant els pr\u00f2xims dies\u201d.<\/strong><\/strong><\/h3>\n\n\n\n<p class=\"wp-block-paragraph\">El president de la Diputaci\u00f3 de Val\u00e8ncia, Vicent Momp\u00f3, ha visitat el municipi d&#8217;Alaqu\u00e0s al costat de l&#8217;alcalde, Toni Saura, on ha realitzat balan\u00e7 dels treballs de retirada de fang que coordina la instituci\u00f3 provincial. Momp\u00f3 ha manifestat que en all\u00f2 que concernix l&#8217;execuci\u00f3 del contracte d&#8217;emerg\u00e8ncies dels servicis de retirada d&#8217;aigua estancada, fang, vehicles i tot tipus de residus dels 291 garatges assignats, \u201chui dia ja podem dir que la primera fase est\u00e0 realitzada\u201d. Aix\u00ed mateix, ha apuntat que \u00fanicament queda pendent un \u00faltim soterrani a Catarroja, en el qual s&#8217;intervindr\u00e0 en els pr\u00f2xims dies.&nbsp;<\/p>\n\n\n\n<p class=\"wp-block-paragraph\">Momp\u00f3 ha anunciat que este dispositiu \u201cha entrat ara en una segona fase en la qual assumim la neteja i desinfecci\u00f3 d&#8217;altres 53 baixos addicionals, on pr\u00e8viament l&#8217;UME i els bombers han fet un labori\u00f3s treball de retirada de fang i residus\u201d. Ha subratllat tamb\u00e9 que en estos moments la corporaci\u00f3 provincial \u201cja est\u00e0 treballant en 34 d&#8217;ells i abordarem la vintena restant durant els pr\u00f2xims dies\u201d.<\/p>\n\n\n\n<p class=\"wp-block-paragraph\">\u201cLa Diputaci\u00f3 de Val\u00e8ncia -continua Momp\u00f3- ha demostrat una vegada m\u00e9s que \u00e9s una instituci\u00f3 \u00fatil, i que m\u00e9s enll\u00e0 de les discussions est\u00e8rils el que calia fer era posar-se a treballar, i aix\u00ed al final les coses ixen\u201d.&nbsp;<\/p>\n\n\n\n<p class=\"wp-block-paragraph\">L&#8217;alcalde d&#8217;Alaqu\u00e0s, Toni Saura, ha aprofitat la visita del president Momp\u00f3 per a agrair el treball realitzat per la Diputaci\u00f3 de Val\u00e8ncia \u201cno sols per la neteja de garatges, que ha sigut una labor molt important, tamb\u00e9 pel treball de coordinaci\u00f3 amb els ajuntaments i per escoltar les nostres necessitats\u201d.<\/p>\n\n\n\n<p class=\"wp-block-paragraph\">I precisament una les necessitats m\u00e9s rellevants d&#8217;Alaqu\u00e0s era la retirada de fang i l&#8217;extracci\u00f3 de vehicles en garatges inferiors a la planta baixa: \u201cEn el nostre municipi ten\u00edem alguns soterranis afectats amb estes caracter\u00edstiques, i era molt dif\u00edcil poder treballar, per aix\u00f2 \u00e9s d&#8217;agrair eixa aposta decidida de la Diputaci\u00f3 per a dur-ho a terme\u201d, apunta l\u2019alcalde.&nbsp;<\/p>\n\n\n\n<p class=\"wp-block-paragraph\"><strong>Segona fase<\/strong><\/p>\n\n\n\n<p class=\"wp-block-paragraph\">El dispositiu d&#8217;emerg\u00e8ncia coordinat per la Diputaci\u00f3 -en el qual s&#8217;integren bombers i UME al costat de les empreses contractades per la instituci\u00f3 provincial- va concloure el passat 31 de gener el 97,3% de les actuacions. Per aix\u00f2, s&#8217;ha entrat en una segona fase de suport en les labors de neteja i desinfecci\u00f3 dels empla\u00e7aments en els quals l&#8217;UME o els bombers van realitzar, en el seu moment, la retirada de fang, vehicles i residus.<\/p>\n\n\n\n<p class=\"wp-block-paragraph\">L&#8217;actualitzaci\u00f3 de les dades indica que hui dia, la Diputaci\u00f3 ha quedat finalment a c\u00e0rrec de l&#8217;execuci\u00f3 d&#8217;un total de 344 empla\u00e7aments, dels quals 291 corresponen a servicis complets d&#8217;extracci\u00f3 d&#8217;aigua estancada, retirada de fang, vehicles, objectes i altres residus procedents de trasters, estan inclosos tamb\u00e9 els servicis de neteja i desinfecci\u00f3.<\/p>\n\n\n\n<p class=\"wp-block-paragraph\">En la fase 1 que suposava l&#8217;actuaci\u00f3 en 291 empla\u00e7aments, quedaria pendent un \u00fanic soterrani en el qual s&#8217;actuar\u00e0 en els pr\u00f2xims dies. La fase 2, que consistix a netejar i desinfectar aquells soterranis intervinguts en primera inst\u00e0ncia per UME o bombers, el llistat d&#8217;estos empla\u00e7aments ascendix en estos moments a 53; en estos moments s&#8217;est\u00e0 actuant en 34 soterranis, queden pendents 19 ubicacions, que s&#8217;abordaran en els pr\u00f2xims dies.<\/p>\n\n\n\n<p class=\"wp-block-paragraph\">Les previsions s\u00f3n -si els treballs continuen segons el que es preveu- que per a finals de mes es completen totes les actuacions i, per tant, es donaria per finalitzat el contracte d&#8217;emerg\u00e8ncies amb dos setmanes d&#8217;avan\u00e7ament sobre la data prevista, que era el 16 de mar\u00e7.<\/p>\n\n\n\n<figure class=\"wp-block-gallery has-nested-images columns-1 is-cropped wp-block-gallery-1 is-layout-flex wp-block-gallery-is-layout-flex\">\n<figure class=\"wp-block-image size-large\"><img loading=\"lazy\" decoding=\"async\" width=\"1024\" height=\"665\" data-id=\"253818\" src=\"https:\/\/www.tucomarca.com\/wordpress\/segunda\/wp-content\/uploads\/2025\/02\/AlaquasDipu02-1024x665.jpg\" alt=\"\" class=\"wp-image-253818\" srcset=\"https:\/\/tucomarca.whitekongsoftware.com\/wp-content\/uploads\/2025\/02\/AlaquasDipu02-1024x665.jpg 1024w, https:\/\/tucomarca.whitekongsoftware.com\/wp-content\/uploads\/2025\/02\/AlaquasDipu02-300x195.jpg 300w, https:\/\/tucomarca.whitekongsoftware.com\/wp-content\/uploads\/2025\/02\/AlaquasDipu02-768x499.jpg 768w, https:\/\/tucomarca.whitekongsoftware.com\/wp-content\/uploads\/2025\/02\/AlaquasDipu02-1536x998.jpg 1536w, https:\/\/tucomarca.whitekongsoftware.com\/wp-content\/uploads\/2025\/02\/AlaquasDipu02-2048x1331.jpg 2048w\" sizes=\"auto, (max-width: 1024px) 100vw, 1024px\" \/><\/figure>\n\n\n\n<figure class=\"wp-block-image size-large\"><img loading=\"lazy\" decoding=\"async\" width=\"1024\" height=\"665\" data-id=\"253816\" src=\"https:\/\/www.tucomarca.com\/wordpress\/segunda\/wp-content\/uploads\/2025\/02\/AlaquasDipu01-1024x665.jpg\" alt=\"\" class=\"wp-image-253816\" srcset=\"https:\/\/tucomarca.whitekongsoftware.com\/wp-content\/uploads\/2025\/02\/AlaquasDipu01-1024x665.jpg 1024w, https:\/\/tucomarca.whitekongsoftware.com\/wp-content\/uploads\/2025\/02\/AlaquasDipu01-300x195.jpg 300w, https:\/\/tucomarca.whitekongsoftware.com\/wp-content\/uploads\/2025\/02\/AlaquasDipu01-768x499.jpg 768w, https:\/\/tucomarca.whitekongsoftware.com\/wp-content\/uploads\/2025\/02\/AlaquasDipu01-1536x998.jpg 1536w, https:\/\/tucomarca.whitekongsoftware.com\/wp-content\/uploads\/2025\/02\/AlaquasDipu01-2048x1331.jpg 2048w\" sizes=\"auto, (max-width: 1024px) 100vw, 1024px\" \/><\/figure>\n<\/figure>\n","protected":false},"excerpt":{"rendered":"<div class=\"mh-excerpt\">El dispositiu d&#8217;emerg\u00e8ncia que coordina la corporaci\u00f3 provincial es troba en una segona fase centrada en treballs de neteja i desinfecci\u00f3 d&#8217;empla\u00e7aments en els quals han treballat efectius de la UME i del Consorci Provincial <a class=\"mh-excerpt-more\" href=\"https:\/\/tucomarca.whitekongsoftware.com\/ca\/la-diputacio-de-valencia-finalitza-la-primera-fase-amb-291-garatges-nets-i-assumix-la-desinfeccio-de-53-baixos-addicionals\/\" title=\"La Diputaci\u00f3 de Val\u00e8ncia finalitza la primera fase amb 291 garatges nets i assumix la desinfecci\u00f3 de 53 baixos addicionals\">[+] <\/a><\/div>\n","protected":false},"author":12,"featured_media":253821,"comment_status":"open","ping_status":"open","sticky":false,"template":"","format":"gallery","meta":{"footnotes":""},"categories":[21466,10898,10948,10894,10904,10903,10947,10896,10897],"tags":[15409,12903,11199],"class_list":["post-253823","post","type-post","status-publish","format-gallery","has-post-thumbnail","category-dana-ca","category-ventana-ca","category-infraestructuras-ca","category-la-comarca-ca","category-sin-categorizar-ca","category-medio-ambiente-la-comarca-ca","category-politica","category-seccion-ca","category-sucesos-la-comarca-ca","tag-dana-2-ca","tag-infraestructuras-ca","tag-la-comunitat-ca","post_format-post-format-gallery"],"_links":{"self":[{"href":"https:\/\/tucomarca.whitekongsoftware.com\/ca\/wp-json\/wp\/v2\/posts\/253823","targetHints":{"allow":["GET"]}}],"collection":[{"href":"https:\/\/tucomarca.whitekongsoftware.com\/ca\/wp-json\/wp\/v2\/posts"}],"about":[{"href":"https:\/\/tucomarca.whitekongsoftware.com\/ca\/wp-json\/wp\/v2\/types\/post"}],"author":[{"embeddable":true,"href":"https:\/\/tucomarca.whitekongsoftware.com\/ca\/wp-json\/wp\/v2\/users\/12"}],"replies":[{"embeddable":true,"href":"https:\/\/tucomarca.whitekongsoftware.com\/ca\/wp-json\/wp\/v2\/comments?post=253823"}],"version-history":[{"count":0,"href":"https:\/\/tucomarca.whitekongsoftware.com\/ca\/wp-json\/wp\/v2\/posts\/253823\/revisions"}],"wp:featuredmedia":[{"embeddable":true,"href":"https:\/\/tucomarca.whitekongsoftware.com\/ca\/wp-json\/wp\/v2\/media\/253821"}],"wp:attachment":[{"href":"https:\/\/tucomarca.whitekongsoftware.com\/ca\/wp-json\/wp\/v2\/media?parent=253823"}],"wp:term":[{"taxonomy":"category","embeddable":true,"href":"https:\/\/tucomarca.whitekongsoftware.com\/ca\/wp-json\/wp\/v2\/categories?post=253823"},{"taxonomy":"post_tag","embeddable":true,"href":"https:\/\/tucomarca.whitekongsoftware.com\/ca\/wp-json\/wp\/v2\/tags?post=253823"}],"curies":[{"name":"wp","href":"https:\/\/api.w.org\/{rel}","templated":true}]}}