{"id":253736,"date":"2025-02-11T10:25:00","date_gmt":"2025-02-11T09:25:00","guid":{"rendered":"https:\/\/www.tucomarca.com\/wordpress\/segunda\/?p=253736"},"modified":"2025-02-11T19:03:01","modified_gmt":"2025-02-11T18:03:01","slug":"els-bombers-rescaten-a-un-conductor-que-amenacava-amb-caures-per-un-terraple-despres-de-patir-una-eixida-de-via-en-la-cv-425-a-bunyol","status":"publish","type":"post","link":"https:\/\/tucomarca.whitekongsoftware.com\/ca\/els-bombers-rescaten-a-un-conductor-que-amenacava-amb-caures-per-un-terraple-despres-de-patir-una-eixida-de-via-en-la-cv-425-a-bunyol\/","title":{"rendered":"Els bombers rescaten a un conductor que amena\u00e7ava amb caure&#8217;s per un terrapl\u00e9 despr\u00e9s de patir una eixida de via en la CV-425 a Bunyol"},"content":{"rendered":"\n<p class=\"wp-block-paragraph\">Efectius del Consorci Provincial de Bombers de Val\u00e8ncia han rescatat aquest dimarts al mat\u00ed al conductor d&#8217;un vehicle que havia patit una eixida de via en un cami\u00f3n pr\u00f3xim a la carretera CV-425 en el terme municipal de Bunyol, &#8220;quedant el cotxe amb dues rodes a l&#8217;aire amb el risc de caure per un terrapl\u00e9 de tres metres&#8221;, tal com han informat fonts del Consorci.<\/p>\n\n\n\n<p class=\"wp-block-paragraph\">Els bombers del parc de Xiva han rescatat l&#8217;home en bon estat i han tornat el vehicle dins del cam\u00ed amb la col\u00b7laboraci\u00f3 dels treballadors i maquin\u00e0ria de l&#8217;obra del pont de la Cova de Turche que actualment es duu a terme a Bunyol.<\/p>\n\n\n\n<figure class=\"wp-block-image size-large\"><img loading=\"lazy\" decoding=\"async\" width=\"1024\" height=\"768\" src=\"http:\/\/www.tucomarca.com\/wordpress\/segunda\/wp-content\/uploads\/2025\/02\/CV425Accidente2-1024x768.jpg\" alt=\"\" class=\"wp-image-253731\" srcset=\"https:\/\/tucomarca.whitekongsoftware.com\/wp-content\/uploads\/2025\/02\/CV425Accidente2-1024x768.jpg 1024w, https:\/\/tucomarca.whitekongsoftware.com\/wp-content\/uploads\/2025\/02\/CV425Accidente2-300x225.jpg 300w, https:\/\/tucomarca.whitekongsoftware.com\/wp-content\/uploads\/2025\/02\/CV425Accidente2-768x576.jpg 768w, https:\/\/tucomarca.whitekongsoftware.com\/wp-content\/uploads\/2025\/02\/CV425Accidente2-1536x1153.jpg 1536w, https:\/\/tucomarca.whitekongsoftware.com\/wp-content\/uploads\/2025\/02\/CV425Accidente2-678x509.jpg 678w, https:\/\/tucomarca.whitekongsoftware.com\/wp-content\/uploads\/2025\/02\/CV425Accidente2-326x245.jpg 326w, https:\/\/tucomarca.whitekongsoftware.com\/wp-content\/uploads\/2025\/02\/CV425Accidente2-80x60.jpg 80w, https:\/\/tucomarca.whitekongsoftware.com\/wp-content\/uploads\/2025\/02\/CV425Accidente2.jpg 1599w\" sizes=\"auto, (max-width: 1024px) 100vw, 1024px\" \/><\/figure>\n","protected":false},"excerpt":{"rendered":"<div class=\"mh-excerpt\">Efectius del Consorci Provincial de Bombers de Val\u00e8ncia han rescatat aquest dimarts al mat\u00ed al conductor d&#8217;un vehicle que havia patit una eixida de via en un cami\u00f3n pr\u00f3xim a la carretera CV-425 en el <a class=\"mh-excerpt-more\" href=\"https:\/\/tucomarca.whitekongsoftware.com\/ca\/els-bombers-rescaten-a-un-conductor-que-amenacava-amb-caures-per-un-terraple-despres-de-patir-una-eixida-de-via-en-la-cv-425-a-bunyol\/\" title=\"Els bombers rescaten a un conductor que amena\u00e7ava amb caure&#8217;s per un terrapl\u00e9 despr\u00e9s de patir una eixida de via en la CV-425 a Bunyol\">[+] <\/a><\/div>\n","protected":false},"author":1,"featured_media":253730,"comment_status":"open","ping_status":"open","sticky":false,"template":"","format":"image","meta":{"footnotes":""},"categories":[10911,10898,10948,10894,10904,10912,10896,10897],"tags":[10913,12834,10914],"class_list":["post-253736","post","type-post","status-publish","format-image","has-post-thumbnail","category-bunol-ca","category-ventana-ca","category-infraestructuras-ca","category-la-comarca-ca","category-sin-categorizar-ca","category-la-hoya-ca","category-seccion-ca","category-sucesos-la-comarca-ca","tag-bunol-ca","tag-consorcio-provincial-de-bomberos-de-valencia-ca","tag-la-hoya-de-bunol-chiva-ca","post_format-post-format-image"],"_links":{"self":[{"href":"https:\/\/tucomarca.whitekongsoftware.com\/ca\/wp-json\/wp\/v2\/posts\/253736","targetHints":{"allow":["GET"]}}],"collection":[{"href":"https:\/\/tucomarca.whitekongsoftware.com\/ca\/wp-json\/wp\/v2\/posts"}],"about":[{"href":"https:\/\/tucomarca.whitekongsoftware.com\/ca\/wp-json\/wp\/v2\/types\/post"}],"author":[{"embeddable":true,"href":"https:\/\/tucomarca.whitekongsoftware.com\/ca\/wp-json\/wp\/v2\/users\/1"}],"replies":[{"embeddable":true,"href":"https:\/\/tucomarca.whitekongsoftware.com\/ca\/wp-json\/wp\/v2\/comments?post=253736"}],"version-history":[{"count":0,"href":"https:\/\/tucomarca.whitekongsoftware.com\/ca\/wp-json\/wp\/v2\/posts\/253736\/revisions"}],"wp:featuredmedia":[{"embeddable":true,"href":"https:\/\/tucomarca.whitekongsoftware.com\/ca\/wp-json\/wp\/v2\/media\/253730"}],"wp:attachment":[{"href":"https:\/\/tucomarca.whitekongsoftware.com\/ca\/wp-json\/wp\/v2\/media?parent=253736"}],"wp:term":[{"taxonomy":"category","embeddable":true,"href":"https:\/\/tucomarca.whitekongsoftware.com\/ca\/wp-json\/wp\/v2\/categories?post=253736"},{"taxonomy":"post_tag","embeddable":true,"href":"https:\/\/tucomarca.whitekongsoftware.com\/ca\/wp-json\/wp\/v2\/tags?post=253736"}],"curies":[{"name":"wp","href":"https:\/\/api.w.org\/{rel}","templated":true}]}}