{"id":253684,"date":"2025-02-11T09:30:00","date_gmt":"2025-02-11T08:30:00","guid":{"rendered":"https:\/\/www.tucomarca.com\/wordpress\/segunda\/?p=253684"},"modified":"2025-02-11T20:22:33","modified_gmt":"2025-02-11T19:22:33","slug":"raga-la-gigafactoria-ha-dimpactar-en-tota-la-comarca-del-camp-de-morvedre","status":"publish","type":"post","link":"https:\/\/tucomarca.whitekongsoftware.com\/ca\/raga-la-gigafactoria-ha-dimpactar-en-tota-la-comarca-del-camp-de-morvedre\/","title":{"rendered":"Robert Raga: &#8220;la gigafactoria ha d&#8217;impactar en tota la comarca del Camp de Morvedre&#8221;"},"content":{"rendered":"\n<h3 class=\"wp-block-heading\">El candidat a les prim\u00e0ries inicia el seu circuit de campanya al Camp de Morvedre i es compromet exigir al PP avan\u00e7ar en la remodelaci\u00f3 del CIFP Eduardo Merello.<\/h3>\n\n\n\n<p class=\"wp-block-paragraph\">El candidat a la Secretaria Provincial del PSPV de Val\u00e8ncia, Robert Raga, ha afirmat en el seu primer acte p\u00fablic amb la milit\u00e0ncia a Gilet, que \u201cla gigafactoria de Volkswagen ha d&#8217;impactar en tota la comarca i beneficiar a tots els municipis de la zona\u201d.<\/p>\n\n\n\n<p class=\"wp-block-paragraph\">Aix\u00ed, Raga ha arreplegat una reivindicaci\u00f3 de molts alcaldes del Camp de Morvedre, com Salva Costa (Gilet) o Pere Joan Antoni (Canet d&#8217;en Berenguer) presents en aquest inici de campanya a trav\u00e9s tota la prov\u00edncia per a \u201cacostar un projecte renovat, il\u00b7lusionant i que impulse de veritat les nostres comarques i agrupacions socialistes\u201d.<\/p>\n\n\n\n<figure class=\"wp-block-gallery has-nested-images columns-default is-cropped wp-block-gallery-1 is-layout-flex wp-block-gallery-is-layout-flex\">\n<figure class=\"wp-block-image size-large\"><img loading=\"lazy\" decoding=\"async\" width=\"1024\" height=\"768\" data-id=\"253673\" src=\"https:\/\/www.tucomarca.com\/wordpress\/segunda\/wp-content\/uploads\/2025\/02\/RagaGilet2-1024x768.jpg\" alt=\"\" class=\"wp-image-253673\" srcset=\"https:\/\/tucomarca.whitekongsoftware.com\/wp-content\/uploads\/2025\/02\/RagaGilet2-1024x768.jpg 1024w, https:\/\/tucomarca.whitekongsoftware.com\/wp-content\/uploads\/2025\/02\/RagaGilet2-300x225.jpg 300w, https:\/\/tucomarca.whitekongsoftware.com\/wp-content\/uploads\/2025\/02\/RagaGilet2-768x576.jpg 768w, https:\/\/tucomarca.whitekongsoftware.com\/wp-content\/uploads\/2025\/02\/RagaGilet2-1536x1152.jpg 1536w, https:\/\/tucomarca.whitekongsoftware.com\/wp-content\/uploads\/2025\/02\/RagaGilet2-2048x1536.jpg 2048w, https:\/\/tucomarca.whitekongsoftware.com\/wp-content\/uploads\/2025\/02\/RagaGilet2-678x509.jpg 678w, https:\/\/tucomarca.whitekongsoftware.com\/wp-content\/uploads\/2025\/02\/RagaGilet2-326x245.jpg 326w, https:\/\/tucomarca.whitekongsoftware.com\/wp-content\/uploads\/2025\/02\/RagaGilet2-80x60.jpg 80w\" sizes=\"auto, (max-width: 1024px) 100vw, 1024px\" \/><\/figure>\n\n\n\n<figure class=\"wp-block-image size-large\"><img loading=\"lazy\" decoding=\"async\" width=\"1024\" height=\"768\" data-id=\"253675\" src=\"https:\/\/www.tucomarca.com\/wordpress\/segunda\/wp-content\/uploads\/2025\/02\/RagaGilet3-1024x768.jpg\" alt=\"\" class=\"wp-image-253675\" srcset=\"https:\/\/tucomarca.whitekongsoftware.com\/wp-content\/uploads\/2025\/02\/RagaGilet3-1024x768.jpg 1024w, https:\/\/tucomarca.whitekongsoftware.com\/wp-content\/uploads\/2025\/02\/RagaGilet3-300x225.jpg 300w, https:\/\/tucomarca.whitekongsoftware.com\/wp-content\/uploads\/2025\/02\/RagaGilet3-768x576.jpg 768w, https:\/\/tucomarca.whitekongsoftware.com\/wp-content\/uploads\/2025\/02\/RagaGilet3-1536x1152.jpg 1536w, https:\/\/tucomarca.whitekongsoftware.com\/wp-content\/uploads\/2025\/02\/RagaGilet3-2048x1536.jpg 2048w, https:\/\/tucomarca.whitekongsoftware.com\/wp-content\/uploads\/2025\/02\/RagaGilet3-678x509.jpg 678w, https:\/\/tucomarca.whitekongsoftware.com\/wp-content\/uploads\/2025\/02\/RagaGilet3-326x245.jpg 326w, https:\/\/tucomarca.whitekongsoftware.com\/wp-content\/uploads\/2025\/02\/RagaGilet3-80x60.jpg 80w\" sizes=\"auto, (max-width: 1024px) 100vw, 1024px\" \/><\/figure>\n<\/figure>\n\n\n\n<p class=\"wp-block-paragraph\">En eixe sentit, Raga s&#8217;ha comprom\u00e9s si arribava a la Secretaria Provincial a exigir al Partit Popular posar data i fer \u201curgentment\u201d la remodelaci\u00f3 del Centre integrat de Formaci\u00f3 Professional Eduardo Merello \u201ctan necessari per a formar professionals en tota la comarca de cara als llocs que crear\u00e0 directament o indirectament la futura planta de bateries\u201d.<br>En l&#8217;acte que ha comptat amb prop d&#8217;un centenar de militants, el candidat ha recordat que l&#8217;objectiu ha de ser governar les alcaldies, diputacions i la Generalitat amb Diana per a transformar la vida de les persones i \u201cdesallotjar a aquells que han fet una mala praxi de la pol\u00edtica com durant la DANA\u201d.<\/p>\n\n\n\n<p class=\"wp-block-paragraph\">A aquesta primera trobada han acudit a m\u00e9s dels alcaldes anteriorment citats, Jordi Mayor (Cullera), Fran L\u00f3pez (Rafelbunyol), Lara Romero (Tavernes de la Valldigna), Miguel Vida (Petr\u00e9s), Jos\u00e9 Carlos Herrera (Alfara de la Baronia), el regidor de Sagunt, Javier Tim\u00f3n a m\u00e9s de representants org\u00e0nics de la pr\u00e0ctica totalitat de la comarca.<\/p>\n\n\n\n<p class=\"wp-block-paragraph\"><strong>Empoderar les comarques<\/strong><\/p>\n\n\n\n<p class=\"wp-block-paragraph\">Durant la trobada Raga va donar protagonisme a la figura de les comarques amb un projecte en el qual \u201cles empoderarem, protegir-les i dinamitzar la singularitat de cadascuna d&#8217;elles\u201d. Aix\u00ed, ha arreplegat les paraules de l&#8217;alcalde de Canet d&#8217;en Berenguer qui ha demanat impulsar la seua i treballar \u201calineats amb Diana i Pedro S\u00e1nchez\u201d en un projecte \u201cil\u00b7lusionant\u201d i on \u201cdonen sempre la cara i solucionen els problemes de les persones\u201d.<\/p>\n\n\n\n<p class=\"wp-block-paragraph\">En eixa mateixa l\u00ednia s&#8217;ha expressat l&#8217;alcalde de Gilet explicant que fa temps que \u201cja no sentim les comarques com a tal\u201d i que estan \u201cperdent moltes oportunitats de subvencions i projectes conjunts\u201d. A la seua reivindicaci\u00f3 s&#8217;ha referit Raga amb el comprom\u00eds d&#8217;impulsar una mancomunitat unificada i que abaste tota la comarca sense deixar ning\u00fa fora.<\/p>\n\n\n\n<p class=\"wp-block-paragraph\">\u201cLa prov\u00edncia ha de ser una eina per a ajudar, per a treballar i donar suport als companys i companyes a guanyar alcaldies per a transformar els seus municipis\u201d ha assenyalat Raga advertint que \u201cla prov\u00edncia no est\u00e0 per a exercir cap contrapoder o tindre el maneig de res, excepte per a ajudar els nostres municipis\u201d.<\/p>\n","protected":false},"excerpt":{"rendered":"<div class=\"mh-excerpt\">El candidat a les prim\u00e0ries inicia el seu circuit de campanya al Camp de Morvedre i es compromet exigir al PP avan\u00e7ar en la remodelaci\u00f3 del CIFP Eduardo Merello. El candidat a la Secretaria Provincial <a class=\"mh-excerpt-more\" href=\"https:\/\/tucomarca.whitekongsoftware.com\/ca\/raga-la-gigafactoria-ha-dimpactar-en-tota-la-comarca-del-camp-de-morvedre\/\" title=\"Robert Raga: &#8220;la gigafactoria ha d&#8217;impactar en tota la comarca del Camp de Morvedre&#8221;\">[+] <\/a><\/div>\n","protected":false},"author":12,"featured_media":253681,"comment_status":"open","ping_status":"open","sticky":false,"template":"","format":"gallery","meta":{"footnotes":""},"categories":[10892,10948,10894,10947,10906,10896],"tags":[16485,10899,11319,13181],"class_list":["post-253684","post","type-post","status-publish","format-gallery","has-post-thumbnail","category-camp-de-turia-ca","category-infraestructuras-ca","category-la-comarca-ca","category-politica","category-riba-roja-ca","category-seccion-ca","tag-alcalde-de-riba-roja-ca","tag-camp-de-turia-ca","tag-pspv-psoe-ca","tag-robert-raga-ca","post_format-post-format-gallery"],"_links":{"self":[{"href":"https:\/\/tucomarca.whitekongsoftware.com\/ca\/wp-json\/wp\/v2\/posts\/253684","targetHints":{"allow":["GET"]}}],"collection":[{"href":"https:\/\/tucomarca.whitekongsoftware.com\/ca\/wp-json\/wp\/v2\/posts"}],"about":[{"href":"https:\/\/tucomarca.whitekongsoftware.com\/ca\/wp-json\/wp\/v2\/types\/post"}],"author":[{"embeddable":true,"href":"https:\/\/tucomarca.whitekongsoftware.com\/ca\/wp-json\/wp\/v2\/users\/12"}],"replies":[{"embeddable":true,"href":"https:\/\/tucomarca.whitekongsoftware.com\/ca\/wp-json\/wp\/v2\/comments?post=253684"}],"version-history":[{"count":0,"href":"https:\/\/tucomarca.whitekongsoftware.com\/ca\/wp-json\/wp\/v2\/posts\/253684\/revisions"}],"wp:featuredmedia":[{"embeddable":true,"href":"https:\/\/tucomarca.whitekongsoftware.com\/ca\/wp-json\/wp\/v2\/media\/253681"}],"wp:attachment":[{"href":"https:\/\/tucomarca.whitekongsoftware.com\/ca\/wp-json\/wp\/v2\/media?parent=253684"}],"wp:term":[{"taxonomy":"category","embeddable":true,"href":"https:\/\/tucomarca.whitekongsoftware.com\/ca\/wp-json\/wp\/v2\/categories?post=253684"},{"taxonomy":"post_tag","embeddable":true,"href":"https:\/\/tucomarca.whitekongsoftware.com\/ca\/wp-json\/wp\/v2\/tags?post=253684"}],"curies":[{"name":"wp","href":"https:\/\/api.w.org\/{rel}","templated":true}]}}