{"id":253484,"date":"2025-02-10T09:15:00","date_gmt":"2025-02-10T08:15:00","guid":{"rendered":"https:\/\/www.tucomarca.com\/wordpress\/segunda\/?p=253484"},"modified":"2025-02-10T14:42:47","modified_gmt":"2025-02-10T13:42:47","slug":"el-cvi-bat-el-record-i-lliurament-16-180-euros-a-1-335-families-a-utiel-en-la-campanya-el-meu-compte-ambiental","status":"publish","type":"post","link":"https:\/\/tucomarca.whitekongsoftware.com\/ca\/el-cvi-bat-el-record-i-lliurament-16-180-euros-a-1-335-families-a-utiel-en-la-campanya-el-meu-compte-ambiental\/","title":{"rendered":"El CVI bat el r\u00e8cord i lliurament 16.180 euros a 1.335 fam\u00edlies a Utiel en la campanya El meu Compte Ambiental"},"content":{"rendered":"\n<h3 class=\"wp-block-heading\">El Consorci Val\u00e8ncia Interior ha repartit 3.236 tiquets de 5 euros cadascun que la ciutadania ha aprofitat per a comprar en m\u00e9s de 120 comer\u00e7os locals.<\/h3>\n\n\n\n<p class=\"wp-block-paragraph\">El Consorci Val\u00e8ncia Interior (CVI) ha finalitzat la campanya de repartiment de vals de compra entre la ciutadania d&#8217;Utiel a trav\u00e9s del programa El meu Compte Ambiental amb unes xifres de r\u00e8cord. Aquesta fita ha perm\u00e9s que 1.335 fam\u00edlies del municipi es beneficiaren d&#8217;un total de 16.180 euros en tiquets per a comprar en els m\u00e9s de 120 establiments del municipi adherits a la campanya. Aix\u00f2 suposa que 176 fam\u00edlies m\u00e9s que en 2023 s&#8217;han beneficiat d&#8217;aquesta iniciativa. La campanya, com en anys anteriors, ha premiat a les persones que han depositat els residus correctament en l&#8217;ecoparc i en el ecom\u00f3vil al llarg de 2024.<br>El CVI ha contribu\u00eft aix\u00ed a alleujar l&#8217;economia de la ciutadania d&#8217;Utiel durant la campanya nadalenca i de rebaixes, sobretot tenint en compte que ha sigut durament castigada per la Dana que va assolar el municipi el mes d&#8217;octubre passat.<br>El consorci ha entregat 3.236 vals de 5 euros cadascun, un 9% m\u00e9s que l&#8217;any anterior. Aquest increment reflecteix el comprom\u00eds creixent de la ciutadania amb la gesti\u00f3 responsable dels residus, aix\u00ed com l&#8217;impacte positiu de la campanya en l&#8217;economia local. Enguany, igual que en anys anteriors, s&#8217;ha implementat un sistema de cita pr\u00e8via per a garantir que les persones benefici\u00e0ries pogueren arreplegar els vals de manera c\u00f2moda, \u00e0gil i sense aglomeracions.<br>Per a informar la ciutadania sobre la recollida de vals es van desenvolupar durant el mes de desembre tres accions d&#8217;educaci\u00f3 ambiental en la pla\u00e7a de l&#8217;Ajuntament. D&#8217;aquesta manera, s&#8217;ha aconseguit una comunicaci\u00f3 efectiva perqu\u00e8 la informaci\u00f3 arribara amb claredat a la ciutadania. De fet, ha sigut clau perqu\u00e8 les fam\u00edlies conegueren de primera m\u00e0 els terminis de la campanya i ha contribu\u00eft a augmentar el percentatge de recollida de vals entre les persones usu\u00e0ries de l&#8217;ecoparc i ecom\u00f3vil.<\/p>\n\n\n\n<p class=\"wp-block-paragraph\"><strong>Campanya consolidada<\/strong><\/p>\n\n\n\n<p class=\"wp-block-paragraph\">El meu Compte Ambiental es consolida aix\u00ed com un incentiu efica\u00e7 per a fomentar les bones pr\u00e0ctiques mediambientals i impulsar el comer\u00e7 local. La campanya ha comptat amb el suport de l&#8217;Ajuntament d&#8217;Utiel, l&#8217;Associaci\u00f3 del Comer\u00e7 i Ind\u00fastria d&#8217;Utiel i l&#8217;Associaci\u00f3 Utiel Gastron\u00f2mica-Marca de Qualitat, el comprom\u00eds de la qual ha sigut clau per al seu \u00e8xit. I \u00e9s que els comerciants porten anys participant activament en aquesta iniciativa per a recon\u00e9ixer els esfor\u00e7os de la ciutadania en la correcta gesti\u00f3 de recursos. Gr\u00e0cies a la seua col\u00b7laboraci\u00f3 la campanya aconsegueix millorar els resultats mediambientals en les instal\u00b7lacions de valoritzaci\u00f3 de residus dom\u00e8stics del Consorci Val\u00e8ncia Interior al mateix temps que enforteix el teixit comercial d&#8217;Utiel.<\/p>\n","protected":false},"excerpt":{"rendered":"<div class=\"mh-excerpt\">El Consorci Val\u00e8ncia Interior ha repartit 3.236 tiquets de 5 euros cadascun que la ciutadania ha aprofitat per a comprar en m\u00e9s de 120 comer\u00e7os locals. El Consorci Val\u00e8ncia Interior (CVI) ha finalitzat la campanya <a class=\"mh-excerpt-more\" href=\"https:\/\/tucomarca.whitekongsoftware.com\/ca\/el-cvi-bat-el-record-i-lliurament-16-180-euros-a-1-335-families-a-utiel-en-la-campanya-el-meu-compte-ambiental\/\" title=\"El CVI bat el r\u00e8cord i lliurament 16.180 euros a 1.335 fam\u00edlies a Utiel en la campanya El meu Compte Ambiental\">[+] <\/a><\/div>\n","protected":false},"author":12,"featured_media":253483,"comment_status":"open","ping_status":"open","sticky":false,"template":"","format":"standard","meta":{"footnotes":""},"categories":[10948,10894,10903,10947,10909,10896,11059],"tags":[11117,11305,10910,11174],"class_list":["post-253484","post","type-post","status-publish","format-standard","has-post-thumbnail","category-infraestructuras-ca","category-la-comarca-ca","category-medio-ambiente-la-comarca-ca","category-politica","category-requena-utiel-ca","category-seccion-ca","category-utiel-ca","tag-consorcio-valencia-interior-ca","tag-cvi-ca","tag-requena-utiel-ca","tag-utiel-ca"],"_links":{"self":[{"href":"https:\/\/tucomarca.whitekongsoftware.com\/ca\/wp-json\/wp\/v2\/posts\/253484","targetHints":{"allow":["GET"]}}],"collection":[{"href":"https:\/\/tucomarca.whitekongsoftware.com\/ca\/wp-json\/wp\/v2\/posts"}],"about":[{"href":"https:\/\/tucomarca.whitekongsoftware.com\/ca\/wp-json\/wp\/v2\/types\/post"}],"author":[{"embeddable":true,"href":"https:\/\/tucomarca.whitekongsoftware.com\/ca\/wp-json\/wp\/v2\/users\/12"}],"replies":[{"embeddable":true,"href":"https:\/\/tucomarca.whitekongsoftware.com\/ca\/wp-json\/wp\/v2\/comments?post=253484"}],"version-history":[{"count":0,"href":"https:\/\/tucomarca.whitekongsoftware.com\/ca\/wp-json\/wp\/v2\/posts\/253484\/revisions"}],"wp:featuredmedia":[{"embeddable":true,"href":"https:\/\/tucomarca.whitekongsoftware.com\/ca\/wp-json\/wp\/v2\/media\/253483"}],"wp:attachment":[{"href":"https:\/\/tucomarca.whitekongsoftware.com\/ca\/wp-json\/wp\/v2\/media?parent=253484"}],"wp:term":[{"taxonomy":"category","embeddable":true,"href":"https:\/\/tucomarca.whitekongsoftware.com\/ca\/wp-json\/wp\/v2\/categories?post=253484"},{"taxonomy":"post_tag","embeddable":true,"href":"https:\/\/tucomarca.whitekongsoftware.com\/ca\/wp-json\/wp\/v2\/tags?post=253484"}],"curies":[{"name":"wp","href":"https:\/\/api.w.org\/{rel}","templated":true}]}}