{"id":253477,"date":"2025-02-10T13:00:00","date_gmt":"2025-02-10T12:00:00","guid":{"rendered":"https:\/\/www.tucomarca.com\/wordpress\/segunda\/?p=253477"},"modified":"2025-02-10T14:23:03","modified_gmt":"2025-02-10T13:23:03","slug":"la-generalitat-inicia-la-rehabilitacio-de-les-infraestructures-de-loriguilla-danyades-per-la-riuada-amb-una-inversio-de-27-milions-deuros","status":"publish","type":"post","link":"https:\/\/tucomarca.whitekongsoftware.com\/ca\/la-generalitat-inicia-la-rehabilitacio-de-les-infraestructures-de-loriguilla-danyades-per-la-riuada-amb-una-inversio-de-27-milions-deuros\/","title":{"rendered":"La Generalitat inicia la rehabilitaci\u00f3 de les infraestructures de Loriguilla danyades per la riuada amb una inversi\u00f3 de 2,7 milions d&#8217;euros"},"content":{"rendered":"\n<h3 class=\"wp-block-heading\">Els treballs contemplen actuacions sobre dos ponts i una barana sobre el barranc del Pozalet.<\/h3>\n\n\n\n<h3 class=\"wp-block-heading\">La Generalitat ha assumit les compet\u00e8ncies per a rehabilitar estructures municipals danyades dins del pla \u2018Recuperem Val\u00e8ncia\u2019.<\/h3>\n\n\n\n<p class=\"wp-block-paragraph\">La Conselleria de Medi Ambient, Infraestructures i Territori ha iniciat les obres de rehabilitaci\u00f3 i reparaci\u00f3 de les infraestructures de Loriguilla que van patir danys i desperfectes a causa de les inundacions del passat mes d&#8217;octubre. Per a dur a terme aquests treballs, s&#8217;ha previst una inversi\u00f3 de 2,7 milions d&#8217;euros.<\/p>\n\n\n\n<p class=\"wp-block-paragraph\">En la zona de Loriguilla, l&#8217;augment del cabal del barranc del Pozalet i el seu posterior desbordament va provocar greus danys materials i la p\u00e8rdua d&#8217;infraestructures vi\u00e0ries, ferrovi\u00e0ries i de subministraments essencials, incloent-hi electricitat i aigua potable.<\/p>\n\n\n\n<p class=\"wp-block-paragraph\">La riuada va tindre un impacte notable en les estructures de pas sobre el barranc del Pozalet, afectant especialment les calles Pol\u00edgon n\u00fam. 2 (prolongaci\u00f3 del Passeig de L&#8217;Estaci\u00f3) i en el pont que connecta el carrer Cirilo C\u00e1novas amb l&#8217;avinguda Camp de T\u00faria (prolongaci\u00f3 del carrer Flor del taronger). Cal assenyalar que aquestes infraestructures s\u00f3n crucials per a l&#8217;acc\u00e9s a diverses explotacions agr\u00edcoles i els danys ocasionats van deixar incomunicats tots dos costats del barranc.<\/p>\n\n\n\n<p class=\"wp-block-paragraph\">Amb l&#8217;objectiu d&#8217;abordar aquesta situaci\u00f3, la Conselleria de Mitj\u00e0 Ambient, Infraestructures i Territori ha iniciat recentment les labors necess\u00e0ries per a la rehabilitaci\u00f3 de les infraestructures. En primer lloc, en el pont sobre el Barranc del Pozalet, ja han comen\u00e7at les labors de neteja i retirada d&#8217;enderrocs, la qual cosa permetr\u00e0 reparar l&#8217;estructura existent, aix\u00ed com el sanege del paviment i la reconstrucci\u00f3 d&#8217;elements com el carril bici i la barana.<\/p>\n\n\n\n<p class=\"wp-block-paragraph\">Aix\u00ed mateix, la segona actuaci\u00f3 se centra en el pont que connecta amb el sector La Lloma. En aquest cas, s&#8217;est\u00e0 avaluant si \u00e9s m\u00e9s convenient rehabilitar l&#8217;estructura actual o construir una nova que mantinga caracter\u00edstiques similars a l&#8217;anterior. Tamb\u00e9 en aquesta \u00e0rea s&#8217;han comen\u00e7at les labors de neteja del llit.<\/p>\n\n\n\n<p class=\"wp-block-paragraph\">Finalment, en la zona de la barana del viari sud i el barranc de Pozalet, s&#8217;estan fent treballs de neteja i retirada d&#8217;enderrocs. Una vegada finalitzades aquestes labors, es procedir\u00e0 a fer treballs d&#8217;estabilitzaci\u00f3 en el marge del llit i instal\u00b7lar nous trams de barana.<\/p>\n\n\n\n<p class=\"wp-block-paragraph\">El termini estimat per a l&#8217;execuci\u00f3 d&#8217;aquestes obres \u00e9s de 10 mesos, amb un pressupost total de 2.700.000 euros, dels quals 200.000 euros estan destinats a la direcci\u00f3 d&#8217;obra i la coordinaci\u00f3 de seguretat i salut.<\/p>\n\n\n\n<p class=\"wp-block-paragraph\">Aquestes actuacions formen part del pla \u2018Recuperem Val\u00e8ncia\u2019 i s&#8217;inicien despr\u00e9s que la Generalitat assumisca les compet\u00e8ncies necess\u00e0ries per a dur a terme la rehabilitaci\u00f3 d&#8217;infraestructures en una vintena de municipis afectats, entre els quals es troben aquests dos ponts de Loriguilla.<\/p>\n\n\n\n<figure class=\"wp-block-image size-large\"><img loading=\"lazy\" decoding=\"async\" width=\"1024\" height=\"771\" src=\"http:\/\/www.tucomarca.com\/wordpress\/segunda\/wp-content\/uploads\/2025\/02\/MED_obras_Loriguilla1-1024x771.jpg\" alt=\"\" class=\"wp-image-253474\" srcset=\"https:\/\/tucomarca.whitekongsoftware.com\/wp-content\/uploads\/2025\/02\/MED_obras_Loriguilla1-1024x771.jpg 1024w, https:\/\/tucomarca.whitekongsoftware.com\/wp-content\/uploads\/2025\/02\/MED_obras_Loriguilla1-300x226.jpg 300w, https:\/\/tucomarca.whitekongsoftware.com\/wp-content\/uploads\/2025\/02\/MED_obras_Loriguilla1-768x578.jpg 768w, https:\/\/tucomarca.whitekongsoftware.com\/wp-content\/uploads\/2025\/02\/MED_obras_Loriguilla1-1536x1157.jpg 1536w, https:\/\/tucomarca.whitekongsoftware.com\/wp-content\/uploads\/2025\/02\/MED_obras_Loriguilla1-2048x1542.jpg 2048w, https:\/\/tucomarca.whitekongsoftware.com\/wp-content\/uploads\/2025\/02\/MED_obras_Loriguilla1-678x509.jpg 678w, https:\/\/tucomarca.whitekongsoftware.com\/wp-content\/uploads\/2025\/02\/MED_obras_Loriguilla1-326x245.jpg 326w, https:\/\/tucomarca.whitekongsoftware.com\/wp-content\/uploads\/2025\/02\/MED_obras_Loriguilla1-80x60.jpg 80w\" sizes=\"auto, (max-width: 1024px) 100vw, 1024px\" \/><\/figure>\n","protected":false},"excerpt":{"rendered":"<div class=\"mh-excerpt\">Els treballs contemplen actuacions sobre dos ponts i una barana sobre el barranc del Pozalet. La Generalitat ha assumit les compet\u00e8ncies per a rehabilitar estructures municipals danyades dins del pla \u2018Recuperem Val\u00e8ncia\u2019. La Conselleria de <a class=\"mh-excerpt-more\" href=\"https:\/\/tucomarca.whitekongsoftware.com\/ca\/la-generalitat-inicia-la-rehabilitacio-de-les-infraestructures-de-loriguilla-danyades-per-la-riuada-amb-una-inversio-de-27-milions-deuros\/\" title=\"La Generalitat inicia la rehabilitaci\u00f3 de les infraestructures de Loriguilla danyades per la riuada amb una inversi\u00f3 de 2,7 milions d&#8217;euros\">[+] <\/a><\/div>\n","protected":false},"author":13,"featured_media":253473,"comment_status":"open","ping_status":"open","sticky":false,"template":"","format":"image","meta":{"footnotes":""},"categories":[10892,21466,10898,10948,10894,10904,10931,10903,10947,10896,10897],"tags":[10899,15409,12903,11199,11431],"class_list":["post-253477","post","type-post","status-publish","format-image","has-post-thumbnail","category-camp-de-turia-ca","category-dana-ca","category-ventana-ca","category-infraestructuras-ca","category-la-comarca-ca","category-sin-categorizar-ca","category-loriguilla-ca","category-medio-ambiente-la-comarca-ca","category-politica","category-seccion-ca","category-sucesos-la-comarca-ca","tag-camp-de-turia-ca","tag-dana-2-ca","tag-infraestructuras-ca","tag-la-comunitat-ca","tag-loriguilla-ca","post_format-post-format-image"],"_links":{"self":[{"href":"https:\/\/tucomarca.whitekongsoftware.com\/ca\/wp-json\/wp\/v2\/posts\/253477","targetHints":{"allow":["GET"]}}],"collection":[{"href":"https:\/\/tucomarca.whitekongsoftware.com\/ca\/wp-json\/wp\/v2\/posts"}],"about":[{"href":"https:\/\/tucomarca.whitekongsoftware.com\/ca\/wp-json\/wp\/v2\/types\/post"}],"author":[{"embeddable":true,"href":"https:\/\/tucomarca.whitekongsoftware.com\/ca\/wp-json\/wp\/v2\/users\/13"}],"replies":[{"embeddable":true,"href":"https:\/\/tucomarca.whitekongsoftware.com\/ca\/wp-json\/wp\/v2\/comments?post=253477"}],"version-history":[{"count":0,"href":"https:\/\/tucomarca.whitekongsoftware.com\/ca\/wp-json\/wp\/v2\/posts\/253477\/revisions"}],"wp:featuredmedia":[{"embeddable":true,"href":"https:\/\/tucomarca.whitekongsoftware.com\/ca\/wp-json\/wp\/v2\/media\/253473"}],"wp:attachment":[{"href":"https:\/\/tucomarca.whitekongsoftware.com\/ca\/wp-json\/wp\/v2\/media?parent=253477"}],"wp:term":[{"taxonomy":"category","embeddable":true,"href":"https:\/\/tucomarca.whitekongsoftware.com\/ca\/wp-json\/wp\/v2\/categories?post=253477"},{"taxonomy":"post_tag","embeddable":true,"href":"https:\/\/tucomarca.whitekongsoftware.com\/ca\/wp-json\/wp\/v2\/tags?post=253477"}],"curies":[{"name":"wp","href":"https:\/\/api.w.org\/{rel}","templated":true}]}}