{"id":253470,"date":"2025-02-10T08:50:00","date_gmt":"2025-02-10T07:50:00","guid":{"rendered":"https:\/\/www.tucomarca.com\/wordpress\/segunda\/?p=253470"},"modified":"2025-02-10T14:37:47","modified_gmt":"2025-02-10T13:37:47","slug":"millars-acomiada-amb-tristesa-a-jose-saez-saez-alcalde-de-la-localitat-entre-1983-i-1992","status":"publish","type":"post","link":"https:\/\/tucomarca.whitekongsoftware.com\/ca\/millars-acomiada-amb-tristesa-a-jose-saez-saez-alcalde-de-la-localitat-entre-1983-i-1992\/","title":{"rendered":"Millars acomiada amb tristesa a Jos\u00e9 S\u00e1ez S\u00e1ez, alcalde de la localitat entre 1983 i 1992"},"content":{"rendered":"\n<p class=\"wp-block-paragraph\">L&#8217;Ajuntament de Millars ha comunicat la defunci\u00f3 de Jos\u00e9 S\u00e1ez S\u00e1ez, conegut afectuosament com &#8220;Pepe de la Salvadora&#8221;, qui va ser alcalde del municipi des de 1983 fins a 1992. Davant aquesta p\u00e8rdua, s&#8217;han decretat tres dies de dol oficial en la localitat.<\/p>\n\n\n\n<p class=\"wp-block-paragraph\">Nascut el 31 de maig de 1938, Jos\u00e9 S\u00e1ez va contraure matrimoni amb Josefina Exp\u00f3sito i va tindre quatre filles. Divendres passat 31 de gener, la seua vida es va apagar als 86 anys, deixant un llegat marcat pel seu comprom\u00eds amb el poble.<\/p>\n\n\n\n<p class=\"wp-block-paragraph\">La seua carrera pol\u00edtica va comen\u00e7ar en 1979, quan, sota les sigles del PSOE, va formar part de la corporaci\u00f3 municipal com a regidor de Policia Urbana i Rural durant el mandat de l&#8217;alcalde Jos\u00e9 Barber\u00e1 P\u00e9rez. M\u00e9s tard, va ser elegit alcalde en les eleccions municipals de 1983, 1987 i 1991, encara que en aquesta \u00faltima legislatura va governar en minoria fins que una moci\u00f3 de censura li va portar a dimitir en 1992. Posteriorment, va continuar com a regidor fins a la fi del seu mandat en 1995.<\/p>\n\n\n\n<p class=\"wp-block-paragraph\">Durant els seus 16 anys de dedicaci\u00f3 al municipi, Pepe va deixar la seua petjada com un home comprom\u00e9s amb el benestar dels seus ve\u00efns. Va emprendre importants obres p\u00fabliques i va destacar per la seua rectitud, tenacitat i perseveran\u00e7a. Sempre va buscar la conc\u00f2rdia entre els habitants de Millars, sent recordat com un home de b\u00e9.<\/p>\n\n\n\n<p class=\"wp-block-paragraph\">Amb la seua partida, Millars acomiada a una figura clau en la seua hist\u00f2ria recent, un referent la mem\u00f2ria del qual romandr\u00e0 en el record col\u00b7lectiu del poble.<\/p>\n","protected":false},"excerpt":{"rendered":"<div class=\"mh-excerpt\">L&#8217;Ajuntament de Millars ha comunicat la defunci\u00f3 de Jos\u00e9 S\u00e1ez S\u00e1ez, conegut afectuosament com &#8220;Pepe de la Salvadora&#8221;, qui va ser alcalde del municipi des de 1983 fins a 1992. Davant aquesta p\u00e8rdua, s&#8217;han decretat <a class=\"mh-excerpt-more\" href=\"https:\/\/tucomarca.whitekongsoftware.com\/ca\/millars-acomiada-amb-tristesa-a-jose-saez-saez-alcalde-de-la-localitat-entre-1983-i-1992\/\" title=\"Millars acomiada amb tristesa a Jos\u00e9 S\u00e1ez S\u00e1ez, alcalde de la localitat entre 1983 i 1992\">[+] <\/a><\/div>\n","protected":false},"author":12,"featured_media":253469,"comment_status":"open","ping_status":"open","sticky":false,"template":"","format":"standard","meta":{"footnotes":""},"categories":[10898,10963,10894,10970,10947,10896,10897],"tags":[11094,11186],"class_list":["post-253470","post","type-post","status-publish","format-standard","has-post-thumbnail","category-ventana-ca","category-la-canal-de-navarres-ca","category-la-comarca-ca","category-millares-ca","category-politica","category-seccion-ca","category-sucesos-la-comarca-ca","tag-la-canal-de-navarres","tag-millares-ca"],"_links":{"self":[{"href":"https:\/\/tucomarca.whitekongsoftware.com\/ca\/wp-json\/wp\/v2\/posts\/253470","targetHints":{"allow":["GET"]}}],"collection":[{"href":"https:\/\/tucomarca.whitekongsoftware.com\/ca\/wp-json\/wp\/v2\/posts"}],"about":[{"href":"https:\/\/tucomarca.whitekongsoftware.com\/ca\/wp-json\/wp\/v2\/types\/post"}],"author":[{"embeddable":true,"href":"https:\/\/tucomarca.whitekongsoftware.com\/ca\/wp-json\/wp\/v2\/users\/12"}],"replies":[{"embeddable":true,"href":"https:\/\/tucomarca.whitekongsoftware.com\/ca\/wp-json\/wp\/v2\/comments?post=253470"}],"version-history":[{"count":0,"href":"https:\/\/tucomarca.whitekongsoftware.com\/ca\/wp-json\/wp\/v2\/posts\/253470\/revisions"}],"wp:featuredmedia":[{"embeddable":true,"href":"https:\/\/tucomarca.whitekongsoftware.com\/ca\/wp-json\/wp\/v2\/media\/253469"}],"wp:attachment":[{"href":"https:\/\/tucomarca.whitekongsoftware.com\/ca\/wp-json\/wp\/v2\/media?parent=253470"}],"wp:term":[{"taxonomy":"category","embeddable":true,"href":"https:\/\/tucomarca.whitekongsoftware.com\/ca\/wp-json\/wp\/v2\/categories?post=253470"},{"taxonomy":"post_tag","embeddable":true,"href":"https:\/\/tucomarca.whitekongsoftware.com\/ca\/wp-json\/wp\/v2\/tags?post=253470"}],"curies":[{"name":"wp","href":"https:\/\/api.w.org\/{rel}","templated":true}]}}