{"id":253302,"date":"2025-02-08T12:00:00","date_gmt":"2025-02-08T11:00:00","guid":{"rendered":"https:\/\/www.tucomarca.com\/wordpress\/segunda\/?p=253302"},"modified":"2025-02-08T14:21:52","modified_gmt":"2025-02-08T13:21:52","slug":"raga-anuncia-la-creacio-de-5-grans-arees-en-lexecutiva-provincial-del-pspv-per-a-ajudar-a-recuperar-la-generalitat-la-diputacio-i-els-ajuntaments","status":"publish","type":"post","link":"https:\/\/tucomarca.whitekongsoftware.com\/ca\/raga-anuncia-la-creacio-de-5-grans-arees-en-lexecutiva-provincial-del-pspv-per-a-ajudar-a-recuperar-la-generalitat-la-diputacio-i-els-ajuntaments\/","title":{"rendered":"Raga anuncia la creaci\u00f3 de 5 grans \u00e0rees en l&#8217;executiva provincial del PSPV per a \u201cajudar a recuperar la Generalitat, la Diputaci\u00f3 i els ajuntaments&#8221;"},"content":{"rendered":"\n<h3 class=\"wp-block-heading\">El candidat a la secretaria del PSPV de la prov\u00edncia de Val\u00e8ncia desgrana algunes de les claus de la seua proposta.\u00a0<\/h3>\n\n\n\n<p class=\"wp-block-paragraph\">Robert Raga, candidat a la secretaria general de la prov\u00edncia de Val\u00e8ncia del PSPV, ha avan\u00e7at alguns dels eixos que centraran la seua campanya al llac de les pr\u00f2ximes setmanes amb la vista posada en la recuperaci\u00f3 del poder municipal, la Diputaci\u00f3 de Val\u00e8ncia i la Generalitat Valenciana \u201camb el suport de tots els militants i simpatitzants davant l&#8217;aband\u00f3 i la deixadesa dels governs de la dreta i la ultradreta\u201d.&nbsp;<\/p>\n\n\n\n<p class=\"wp-block-paragraph\">El candidat a la secretaria general socialista a Val\u00e8ncia ha incidit en la necessitat de \u201ccrear una estructura de treball i gesti\u00f3 per a il\u00b7lusionar als militants i a les bases amb la mirada en les eleccions de l&#8217;any 2027, en la qual el projecte socialista ser\u00e0 l&#8217;eix principal que permetr\u00e0 formar governs socialistes als ajuntaments, la Diputaci\u00f3 de Val\u00e8ncia i la Generalitat\u201d.&nbsp;<\/p>\n\n\n\n<p class=\"wp-block-paragraph\">Robert Raga, secretari general del PSPV de Riba-roja de T\u00faria i alcalde d&#8217;aquesta localitat, ha anunciat que es crearan un total de 5 grans \u00e0rees de gesti\u00f3 en l&#8217;executiva provincial dels socialistes: coordinaci\u00f3 comarcal local, reconstrucci\u00f3 de la DANA, lluita contra les faules i les faek-news, despoblament i, finalment, habitatge. \u00a0<\/p>\n\n\n\n<p class=\"wp-block-paragraph\">El candidat a la secretaria provincial del PSPV ha subratllat la necessitat de \u201cparlar, reflexionar i proposar un projecte il\u00b7lusionant, reactivador i pr\u00f2xim als problemes que viuen dia a dia els ve\u00efns dels municipis ja que ser\u00e0 a partir dels ajuntaments quan els socialistes podrem recuperar els governs dels ajuntaments, de la Diputaci\u00f3 i de la Generalitat; la nostra proposta \u00e9s plenament municipalista, pr\u00f2xim a la ciutadania i amb la hist\u00f2ria d&#8217;un partit que sempre ha sabut plantejar alternatives als problemes de les persones, i m\u00e9s tenint en compte els efectes tan negatius que han deixat la gesti\u00f3 de la dreta i la ultradreta en les institucions en poc m\u00e9s d&#8217;any i mig\u201d.&nbsp;<\/p>\n\n\n\n<p class=\"wp-block-paragraph\">Finalment, Robert Raga ha avan\u00e7at que si \u00e9s elegit secretari provincial del PSPV \u201ctreballar\u00e9 bra\u00e7 a bra\u00e7 amb l&#8217;executiva nacional perqu\u00e8 entre tots puguem ajudar a recuperar el poder municipal, basat en l&#8217;apoderament de les organitzacions comarcals i locals i amb un full de ruta en la qual l&#8217;important s\u00f3n les persones, lluitar contra les desigualtats i resoldre reptes tan importants com l&#8217;acc\u00e9s a l&#8217;habitatge, la q\u00fcesti\u00f3 de la despoblaci\u00f3 a les comarques d&#8217;interior i continuar amb el pla d&#8217;ajuda i recuperaci\u00f3 de les localitats afectades per la DANA\u201d.<\/p>\n","protected":false},"excerpt":{"rendered":"<div class=\"mh-excerpt\">El candidat a la secretaria del PSPV de la prov\u00edncia de Val\u00e8ncia desgrana algunes de les claus de la seua proposta.\u00a0 Robert Raga, candidat a la secretaria general de la prov\u00edncia de Val\u00e8ncia del PSPV, <a class=\"mh-excerpt-more\" href=\"https:\/\/tucomarca.whitekongsoftware.com\/ca\/raga-anuncia-la-creacio-de-5-grans-arees-en-lexecutiva-provincial-del-pspv-per-a-ajudar-a-recuperar-la-generalitat-la-diputacio-i-els-ajuntaments\/\" title=\"Raga anuncia la creaci\u00f3 de 5 grans \u00e0rees en l&#8217;executiva provincial del PSPV per a \u201cajudar a recuperar la Generalitat, la Diputaci\u00f3 i els ajuntaments&#8221;\">[+] <\/a><\/div>\n","protected":false},"author":12,"featured_media":253300,"comment_status":"open","ping_status":"open","sticky":false,"template":"","format":"standard","meta":{"footnotes":""},"categories":[10892,10898,10948,10894,10904,10947,10906,10896],"tags":[10899,11140,11102,13181],"class_list":["post-253302","post","type-post","status-publish","format-standard","has-post-thumbnail","category-camp-de-turia-ca","category-ventana-ca","category-infraestructuras-ca","category-la-comarca-ca","category-sin-categorizar-ca","category-politica","category-riba-roja-ca","category-seccion-ca","tag-camp-de-turia-ca","tag-politica-ca","tag-riba-roja-2-ca","tag-robert-raga-ca"],"_links":{"self":[{"href":"https:\/\/tucomarca.whitekongsoftware.com\/ca\/wp-json\/wp\/v2\/posts\/253302","targetHints":{"allow":["GET"]}}],"collection":[{"href":"https:\/\/tucomarca.whitekongsoftware.com\/ca\/wp-json\/wp\/v2\/posts"}],"about":[{"href":"https:\/\/tucomarca.whitekongsoftware.com\/ca\/wp-json\/wp\/v2\/types\/post"}],"author":[{"embeddable":true,"href":"https:\/\/tucomarca.whitekongsoftware.com\/ca\/wp-json\/wp\/v2\/users\/12"}],"replies":[{"embeddable":true,"href":"https:\/\/tucomarca.whitekongsoftware.com\/ca\/wp-json\/wp\/v2\/comments?post=253302"}],"version-history":[{"count":0,"href":"https:\/\/tucomarca.whitekongsoftware.com\/ca\/wp-json\/wp\/v2\/posts\/253302\/revisions"}],"wp:featuredmedia":[{"embeddable":true,"href":"https:\/\/tucomarca.whitekongsoftware.com\/ca\/wp-json\/wp\/v2\/media\/253300"}],"wp:attachment":[{"href":"https:\/\/tucomarca.whitekongsoftware.com\/ca\/wp-json\/wp\/v2\/media?parent=253302"}],"wp:term":[{"taxonomy":"category","embeddable":true,"href":"https:\/\/tucomarca.whitekongsoftware.com\/ca\/wp-json\/wp\/v2\/categories?post=253302"},{"taxonomy":"post_tag","embeddable":true,"href":"https:\/\/tucomarca.whitekongsoftware.com\/ca\/wp-json\/wp\/v2\/tags?post=253302"}],"curies":[{"name":"wp","href":"https:\/\/api.w.org\/{rel}","templated":true}]}}