{"id":253257,"date":"2025-02-07T17:00:00","date_gmt":"2025-02-07T16:00:00","guid":{"rendered":"https:\/\/www.tucomarca.com\/wordpress\/segunda\/?p=253257"},"modified":"2025-02-08T14:05:06","modified_gmt":"2025-02-08T13:05:06","slug":"la-diputacio-de-valencia-ajudara-a-manuel-a-arreglar-els-danys-de-la-dana","status":"publish","type":"post","link":"https:\/\/tucomarca.whitekongsoftware.com\/ca\/la-diputacio-de-valencia-ajudara-a-manuel-a-arreglar-els-danys-de-la-dana\/","title":{"rendered":"La Diputaci\u00f3 de Val\u00e8ncia ajudar\u00e0 a Manuel a arreglar els danys de la DANA\u00a0"},"content":{"rendered":"\n<h3 class=\"wp-block-heading\">El president Vicent Momp\u00f3 visita Manuel al costat de l&#8217;alcalde, C\u00e9sar Carbonell, que utilitzar\u00e0 els 150.000 euros procedents del fons incondicionat de la Diputaci\u00f3 a refor\u00e7ar la canalitzaci\u00f3 d&#8217;aig\u00fces per a evitar noves riuades.<\/h3>\n\n\n\n<h3 class=\"wp-block-heading\">Momp\u00f3 ha aprofitat per a insistir en la necessitat d&#8217;incorporar als 28 municipis, entre els quals es troba Manuel, que encara seguixen fora del decret d&#8217;ajudes del Govern d&#8217;Espanya.<\/h3>\n\n\n\n<p class=\"wp-block-paragraph\">El president de la Diputaci\u00f3 de Val\u00e8ncia, Vicent Momp\u00f3, ha visitat este mat\u00ed Manuel per a comprovar els danys que la DANA ha provocat en el municipi de la Ribera Alta, aix\u00ed com con\u00e9ixer de primera m\u00e0 els projectes que la localitat est\u00e0 duent a terme amb ajuda de la corporaci\u00f3 provincial.\u00a0<\/p>\n\n\n\n<p class=\"wp-block-paragraph\">Momp\u00f3 ha recorregut al costat de l&#8217;alcalde de la localitat, C\u00e9sar Carbonell, les zones danyades per la dana del 29 d&#8217;octubre, principalment la zona baixa del poble, on el pas de l&#8217;aigua va afectar la s\u00e9quia de la comunitat de regants, camins rurals, murs i altres infraestructures com la via ciclopedestre que es va inundar completament. L&#8217;alcalde ha expressat al president de la Diputaci\u00f3 les necessitats m\u00e9s urgents que t\u00e9 ara el municipi, entre les quals es troba la neteja de la s\u00e9quia o la construcci\u00f3 de desguassos i canalitzacions per a evitar noves inundacions. Estes tasques de reconstrucci\u00f3 es podran dur a terme gr\u00e0cies als 150.000 euros aportats per la instituci\u00f3 provincial com a part del fons incondicionat aprovat per als 100 municipis afectats.<\/p>\n\n\n\n<p class=\"wp-block-paragraph\">\u201cHem pogut escoltar de primera m\u00e0 els problemes amb els quals s&#8217;ha trobat Manuel a causa de la dana. Cal tindre en compte que \u00e9s un poble xicotet, amb un pressupost limitat, i per aix\u00f2 \u00e9s necessari ajudar-lo i estar al seu costat, que \u00e9s el que ha fet la Diputaci\u00f3 des del principi. Els estem oferint ajuda a nivell t\u00e8cnic en tot moment, posant a la seua disposici\u00f3 als nostres experts, i abordarem l&#8217;assumpte de la neteja de la s\u00e9quia que l&#8217;ajuntament no pot dur a terme perqu\u00e8 \u00e9s propietat de la comunitat de regants\u201d, ha indicat el president Vicent Momp\u00f3.<\/p>\n\n\n\n<p class=\"wp-block-paragraph\">El cap de l&#8217;executiu provincial ha aprofitat la visita per a reclamar una vegada m\u00e9s al Govern d&#8217;Espanya la inclusi\u00f3 de 28 municipis valencians que continuen estant fora del decret d&#8217;ajudes per a la reconstrucci\u00f3 despr\u00e9s de la dana, entre els quals es troba Manuel. \u201cVenim denunciant des del comen\u00e7ament la situaci\u00f3 d&#8217;estos pobles que s\u00ed que estan en el decret de la Generalitat per\u00f2 no en el del Govern central. Entenem que cal centrar-se en els municipis m\u00e9s afectats, per\u00f2 cal no oblidar als que han patit menys danys, per\u00f2 que no poden afrontar per si sols la reconstrucci\u00f3\u201d, ha manifestat.<\/p>\n\n\n\n<figure class=\"wp-block-image size-large\"><img loading=\"lazy\" decoding=\"async\" width=\"1024\" height=\"666\" src=\"http:\/\/www.tucomarca.com\/wordpress\/segunda\/wp-content\/uploads\/2025\/02\/Dipu_ManuelDana3-1024x666.jpg\" alt=\"\" class=\"wp-image-253254\" srcset=\"https:\/\/tucomarca.whitekongsoftware.com\/wp-content\/uploads\/2025\/02\/Dipu_ManuelDana3-1024x666.jpg 1024w, https:\/\/tucomarca.whitekongsoftware.com\/wp-content\/uploads\/2025\/02\/Dipu_ManuelDana3-300x195.jpg 300w, https:\/\/tucomarca.whitekongsoftware.com\/wp-content\/uploads\/2025\/02\/Dipu_ManuelDana3-768x499.jpg 768w, https:\/\/tucomarca.whitekongsoftware.com\/wp-content\/uploads\/2025\/02\/Dipu_ManuelDana3.jpg 1181w\" sizes=\"auto, (max-width: 1024px) 100vw, 1024px\" \/><\/figure>\n\n\n\n<p class=\"wp-block-paragraph\"><strong>Obres en Manuel finan\u00e7ades per la Diputaci\u00f3<\/strong><\/p>\n\n\n\n<p class=\"wp-block-paragraph\">Durant la visita, l&#8217;alcalde ha pogut explicar al president de la corporaci\u00f3 provincial els diferents projectes que l&#8217;ajuntament t\u00e9 previst realizar gr\u00e0cies a l&#8217;ajuda del Pla Obert d\u2019Inversions. \u201cUn dels projectes m\u00e9s importants que posarem en marxa \u00e9s la construcci\u00f3 d&#8217;una nova passarel\u00b7la que unir\u00e0 els carrers Desmont i Bona Vista, per a aix\u00f2 s&#8217;invertir\u00e0 un total de 89.000 euros. Aix\u00f2 permetr\u00e0 crear un nou espai perqu\u00e8 la gent gran puga caminar\u201d, ha detallat C\u00e9sar Carbonell.<\/p>\n\n\n\n<p class=\"wp-block-paragraph\">El municipi riberenc preveu tamb\u00e9 finan\u00e7ar amb diners de la Diputaci\u00f3 altres projectes com la renovaci\u00f3 del fibrociment de les canonades de la xarxa d&#8217;aigua potable; l&#8217;adquisici\u00f3 de l&#8217;estaci\u00f3 d&#8217;ADIF per a crear un nou espai multiusos; i la construcci\u00f3 d&#8217;una galotxeta per a la pr\u00e0ctica de la pilota valenciana.<\/p>\n\n\n\n<p class=\"wp-block-paragraph\">A aix\u00f2 cal afegir els projectes ja finalitzats que Manuel ha finan\u00e7at amb l&#8217;anterior Pla d&#8217;Inversions de la Diputaci\u00f3. Es tracta de la renovaci\u00f3 i millora de l&#8217;accessibilitat de diversos carrers del municipi, per a aix\u00f2 es van invertir 470.000 euros; i la reforma de l&#8217;Auditori Municipal, que va suposar un desemborsament de 330.000 euros en total.<\/p>\n\n\n\n<p class=\"wp-block-paragraph\">Manuel t\u00e9 assignats 1.119.657 euros del Pla Obert d\u2019Inversions 2024-2027, la qual cosa suposa 204.000 euros m\u00e9s que en l&#8217;anterior pla 2020-2023.<\/p>\n\n\n\n<p class=\"wp-block-paragraph\"><strong>Sol\u00b7licitud al Govern<\/strong><\/p>\n\n\n\n<p class=\"wp-block-paragraph\">La Diputaci\u00f3 de Val\u00e8ncia ha sol\u00b7licitat de manera formal al Govern d&#8217;Espanya la inclusi\u00f3 de 28 noves localitats de la prov\u00edncia en el llistat de municipis afectats per la dana que va aprovar l&#8217;executiu central el passat 5 de novembre en el Reial decret llei 6\/2024. En l&#8217;annex d&#8217;este document, elaborat pocs dies despr\u00e9s de la cat\u00e0strofe i que no ha tornat a ser actualitzat, s\u00f3n 75 els municipis amb la condici\u00f3 d&#8217;afectats per les inundacions.<\/p>\n\n\n\n<p class=\"wp-block-paragraph\">A trav\u00e9s d&#8217;una carta dirigida a la delegada del Govern en la Comunitat Valenciana, Pilar Bernab\u00e9, el diputat provincial de Fons Europeus, Juan Ram\u00f3n Adsuara, assegura que el llistat del Reial decret no arreplega a tots els municipis afectats per la dana, creant-se una difer\u00e8ncia i desigualtat territorial respecte als que s\u00ed que tenen eixa consideraci\u00f3.&nbsp;<\/p>\n\n\n\n<p class=\"wp-block-paragraph\">Per a la Diputaci\u00f3 de Val\u00e8ncia \u00e9s imprescindible que el Govern d&#8217;Espanya incloga en la seua llista de municipis amb la consideraci\u00f3 d&#8217;afectats per la dana a Alberic, Barxeta, Benaguasil, Benimodo, Carcaixent, Castell\u00f3, Castielfabib, Chulilla, l&#8217;\u00c9nova, Manuel, Millares, La Pobla Llarga, Rafelguaraf, Senyera, Tous, Aras de los Olmos, Benag\u00e9ber, Benimuslem, Casinos, Chelva, Gavarda, Losa del Obispo, Massalav\u00e9s, Sant Joanet, Titaguas, Tu\u00e9jar, Villar del Arzobispo i Xeraco, que complixen els criteris establits per a accedir a les diferents ajudes.<\/p>\n\n\n\n<p class=\"wp-block-paragraph\">Tots ells s\u00ed que s\u00f3n considerats com afectats per les inundacions pel govern de la Generalitat Valenciana.<\/p>\n","protected":false},"excerpt":{"rendered":"<div class=\"mh-excerpt\">El president Vicent Momp\u00f3 visita Manuel al costat de l&#8217;alcalde, C\u00e9sar Carbonell, que utilitzar\u00e0 els 150.000 euros procedents del fons incondicionat de la Diputaci\u00f3 a refor\u00e7ar la canalitzaci\u00f3 d&#8217;aig\u00fces per a evitar noves riuades. Momp\u00f3 <a class=\"mh-excerpt-more\" href=\"https:\/\/tucomarca.whitekongsoftware.com\/ca\/la-diputacio-de-valencia-ajudara-a-manuel-a-arreglar-els-danys-de-la-dana\/\" title=\"La Diputaci\u00f3 de Val\u00e8ncia ajudar\u00e0 a Manuel a arreglar els danys de la DANA\u00a0\">[+] <\/a><\/div>\n","protected":false},"author":12,"featured_media":253253,"comment_status":"open","ping_status":"open","sticky":false,"template":"","format":"standard","meta":{"footnotes":""},"categories":[21466,10898,10948,10894,10904,10902,10998,10903,10947,10896,10897],"tags":[15409,11246,18862,11356,16563],"class_list":["post-253257","post","type-post","status-publish","format-standard","has-post-thumbnail","category-dana-ca","category-ventana-ca","category-infraestructuras-ca","category-la-comarca-ca","category-sin-categorizar-ca","category-la-ribera-ca","category-manuel-ca","category-medio-ambiente-la-comarca-ca","category-politica","category-seccion-ca","category-sucesos-la-comarca-ca","tag-dana-2-ca","tag-diputacio-de-valencia-ca","tag-manuel-ca","tag-ribera-alta-ca","tag-vicente-mompo-ca"],"_links":{"self":[{"href":"https:\/\/tucomarca.whitekongsoftware.com\/ca\/wp-json\/wp\/v2\/posts\/253257","targetHints":{"allow":["GET"]}}],"collection":[{"href":"https:\/\/tucomarca.whitekongsoftware.com\/ca\/wp-json\/wp\/v2\/posts"}],"about":[{"href":"https:\/\/tucomarca.whitekongsoftware.com\/ca\/wp-json\/wp\/v2\/types\/post"}],"author":[{"embeddable":true,"href":"https:\/\/tucomarca.whitekongsoftware.com\/ca\/wp-json\/wp\/v2\/users\/12"}],"replies":[{"embeddable":true,"href":"https:\/\/tucomarca.whitekongsoftware.com\/ca\/wp-json\/wp\/v2\/comments?post=253257"}],"version-history":[{"count":0,"href":"https:\/\/tucomarca.whitekongsoftware.com\/ca\/wp-json\/wp\/v2\/posts\/253257\/revisions"}],"wp:featuredmedia":[{"embeddable":true,"href":"https:\/\/tucomarca.whitekongsoftware.com\/ca\/wp-json\/wp\/v2\/media\/253253"}],"wp:attachment":[{"href":"https:\/\/tucomarca.whitekongsoftware.com\/ca\/wp-json\/wp\/v2\/media?parent=253257"}],"wp:term":[{"taxonomy":"category","embeddable":true,"href":"https:\/\/tucomarca.whitekongsoftware.com\/ca\/wp-json\/wp\/v2\/categories?post=253257"},{"taxonomy":"post_tag","embeddable":true,"href":"https:\/\/tucomarca.whitekongsoftware.com\/ca\/wp-json\/wp\/v2\/tags?post=253257"}],"curies":[{"name":"wp","href":"https:\/\/api.w.org\/{rel}","templated":true}]}}