{"id":253035,"date":"2025-02-06T12:15:00","date_gmt":"2025-02-06T11:15:00","guid":{"rendered":"https:\/\/www.tucomarca.com\/wordpress\/segunda\/?p=253035"},"modified":"2025-02-06T14:28:32","modified_gmt":"2025-02-06T13:28:32","slug":"el-palau-de-congressos-de-peniscola-acull-la-nova-produccio-de-livc-la-mancha","status":"publish","type":"post","link":"https:\/\/tucomarca.whitekongsoftware.com\/ca\/el-palau-de-congressos-de-peniscola-acull-la-nova-produccio-de-livc-la-mancha\/","title":{"rendered":"El Palau de Congressos de Pen\u00edscola acull la nova producci\u00f3 de l\u2019IVC \u2018La Mancha\u2019"},"content":{"rendered":"\n<h3 class=\"wp-block-heading\">L\u2019obra de teatre, que es representa el dissabte 8 de febrer, a les 19:00 hores, \u00e9s una tragicom\u00e8dia del dramaturg sogorb\u00ed Sergio Serrano.<\/h3>\n\n\n\n<h3 class=\"wp-block-heading\">La programaci\u00f3 regular del Palau de Congressos de Pen\u00edscola continua durant el trimestre amb m\u00e9s teatre i cine.<\/h3>\n\n\n\n<p class=\"wp-block-paragraph\">L\u2019Institut Valenci\u00e0 de Cultura presenta en el Palau de Congressos de Pen\u00edscola, el dissabte 8 de febrer, a les 19:00 hores, la seua nova producci\u00f3 pr\u00f2pia&nbsp;<em>La Mancha<\/em>&nbsp;del dramaturg sogorb\u00ed Sergio Serrano.<\/p>\n\n\n\n<p class=\"wp-block-paragraph\">La producci\u00f3 de l\u2019IVC arriba fins a Pen\u00edscola despr\u00e9s de la seua estrena en el Teatre Rialto de Val\u00e8ncia i el seu pas, amb gran \u00e8xit, pel Teatre Principal de Castell\u00f3 i el Teatre Arniches d\u2019Alacant.<\/p>\n\n\n\n<p class=\"wp-block-paragraph\">L\u2019obra \u00e9s una tragicom\u00e8dia que va escriure l\u2019autor en el Laboratori de Dramat\u00fargia Josep Llu\u00eds Sirera, de l\u2019Institut Valenci\u00e0 de Cultura, amb el lema \u2018La realitat i el desig\u2019. El text i el seu relat juga amb estos dos conceptes a partir de la hist\u00f2ria d\u2019una fam\u00edlia que descobrix una taca en la paret de la seua cuina.<\/p>\n\n\n\n<p class=\"wp-block-paragraph\">Pep Ricart, Mafalda Bellido, Ernesto Pastor, Mar\u00eda Covadonga i Alberto Mart\u00edn de Miguel interpreten esta fam\u00edlia que, entre el silenci, la por, la incertesa i la curiositat, no poden deixar de mirar eixa taca de la paret.<\/p>\n\n\n\n<p class=\"wp-block-paragraph\">L\u2019autor partix d\u2019esta xicoteta an\u00e8cdota per a \u201cparlar sobre les seues pors i els seus anhels, sobre la incomunicaci\u00f3, l\u2019abs\u00e8ncia de futur, sobre all\u00f2 que ocultem com a individus, per\u00f2 tamb\u00e9 com a reflex de la societat en la qual vivim i en tot el que ocultem, per\u00f2 per damunt de tot, sobre l\u2019esperan\u00e7a que les coses en algun moment siguen diferents\u201d.<\/p>\n\n\n\n<p class=\"wp-block-paragraph\">Compta amb un equip art\u00edstic i t\u00e8cnic integrat per professionals valencians. A m\u00e9s d\u2019escriure el text, Sergio Serrano dirigix la producci\u00f3 juntament amb Marcos Sproston, i amb la mirada externa de Roland Schimmelpfennig.<\/p>\n\n\n\n<p class=\"wp-block-paragraph\">Les entrades per a este espectacle tenen un preu de 10 euros. Poden adquirir-se en taquilla i en la web&nbsp;<a href=\"https:\/\/ivc.gva.es\/\">ivc.gva.es<\/a>.<\/p>\n\n\n\n<p class=\"wp-block-paragraph\"><strong>Cine i teatre en el Palau de Congressos de Pen\u00edscola<\/strong><\/p>\n\n\n\n<p class=\"wp-block-paragraph\">La programaci\u00f3 regular del Palau de Congressos de Pen\u00edscola continua durant el trimestre amb una oferta que combina les arts esc\u00e8niques i el cine.<\/p>\n\n\n\n<p class=\"wp-block-paragraph\">Una de les pr\u00f2ximes cites tindr\u00e0 el m\u00f3n del circ com a protagonista. El 16 de mar\u00e7 arriba fins al Palau de Congressos l\u2019espectacle&nbsp;<em>Llar&nbsp;<\/em>de la companyia Federico Menini i amb la direcci\u00f3 de Lucas Escobedo. L\u2019obra unix l\u2019arquitectura i les arts circenses amb la fusta com a protagonista.<\/p>\n\n\n\n<p class=\"wp-block-paragraph\">A m\u00e9s, la programaci\u00f3 cinematogr\u00e0fica del Palau de Congressos de Pen\u00edscola comptar\u00e0 durant les pr\u00f2ximes setmanes amb t\u00edtols com&nbsp;<em>La infiltrada<\/em>,&nbsp;<em>Emilia P\u00e9rez<\/em>&nbsp;o&nbsp;<em>Los destellos<\/em>. La pel\u00b7l\u00edcula&nbsp;<em>Vermiglio&nbsp;<\/em>tancar\u00e0 la programaci\u00f3 del primer trimestre de 2025.<\/p>\n\n\n\n<p class=\"wp-block-paragraph\">M\u00e9s informaci\u00f3 i venda d\u2019entrades en la web de l\u2019<a href=\"https:\/\/ivc.gva.es\/\">IVC<\/a>.<\/p>\n","protected":false},"excerpt":{"rendered":"<div class=\"mh-excerpt\">L\u2019obra de teatre, que es representa el dissabte 8 de febrer, a les 19:00 hores, \u00e9s una tragicom\u00e8dia del dramaturg sogorb\u00ed Sergio Serrano. La programaci\u00f3 regular del Palau de Congressos de Pen\u00edscola continua durant el <a class=\"mh-excerpt-more\" href=\"https:\/\/tucomarca.whitekongsoftware.com\/ca\/el-palau-de-congressos-de-peniscola-acull-la-nova-produccio-de-livc-la-mancha\/\" title=\"El Palau de Congressos de Pen\u00edscola acull la nova producci\u00f3 de l\u2019IVC \u2018La Mancha\u2019\">[+] <\/a><\/div>\n","protected":false},"author":13,"featured_media":253033,"comment_status":"open","ping_status":"open","sticky":false,"template":"","format":"standard","meta":{"footnotes":""},"categories":[11019,10904,11007,10896],"tags":[13274,17761,11199,15856],"class_list":["post-253035","post","type-post","status-publish","format-standard","has-post-thumbnail","category-agenda-ca","category-sin-categorizar-ca","category-ocio-y-cultura-ca","category-seccion-ca","tag-institut-valencia-de-cultura-ca","tag-ivc-ca","tag-la-comunitat-ca","tag-ocio-y-cultura-ca"],"_links":{"self":[{"href":"https:\/\/tucomarca.whitekongsoftware.com\/ca\/wp-json\/wp\/v2\/posts\/253035","targetHints":{"allow":["GET"]}}],"collection":[{"href":"https:\/\/tucomarca.whitekongsoftware.com\/ca\/wp-json\/wp\/v2\/posts"}],"about":[{"href":"https:\/\/tucomarca.whitekongsoftware.com\/ca\/wp-json\/wp\/v2\/types\/post"}],"author":[{"embeddable":true,"href":"https:\/\/tucomarca.whitekongsoftware.com\/ca\/wp-json\/wp\/v2\/users\/13"}],"replies":[{"embeddable":true,"href":"https:\/\/tucomarca.whitekongsoftware.com\/ca\/wp-json\/wp\/v2\/comments?post=253035"}],"version-history":[{"count":0,"href":"https:\/\/tucomarca.whitekongsoftware.com\/ca\/wp-json\/wp\/v2\/posts\/253035\/revisions"}],"wp:featuredmedia":[{"embeddable":true,"href":"https:\/\/tucomarca.whitekongsoftware.com\/ca\/wp-json\/wp\/v2\/media\/253033"}],"wp:attachment":[{"href":"https:\/\/tucomarca.whitekongsoftware.com\/ca\/wp-json\/wp\/v2\/media?parent=253035"}],"wp:term":[{"taxonomy":"category","embeddable":true,"href":"https:\/\/tucomarca.whitekongsoftware.com\/ca\/wp-json\/wp\/v2\/categories?post=253035"},{"taxonomy":"post_tag","embeddable":true,"href":"https:\/\/tucomarca.whitekongsoftware.com\/ca\/wp-json\/wp\/v2\/tags?post=253035"}],"curies":[{"name":"wp","href":"https:\/\/api.w.org\/{rel}","templated":true}]}}