{"id":252944,"date":"2025-02-05T12:30:00","date_gmt":"2025-02-05T11:30:00","guid":{"rendered":"https:\/\/www.tucomarca.com\/wordpress\/segunda\/los-trenes-de-la-linea-c3-de-renfe-no-volveran-a-llegar-a-bunol-antes-del-fin-de-este-ano-y-a-utiel-hasta-finales-de-2026\/"},"modified":"2025-02-05T18:53:52","modified_gmt":"2025-02-05T17:53:52","slug":"los-trenes-de-la-linea-c3-de-renfe-no-volveran-a-llegar-a-bunol-antes-del-fin-de-este-ano-y-a-utiel-hasta-finales-de-2026","status":"publish","type":"post","link":"https:\/\/tucomarca.whitekongsoftware.com\/ca\/los-trenes-de-la-linea-c3-de-renfe-no-volveran-a-llegar-a-bunol-antes-del-fin-de-este-ano-y-a-utiel-hasta-finales-de-2026\/","title":{"rendered":"Els trens de la l\u00ednia C3 no tornaran a arribar a Bunyol abans de la fi d&#8217;enguany i a Utiel fins a finals de 2026"},"content":{"rendered":"\n<p class=\"wp-block-paragraph\">La l\u00ednia ferrovi\u00e0ria C3 Val\u00e8ncia-Bunyol-Utiel, afectada greument per la DANA del passat 29 d&#8217;octubre, no entrar\u00e0 en servei, com molt prompte abans de finals d&#8217;aquest any 2025, tal com han fet p\u00fablic fonts d&#8217;Adif.<\/p>\n\n\n\n<p class=\"wp-block-paragraph\">Segons aquestes mateixes fonts, les obres de rehabilitaci\u00f3, que ja estan en marxa, es realitzaran en dues fases: la primera, que contempla la restauraci\u00f3 del tram fins a Bunyol, est\u00e0 previst que es complete a la fi de 2025; mentre que la segona fase, corresponent al tram entre Bunyol i Utiel, requerir\u00e0 treballs m\u00e9s complexos i no es finalitzar\u00e0 fins a finals de 2026.<\/p>\n\n\n\n<p class=\"wp-block-paragraph\">Aquestes actuacions busquen retornar la connectivitat ferrovi\u00e0ria a una de les zones m\u00e9s afectades pel temporal, l&#8217;impacte devastador del qual va deixar importants danys en infraestructures cr\u00edtiques.<\/p>\n","protected":false},"excerpt":{"rendered":"<div class=\"mh-excerpt\">La l\u00ednia ferrovi\u00e0ria C3 Val\u00e8ncia-Bunyol-Utiel, afectada greument per la DANA del passat 29 d&#8217;octubre, no entrar\u00e0 en servei, com molt prompte abans de finals d&#8217;aquest any 2025, tal com han fet p\u00fablic fonts d&#8217;Adif. Segons <a class=\"mh-excerpt-more\" href=\"https:\/\/tucomarca.whitekongsoftware.com\/ca\/los-trenes-de-la-linea-c3-de-renfe-no-volveran-a-llegar-a-bunol-antes-del-fin-de-este-ano-y-a-utiel-hasta-finales-de-2026\/\" title=\"Els trens de la l\u00ednia C3 no tornaran a arribar a Bunyol abans de la fi d&#8217;enguany i a Utiel fins a finals de 2026\">[+] <\/a><\/div>\n","protected":false},"author":12,"featured_media":244787,"comment_status":"open","ping_status":"open","sticky":false,"template":"","format":"standard","meta":{"footnotes":""},"categories":[10911,21466,10898,10948,10894,10904,10912,10903,10947,10909,10896,10897,11059],"tags":[12214,10913,15409,10914,14116,10910],"class_list":["post-252944","post","type-post","status-publish","format-standard","has-post-thumbnail","category-bunol-ca","category-dana-ca","category-ventana-ca","category-infraestructuras-ca","category-la-comarca-ca","category-sin-categorizar-ca","category-la-hoya-ca","category-medio-ambiente-la-comarca-ca","category-politica","category-requena-utiel-ca","category-seccion-ca","category-sucesos-la-comarca-ca","category-utiel-ca","tag-adif-ca","tag-bunol-ca","tag-dana-2-ca","tag-la-hoya-de-bunol-chiva-ca","tag-linea-c3-valencia-utiel-ca","tag-requena-utiel-ca"],"_links":{"self":[{"href":"https:\/\/tucomarca.whitekongsoftware.com\/ca\/wp-json\/wp\/v2\/posts\/252944","targetHints":{"allow":["GET"]}}],"collection":[{"href":"https:\/\/tucomarca.whitekongsoftware.com\/ca\/wp-json\/wp\/v2\/posts"}],"about":[{"href":"https:\/\/tucomarca.whitekongsoftware.com\/ca\/wp-json\/wp\/v2\/types\/post"}],"author":[{"embeddable":true,"href":"https:\/\/tucomarca.whitekongsoftware.com\/ca\/wp-json\/wp\/v2\/users\/12"}],"replies":[{"embeddable":true,"href":"https:\/\/tucomarca.whitekongsoftware.com\/ca\/wp-json\/wp\/v2\/comments?post=252944"}],"version-history":[{"count":0,"href":"https:\/\/tucomarca.whitekongsoftware.com\/ca\/wp-json\/wp\/v2\/posts\/252944\/revisions"}],"wp:featuredmedia":[{"embeddable":true,"href":"https:\/\/tucomarca.whitekongsoftware.com\/ca\/wp-json\/wp\/v2\/media\/244787"}],"wp:attachment":[{"href":"https:\/\/tucomarca.whitekongsoftware.com\/ca\/wp-json\/wp\/v2\/media?parent=252944"}],"wp:term":[{"taxonomy":"category","embeddable":true,"href":"https:\/\/tucomarca.whitekongsoftware.com\/ca\/wp-json\/wp\/v2\/categories?post=252944"},{"taxonomy":"post_tag","embeddable":true,"href":"https:\/\/tucomarca.whitekongsoftware.com\/ca\/wp-json\/wp\/v2\/tags?post=252944"}],"curies":[{"name":"wp","href":"https:\/\/api.w.org\/{rel}","templated":true}]}}