{"id":252903,"date":"2025-02-06T11:57:00","date_gmt":"2025-02-06T10:57:00","guid":{"rendered":"https:\/\/www.tucomarca.com\/wordpress\/segunda\/?p=252903"},"modified":"2025-02-06T18:06:59","modified_gmt":"2025-02-06T17:06:59","slug":"julia-regidor-i-gema-sancho-seran-exaltades-aquest-cap-de-setmana-com-a-falleres-majors-de-la-comissio-godayla-de-godelleta","status":"publish","type":"post","link":"https:\/\/tucomarca.whitekongsoftware.com\/ca\/julia-regidor-i-gema-sancho-seran-exaltades-aquest-cap-de-setmana-com-a-falleres-majors-de-la-comissio-godayla-de-godelleta\/","title":{"rendered":"Julia Regidor i Gema Sancho seran exaltades aquest cap de setmana com a Falleres majors de la comissi\u00f3 Godayla de Godelleta"},"content":{"rendered":"\n<p class=\"wp-block-paragraph\">Aquest cap de setmana, la Falla Godayla de Godelleta celebrar\u00e0 l&#8217;exaltaci\u00f3 de les seues Falleres Majors per a 2025.<\/p>\n\n\n\n<p class=\"wp-block-paragraph\">El dissabte, Julia Regidor Roser ser\u00e0 presentada oficialment com a Fallera Major 2025, acompanyada pel president de la comissi\u00f3, Francisco Luis Mart\u00ednez Navarro.<\/p>\n\n\n\n<p class=\"wp-block-paragraph\">La jornada tamb\u00e9 del diumenge ser\u00e0 molt especial per a Gema Sancho Zan\u00f3n, qui assumir\u00e0 el c\u00e0rrec de Fallera Major Infantil 2025, i per a Eloy Sede\u00f1o Pastor, que es convertir\u00e0 en President Infantil de la comissi\u00f3.<\/p>\n\n\n\n<p class=\"wp-block-paragraph\">La Falla Godayla ja t\u00e9 tot preparat per a viure una vetlada plena de tradici\u00f3, emoci\u00f3 i alegria que marcar\u00e0 l&#8217;inici d&#8217;una nova temporada fallera en el municipi.<\/p>\n\n\n\n<figure class=\"wp-block-image size-large\"><img loading=\"lazy\" decoding=\"async\" width=\"724\" height=\"1024\" src=\"http:\/\/www.tucomarca.com\/wordpress\/segunda\/wp-content\/uploads\/2025\/02\/GodelletaFALLAS2025-724x1024.jpg\" alt=\"\" class=\"wp-image-253051\" srcset=\"https:\/\/tucomarca.whitekongsoftware.com\/wp-content\/uploads\/2025\/02\/GodelletaFALLAS2025-724x1024.jpg 724w, https:\/\/tucomarca.whitekongsoftware.com\/wp-content\/uploads\/2025\/02\/GodelletaFALLAS2025-212x300.jpg 212w, https:\/\/tucomarca.whitekongsoftware.com\/wp-content\/uploads\/2025\/02\/GodelletaFALLAS2025-768x1086.jpg 768w, https:\/\/tucomarca.whitekongsoftware.com\/wp-content\/uploads\/2025\/02\/GodelletaFALLAS2025.jpg 886w\" sizes=\"auto, (max-width: 724px) 100vw, 724px\" \/><\/figure>\n","protected":false},"excerpt":{"rendered":"<div class=\"mh-excerpt\">Aquest cap de setmana, la Falla Godayla de Godelleta celebrar\u00e0 l&#8217;exaltaci\u00f3 de les seues Falleres Majors per a 2025. El dissabte, Julia Regidor Roser ser\u00e0 presentada oficialment com a Fallera Major 2025, acompanyada pel president <a class=\"mh-excerpt-more\" href=\"https:\/\/tucomarca.whitekongsoftware.com\/ca\/julia-regidor-i-gema-sancho-seran-exaltades-aquest-cap-de-setmana-com-a-falleres-majors-de-la-comissio-godayla-de-godelleta\/\" title=\"Julia Regidor i Gema Sancho seran exaltades aquest cap de setmana com a Falleres majors de la comissi\u00f3 Godayla de Godelleta\">[+] <\/a><\/div>\n","protected":false},"author":12,"featured_media":252902,"comment_status":"open","ping_status":"open","sticky":false,"template":"","format":"standard","meta":{"footnotes":""},"categories":[11019,10977,10894,10912,11007,10896],"tags":[18799,20849,11087,10914],"class_list":["post-252903","post","type-post","status-publish","format-standard","has-post-thumbnail","category-agenda-ca","category-godelleta-ca","category-la-comarca-ca","category-la-hoya-ca","category-ocio-y-cultura-ca","category-seccion-ca","tag-falla-godayla-ca","tag-fallas-2025-ca","tag-godelleta-ca","tag-la-hoya-de-bunol-chiva-ca"],"_links":{"self":[{"href":"https:\/\/tucomarca.whitekongsoftware.com\/ca\/wp-json\/wp\/v2\/posts\/252903","targetHints":{"allow":["GET"]}}],"collection":[{"href":"https:\/\/tucomarca.whitekongsoftware.com\/ca\/wp-json\/wp\/v2\/posts"}],"about":[{"href":"https:\/\/tucomarca.whitekongsoftware.com\/ca\/wp-json\/wp\/v2\/types\/post"}],"author":[{"embeddable":true,"href":"https:\/\/tucomarca.whitekongsoftware.com\/ca\/wp-json\/wp\/v2\/users\/12"}],"replies":[{"embeddable":true,"href":"https:\/\/tucomarca.whitekongsoftware.com\/ca\/wp-json\/wp\/v2\/comments?post=252903"}],"version-history":[{"count":0,"href":"https:\/\/tucomarca.whitekongsoftware.com\/ca\/wp-json\/wp\/v2\/posts\/252903\/revisions"}],"wp:featuredmedia":[{"embeddable":true,"href":"https:\/\/tucomarca.whitekongsoftware.com\/ca\/wp-json\/wp\/v2\/media\/252902"}],"wp:attachment":[{"href":"https:\/\/tucomarca.whitekongsoftware.com\/ca\/wp-json\/wp\/v2\/media?parent=252903"}],"wp:term":[{"taxonomy":"category","embeddable":true,"href":"https:\/\/tucomarca.whitekongsoftware.com\/ca\/wp-json\/wp\/v2\/categories?post=252903"},{"taxonomy":"post_tag","embeddable":true,"href":"https:\/\/tucomarca.whitekongsoftware.com\/ca\/wp-json\/wp\/v2\/tags?post=252903"}],"curies":[{"name":"wp","href":"https:\/\/api.w.org\/{rel}","templated":true}]}}