{"id":252891,"date":"2025-02-06T12:00:00","date_gmt":"2025-02-06T11:00:00","guid":{"rendered":"https:\/\/www.tucomarca.com\/wordpress\/segunda\/?p=252891"},"modified":"2025-02-06T14:24:03","modified_gmt":"2025-02-06T13:24:03","slug":"els-barris-de-turis-exalta-a-les-seues-falleres-majors-2025-marta-soriano-i-sonia-hernandez-en-dues-vesprades-molt-especials","status":"publish","type":"post","link":"https:\/\/tucomarca.whitekongsoftware.com\/ca\/els-barris-de-turis-exalta-a-les-seues-falleres-majors-2025-marta-soriano-i-sonia-hernandez-en-dues-vesprades-molt-especials\/","title":{"rendered":"Els Barris de Tur\u00eds exalta a les seues Falleres Majors 2025, Marta Soriano i Sonia Hern\u00e1ndez, en dues vesprades molt especials"},"content":{"rendered":"\n<h3 class=\"wp-block-heading\">Marta Soriano i Sonia Hern\u00e1ndez seran exaltades aquest dissabte, 8 de febrer, i el diumenge, 16 de febrer, com a Falleres\u00a0 Majors 2025 de Els Barris de Tur\u00eds.<\/h3>\n\n\n\n<p class=\"wp-block-paragraph\">Aquest dissabte, a partir de les 18.00 hores, el Teatre Ideal de Tur\u00eds acollir\u00e0 l&#8217;exaltaci\u00f3 de Marta Soriano Pascual com a Fallera Major 2025 de la comissi\u00f3 Els Barris, la m\u00e9s nombrosa del municipi. La protagonista, que arreplegar\u00e0 el testimoni d&#8217;Ana Alcover Ib\u00e1\u00f1ez, espera aquest moment amb gran il\u00b7lusi\u00f3.<\/p>\n\n\n\n<p class=\"wp-block-paragraph\">L&#8217;acte continuar\u00e0 diumenge que ve 16 de febrer, tamb\u00e9 a les 18.00 hores, quan ser\u00e0 el torn de l&#8217;exaltaci\u00f3 de la xiqueta Sonia Hern\u00e1ndez D\u00edaz, com a Fallera Major Infantil.<\/p>\n\n\n\n<p class=\"wp-block-paragraph\">Ambdues estaran acompanyades pel President Infantil, Pepe Hern\u00e1ndez d&#8217;Alba Jord\u00e1n, i el President, Iv\u00e1n Torres Pic\u00f3. Durant les cerim\u00f2nies, tamb\u00e9 es presentaran les respectives Corts d&#8217;Honor que acompanyaran a les falleres al llarg d&#8217;aquest exercici faller.<\/p>\n\n\n\n<p class=\"wp-block-paragraph\">Les m\u00e0ximes representants de Els Barris esperen amb entusiasme l&#8217;arribada de les Falles, llistes per a viure al costat de les seues fam\u00edlies i la seua comissi\u00f3 unes festes josefinas plenes d&#8217;emoci\u00f3 i tradici\u00f3.<\/p>\n","protected":false},"excerpt":{"rendered":"<div class=\"mh-excerpt\">Marta Soriano i Sonia Hern\u00e1ndez seran exaltades aquest dissabte, 8 de febrer, i el diumenge, 16 de febrer, com a Falleres\u00a0 Majors 2025 de Els Barris de Tur\u00eds. Aquest dissabte, a partir de les 18.00 <a class=\"mh-excerpt-more\" href=\"https:\/\/tucomarca.whitekongsoftware.com\/ca\/els-barris-de-turis-exalta-a-les-seues-falleres-majors-2025-marta-soriano-i-sonia-hernandez-en-dues-vesprades-molt-especials\/\" title=\"Els Barris de Tur\u00eds exalta a les seues Falleres Majors 2025, Marta Soriano i Sonia Hern\u00e1ndez, en dues vesprades molt especials\">[+] <\/a><\/div>\n","protected":false},"author":12,"featured_media":252890,"comment_status":"open","ping_status":"open","sticky":false,"template":"","format":"standard","meta":{"footnotes":""},"categories":[11019,10894,10902,11007,10896,11047],"tags":[11712,11356,11093],"class_list":["post-252891","post","type-post","status-publish","format-standard","has-post-thumbnail","category-agenda-ca","category-la-comarca-ca","category-la-ribera-ca","category-ocio-y-cultura-ca","category-seccion-ca","category-turis-ca","tag-falla-els-barris-ca","tag-ribera-alta-ca","tag-turis-ca"],"_links":{"self":[{"href":"https:\/\/tucomarca.whitekongsoftware.com\/ca\/wp-json\/wp\/v2\/posts\/252891","targetHints":{"allow":["GET"]}}],"collection":[{"href":"https:\/\/tucomarca.whitekongsoftware.com\/ca\/wp-json\/wp\/v2\/posts"}],"about":[{"href":"https:\/\/tucomarca.whitekongsoftware.com\/ca\/wp-json\/wp\/v2\/types\/post"}],"author":[{"embeddable":true,"href":"https:\/\/tucomarca.whitekongsoftware.com\/ca\/wp-json\/wp\/v2\/users\/12"}],"replies":[{"embeddable":true,"href":"https:\/\/tucomarca.whitekongsoftware.com\/ca\/wp-json\/wp\/v2\/comments?post=252891"}],"version-history":[{"count":0,"href":"https:\/\/tucomarca.whitekongsoftware.com\/ca\/wp-json\/wp\/v2\/posts\/252891\/revisions"}],"wp:featuredmedia":[{"embeddable":true,"href":"https:\/\/tucomarca.whitekongsoftware.com\/ca\/wp-json\/wp\/v2\/media\/252890"}],"wp:attachment":[{"href":"https:\/\/tucomarca.whitekongsoftware.com\/ca\/wp-json\/wp\/v2\/media?parent=252891"}],"wp:term":[{"taxonomy":"category","embeddable":true,"href":"https:\/\/tucomarca.whitekongsoftware.com\/ca\/wp-json\/wp\/v2\/categories?post=252891"},{"taxonomy":"post_tag","embeddable":true,"href":"https:\/\/tucomarca.whitekongsoftware.com\/ca\/wp-json\/wp\/v2\/tags?post=252891"}],"curies":[{"name":"wp","href":"https:\/\/api.w.org\/{rel}","templated":true}]}}