{"id":252832,"date":"2025-02-04T14:00:00","date_gmt":"2025-02-04T13:00:00","guid":{"rendered":"https:\/\/www.tucomarca.com\/wordpress\/segunda\/?p=252832"},"modified":"2025-02-04T19:06:13","modified_gmt":"2025-02-04T18:06:13","slug":"mazon-complim-el-compromis-de-posar-en-marxa-el-canal-empresa-la-finestreta-unica-virtual-per-a-una-administracio-agil-i-eficient","status":"publish","type":"post","link":"https:\/\/tucomarca.whitekongsoftware.com\/ca\/mazon-complim-el-compromis-de-posar-en-marxa-el-canal-empresa-la-finestreta-unica-virtual-per-a-una-administracio-agil-i-eficient\/","title":{"rendered":"Maz\u00f3n: \u201cComplim el comprom\u00eds de posar en marxa el Canal Empresa, la finestreta \u00fanica virtual per a una Administraci\u00f3 \u00e0gil i eficient\u201d"},"content":{"rendered":"\n<h3 class=\"wp-block-heading\">Maz\u00f3n: \u201cComplim el comprom\u00eds de posar en marxa el Canal Empresa, la finestreta \u00fanica virtual per a una Administraci\u00f3 \u00e0gil i eficient\u201d.<\/h3>\n\n\n\n<h3 class=\"wp-block-heading\">Aquest Canal simplifica i agilitza els tr\u00e0mits burocr\u00e0tics, permetent un acc\u00e9s m\u00e9s clar i directe a l&#8217;Administraci\u00f3, amb una atenci\u00f3 personalitzada gr\u00e0cies a la incorporaci\u00f3 d&#8217;Intel\u00b7lig\u00e8ncia Artificial.<\/h3>\n\n\n\n<h3 class=\"wp-block-heading\">El president aposta per una Administraci\u00f3 P\u00fablica \u201cmoderna, senzilla i \u00fatil\u201d que done resposta a les necessitats de la societat i genere confian\u00e7a als inversors, al mateix temps que agraeix la participaci\u00f3 de la CEV i les Cambres de Comer\u00e7 en aquest projecte.<\/h3>\n\n\n\n<h3 class=\"wp-block-heading\">Remarca que la simplificaci\u00f3 de l&#8217;administraci\u00f3 beneficia tamb\u00e9 les pol\u00edtiques socials en \u00e0rees com la depend\u00e8ncia, la Renda Valenciana d&#8217;Inclusi\u00f3 o el bo lloguer jove, entre altres.<\/h3>\n\n\n\n<h3 class=\"wp-block-heading\">Destaca que les eines d&#8217;Intel\u00b7lig\u00e8ncia Artificial i de simplificaci\u00f3 administrativa incorporades \u201cestan permetent pagar les ajudes de manera m\u00e9s \u00e0gil i efica\u00e7\u201d als afectats per les riuades.<\/h3>\n\n\n\n<figure class=\"wp-block-image size-large\"><img loading=\"lazy\" decoding=\"async\" width=\"1024\" height=\"683\" src=\"http:\/\/www.tucomarca.com\/wordpress\/segunda\/wp-content\/uploads\/2025\/02\/GVA_CanalEmpresas1-1024x683.jpg\" alt=\"\" class=\"wp-image-252828\" srcset=\"https:\/\/tucomarca.whitekongsoftware.com\/wp-content\/uploads\/2025\/02\/GVA_CanalEmpresas1-1024x683.jpg 1024w, https:\/\/tucomarca.whitekongsoftware.com\/wp-content\/uploads\/2025\/02\/GVA_CanalEmpresas1-300x200.jpg 300w, https:\/\/tucomarca.whitekongsoftware.com\/wp-content\/uploads\/2025\/02\/GVA_CanalEmpresas1-768x512.jpg 768w, https:\/\/tucomarca.whitekongsoftware.com\/wp-content\/uploads\/2025\/02\/GVA_CanalEmpresas1-1536x1025.jpg 1536w, https:\/\/tucomarca.whitekongsoftware.com\/wp-content\/uploads\/2025\/02\/GVA_CanalEmpresas1-2048x1366.jpg 2048w\" sizes=\"auto, (max-width: 1024px) 100vw, 1024px\" \/><\/figure>\n\n\n\n<p class=\"wp-block-paragraph\">El president de la Generalitat, Carlos Maz\u00f3n, ha subratllat que la posada en marxa del Canal Empresa \u201cpermet una Administraci\u00f3 m\u00e9s \u00e0gil i senzilla en benefici dels ciutadans i de l&#8217;activitat econ\u00f2mica a trav\u00e9s una finestreta \u00fanica virtual amb efecte real, complint el comprom\u00eds de legislatura\u201d.<\/p>\n\n\n\n<p class=\"wp-block-paragraph\">Aix\u00ed ho ha destacat durant la presentaci\u00f3 d&#8217;aquest projecte que possibilita la simplificaci\u00f3 i agilitaci\u00f3 de tr\u00e0mits burocr\u00e0tics, permetent un acc\u00e9s m\u00e9s clar i directe a l&#8217;Administraci\u00f3 mitjan\u00e7ant una atenci\u00f3 personalitzada gr\u00e0cies a la incorporaci\u00f3 d&#8217;intel\u00b7lig\u00e8ncia artificial, entre altres novetats.<\/p>\n\n\n\n<p class=\"wp-block-paragraph\">Carlos Maz\u00f3n ha remarcat que l&#8217;activaci\u00f3 del Canal Empresa constitueix \u201cuna fita m\u00e9s en el Pla de Simplificaci\u00f3 real de l&#8217;Administraci\u00f3 m\u00e9s ambici\u00f3s del nostre pa\u00eds\u201d. D&#8217;igual manera, ha posat en valor que es tracta d&#8217;un pla \u201cfet per i per al sector empresarial\u201d basat en la seua activitat i realitat di\u00e0ria.<\/p>\n\n\n<div class=\"wp-block-image\">\n<figure class=\"alignleft size-large is-resized\"><img loading=\"lazy\" decoding=\"async\" width=\"1024\" height=\"683\" src=\"http:\/\/www.tucomarca.com\/wordpress\/segunda\/wp-content\/uploads\/2025\/02\/GVA_CanalEmpresa2-1024x683.jpg\" alt=\"\" class=\"wp-image-252825\" style=\"width:443px;height:auto\" srcset=\"https:\/\/tucomarca.whitekongsoftware.com\/wp-content\/uploads\/2025\/02\/GVA_CanalEmpresa2-1024x683.jpg 1024w, https:\/\/tucomarca.whitekongsoftware.com\/wp-content\/uploads\/2025\/02\/GVA_CanalEmpresa2-300x200.jpg 300w, https:\/\/tucomarca.whitekongsoftware.com\/wp-content\/uploads\/2025\/02\/GVA_CanalEmpresa2-768x512.jpg 768w, https:\/\/tucomarca.whitekongsoftware.com\/wp-content\/uploads\/2025\/02\/GVA_CanalEmpresa2-1536x1025.jpg 1536w, https:\/\/tucomarca.whitekongsoftware.com\/wp-content\/uploads\/2025\/02\/GVA_CanalEmpresa2-2048x1366.jpg 2048w\" sizes=\"auto, (max-width: 1024px) 100vw, 1024px\" \/><\/figure>\n<\/div>\n\n\n<p class=\"wp-block-paragraph\">Sobre aquest tema, s&#8217;ha referit a la \u201ccomplexitat\u201d del proc\u00e9s per a eliminar la \u201cc\u00e0rrega burocr\u00e0tica\u201d per a empreses i ciutadans. Aix\u00ed, ha recordat que el Pla Simplifica ha perm\u00e9s \u201cla modificaci\u00f3 de 28 lleis, 46 decrets, 6 ordres i 448 articles vigents despr\u00e9s de huit anys sense aprovar-se cap llei per a reduir la burocr\u00e0cia\u201d.<\/p>\n\n\n\n<p class=\"wp-block-paragraph\">\u201cL&#8217;Administraci\u00f3 no \u00e9s propietat dels quals la gestionen de manera temporal\u201d, ha assenyalat el president, qui ha remarcat que una \u201cAdministraci\u00f3 complexa que nom\u00e9s l&#8217;ent\u00e9n qui la complica, no \u00e9s una Administraci\u00f3 de tots, sin\u00f3 que desanima a la inversi\u00f3 i genera desconfian\u00e7a i inseguretat\u201d.<\/p>\n\n\n\n<p class=\"wp-block-paragraph\">Per aix\u00f2, ha apostat per una Administraci\u00f3 \u201cmoderna, que no descarregue en empreses i ciutadans la tasca de desencriptar permanentment els mecanismes interns d&#8217;una eina feta per a tots\u201d. \u201cL&#8217;energia que paga m\u00e9s cara qualsevol empresari o emprenedor \u00e9s el seu temps\u201d ha incidit Maz\u00f3n, qui ha recordat que \u201cno hi ha utilitat p\u00fablica real en una administraci\u00f3 que converteix el fet d&#8217;accedir a ella en una cosa privativa d&#8217;uns pocs que puguen tindre temps i diners per a gestionar tr\u00e0mits o per a esperar respostes\u201d.<\/p>\n\n\n<div class=\"wp-block-image\">\n<figure class=\"alignleft size-large is-resized\"><img loading=\"lazy\" decoding=\"async\" width=\"1024\" height=\"683\" src=\"https:\/\/www.tucomarca.com\/wordpress\/segunda\/wp-content\/uploads\/2025\/02\/GVA_CanalERmpresas3-1024x683.jpg\" alt=\"\" class=\"wp-image-252829\" style=\"width:441px;height:auto\" srcset=\"https:\/\/tucomarca.whitekongsoftware.com\/wp-content\/uploads\/2025\/02\/GVA_CanalERmpresas3-1024x683.jpg 1024w, https:\/\/tucomarca.whitekongsoftware.com\/wp-content\/uploads\/2025\/02\/GVA_CanalERmpresas3-300x200.jpg 300w, https:\/\/tucomarca.whitekongsoftware.com\/wp-content\/uploads\/2025\/02\/GVA_CanalERmpresas3-768x512.jpg 768w, https:\/\/tucomarca.whitekongsoftware.com\/wp-content\/uploads\/2025\/02\/GVA_CanalERmpresas3-1536x1025.jpg 1536w, https:\/\/tucomarca.whitekongsoftware.com\/wp-content\/uploads\/2025\/02\/GVA_CanalERmpresas3-2048x1366.jpg 2048w\" sizes=\"auto, (max-width: 1024px) 100vw, 1024px\" \/><\/figure>\n<\/div>\n\n\n<p class=\"wp-block-paragraph\">En aquesta l\u00ednia ha incidit en la import\u00e0ncia que t\u00e9 \u201cel repte de la reconstrucci\u00f3, que exigeix que el dinamisme de la nostra economia siga real\u201d, per al que ha considerat el Pla Simplifica com a \u201cclau\u201d per al compliment d&#8217;eixe objectiu.<\/p>\n\n\n\n<p class=\"wp-block-paragraph\">Igualment, s&#8217;ha referit a l&#8217;aposta transversal a totes les \u00e0rees de gesti\u00f3 del Pla que est\u00e0 contemplant actuacions decisives per a aclarir i unificar criteris i fases en tramitacions, redissenye dels portals de la Generalitat i millora de la usabilitat de les plataformes electr\u00f2niques.<\/p>\n\n\n\n<p class=\"wp-block-paragraph\">En aquest sentit, ha assegurat que \u201cestem fent passos per a fer realitat un ambici\u00f3s Govern de la Dada amb m\u00e9s facilitats per al ciutad\u00e0 a l&#8217;hora de con\u00e9ixer les ajudes, subvencions i prestacions, evitant duplicitats i amb una acc\u00e9s m\u00e9s senzill i r\u00e0pid a la informaci\u00f3 que es necessite\u201d.<\/p>\n\n\n\n<p class=\"wp-block-paragraph\">Aix\u00ed, ha assegurat que la simplificaci\u00f3 de l&#8217;Administraci\u00f3 beneficiar\u00e0 les pol\u00edtiques socials en \u00e0rees com la depend\u00e8ncia, la Renda Valenciana d&#8217;Inclusi\u00f3 o el bo lloguer jove, entre altres. En aquest sentit, ha exemplificat que, abans de la posada en marxa del Pla Simplifica, el temps de gesti\u00f3 d&#8217;un certificat de grau de discapacitat era de m\u00e9s de dos anys mentre que actualment es redueix a dos mesos.<\/p>\n\n\n\n<p class=\"wp-block-paragraph\">A m\u00e9s, ha destacat que \u00e9s \u201cun dels grans eixos de la recuperaci\u00f3 de les zones afectades\u201d, ja que \u201cles eines d&#8217;Intel\u00b7lig\u00e8ncia Artificial incorporades estan permetent pagar les ajudes de manera \u00e0gil i efica\u00e7\u201d. Aix\u00ed, ha recordat que en 15 dies s&#8217;han abonat 46.000 ajudes directes per la p\u00e8rdua de vehicle i que en 10 dies s&#8217;han pogut pagar les ajudes als aut\u00f2noms sense treballadors \u201cla segona remesa dels quals ara posem en marxa\u201d.<\/p>\n\n\n\n<p class=\"wp-block-paragraph\">El cap del Consell ha assenyalat que \u201cuna Administraci\u00f3 m\u00e9s \u00e0gil \u00e9s obligat\u00f2ria si volem competir amb ostros territoris\u201d pel que es necessiten eines com les que ja est\u00e0 desenvolupant la Generalitat com la Reforma Fiscal, la reforma de la Formaci\u00f3 Professional i la reforma educativa.<\/p>\n\n\n\n<p class=\"wp-block-paragraph\">Amb la simplificaci\u00f3 administrativa iniciada i l&#8217;activaci\u00f3 del Canal Empresa, el president ha manifestat que el Consell continua avan\u00e7ant en la legislatura de la reducci\u00f3 de la llosa burocr\u00e0tica i ha avan\u00e7at que en les pr\u00f2ximes setmanes \u201ces donaran a con\u00e9ixer nous avan\u00e7os en aquesta mat\u00e8ria\u201d.<\/p>\n\n\n\n<p class=\"wp-block-paragraph\">Aix\u00ed mateix, ha agra\u00eft la participaci\u00f3 de la Confederaci\u00f3 Empresarial Valenciana i les Cambres de Comer\u00e7 en aquest projecte, a les quals ha considerat \u201cfonamentals\u201d per a \u201ccon\u00e9ixer el sentit i la utilitat que calia donar a les nostres propostes\u201d.<\/p>\n\n\n\n<p class=\"wp-block-paragraph\"><strong>Canal Empresa<\/strong><\/p>\n\n\n\n<p class=\"wp-block-paragraph\">El Canal Empresa \u00e9s una plataforma dissenyada per a simplificar, agilitzar i acompanyar al teixit empresarial. Naix davant la necessitat d&#8217;un acc\u00e9s m\u00e9s clar i directe a l&#8217;administraci\u00f3, sense burocr\u00e0cia i tr\u00e0mits innecessaris. Es tracta d&#8217;un projecte en constant desenvolupament i adaptaci\u00f3 en col\u00b7laboraci\u00f3 amb empresaris i emprenedors.<\/p>\n\n\n\n<p class=\"wp-block-paragraph\">Amb aquesta iniciativa, se simplifiquen els tr\u00e0mits per a iniciar o gestionar un negoci sense exc\u00e9s de burocr\u00e0cia; es millora l&#8217;atenci\u00f3 personalitzada, oferint informaci\u00f3 clara i accessible en un sol espai i, a m\u00e9s, es fomenta la col\u00b7laboraci\u00f3 amb entitats empresarials perqu\u00e8 l&#8217;administraci\u00f3 siga un veritable aliat de l&#8217;emprenedoria.<\/p>\n\n\n\n<p class=\"wp-block-paragraph\">Una de les principals novetats del Canal Empresa \u00e9s la incorporaci\u00f3 d&#8217;un assistent virtual amb Intel\u00b7lig\u00e8ncia Artificial que permet a qualsevol empresari o emprenedor resoldre dubtes en temps real sobre tr\u00e0mits, requisits o processos administratius a trav\u00e9s d&#8217;un senzill xat.<\/p>\n\n\n\n<p class=\"wp-block-paragraph\">A m\u00e9s, integra els tr\u00e0mits de totes les entitats locals de la Comunitat Valenciana com els ajuntaments i les diputacions en un model que centralitza tota la informaci\u00f3, facilitant l&#8217;acc\u00e9s a qualsevol resoluci\u00f3 independentment de l&#8217;administraci\u00f3 que el gestione.<\/p>\n\n\n\n<p class=\"wp-block-paragraph\">El portal tamb\u00e9 inclou un canal d&#8217;actualitat i una carpeta ciutadana, i es pot consultar tant en valenci\u00e0 i castell\u00e0 com en angl\u00e9s en el seg\u00fcent enllace https:\/\/canalempresa.gva.es\/va\/.<\/p>\n","protected":false},"excerpt":{"rendered":"<div class=\"mh-excerpt\">Maz\u00f3n: \u201cComplim el comprom\u00eds de posar en marxa el Canal Empresa, la finestreta \u00fanica virtual per a una Administraci\u00f3 \u00e0gil i eficient\u201d. Aquest Canal simplifica i agilitza els tr\u00e0mits burocr\u00e0tics, permetent un acc\u00e9s m\u00e9s clar <a class=\"mh-excerpt-more\" href=\"https:\/\/tucomarca.whitekongsoftware.com\/ca\/mazon-complim-el-compromis-de-posar-en-marxa-el-canal-empresa-la-finestreta-unica-virtual-per-a-una-administracio-agil-i-eficient\/\" title=\"Maz\u00f3n: \u201cComplim el comprom\u00eds de posar en marxa el Canal Empresa, la finestreta \u00fanica virtual per a una Administraci\u00f3 \u00e0gil i eficient\u201d\">[+] <\/a><\/div>\n","protected":false},"author":12,"featured_media":252826,"comment_status":"open","ping_status":"open","sticky":false,"template":"","format":"standard","meta":{"footnotes":""},"categories":[21466,10898,10948,10894,10904,10947,10896],"tags":[21865,18807,15409,21404,15325,21866],"class_list":["post-252832","post","type-post","status-publish","format-standard","has-post-thumbnail","category-dana-ca","category-ventana-ca","category-infraestructuras-ca","category-la-comarca-ca","category-sin-categorizar-ca","category-politica","category-seccion-ca","tag-canal-empresa-ca","tag-carlos-mazon-ca","tag-dana-2-ca","tag-genaralitat-valenciana-ca","tag-gva-ca","tag-plan-simplifica-ca"],"_links":{"self":[{"href":"https:\/\/tucomarca.whitekongsoftware.com\/ca\/wp-json\/wp\/v2\/posts\/252832","targetHints":{"allow":["GET"]}}],"collection":[{"href":"https:\/\/tucomarca.whitekongsoftware.com\/ca\/wp-json\/wp\/v2\/posts"}],"about":[{"href":"https:\/\/tucomarca.whitekongsoftware.com\/ca\/wp-json\/wp\/v2\/types\/post"}],"author":[{"embeddable":true,"href":"https:\/\/tucomarca.whitekongsoftware.com\/ca\/wp-json\/wp\/v2\/users\/12"}],"replies":[{"embeddable":true,"href":"https:\/\/tucomarca.whitekongsoftware.com\/ca\/wp-json\/wp\/v2\/comments?post=252832"}],"version-history":[{"count":0,"href":"https:\/\/tucomarca.whitekongsoftware.com\/ca\/wp-json\/wp\/v2\/posts\/252832\/revisions"}],"wp:featuredmedia":[{"embeddable":true,"href":"https:\/\/tucomarca.whitekongsoftware.com\/ca\/wp-json\/wp\/v2\/media\/252826"}],"wp:attachment":[{"href":"https:\/\/tucomarca.whitekongsoftware.com\/ca\/wp-json\/wp\/v2\/media?parent=252832"}],"wp:term":[{"taxonomy":"category","embeddable":true,"href":"https:\/\/tucomarca.whitekongsoftware.com\/ca\/wp-json\/wp\/v2\/categories?post=252832"},{"taxonomy":"post_tag","embeddable":true,"href":"https:\/\/tucomarca.whitekongsoftware.com\/ca\/wp-json\/wp\/v2\/tags?post=252832"}],"curies":[{"name":"wp","href":"https:\/\/api.w.org\/{rel}","templated":true}]}}