{"id":252815,"date":"2025-02-04T12:30:00","date_gmt":"2025-02-04T11:30:00","guid":{"rendered":"https:\/\/www.tucomarca.com\/wordpress\/segunda\/?p=252815"},"modified":"2025-02-04T19:36:05","modified_gmt":"2025-02-04T18:36:05","slug":"el-consell-pren-rao-del-contracte-demergencia-per-al-suport-tecnic-en-la-tramitacio-dajudes-a-vehicles-sinistrats-durant-la-riuada","status":"publish","type":"post","link":"https:\/\/tucomarca.whitekongsoftware.com\/ca\/el-consell-pren-rao-del-contracte-demergencia-per-al-suport-tecnic-en-la-tramitacio-dajudes-a-vehicles-sinistrats-durant-la-riuada\/","title":{"rendered":"El Consell pren ra\u00f3 del contracte d&#8217;emerg\u00e8ncia per al suport t\u00e8cnic en la tramitaci\u00f3 d&#8217;ajudes a vehicles sinistrats durant la riuada"},"content":{"rendered":"\n<h3 class=\"wp-block-heading\">El contracte, adjudicat a Tragsatec, ascendeix a 2.296.518,83 euros.<\/h3>\n\n\n\n<h3 class=\"wp-block-heading\">L&#8217;elevat nombre de sol\u00b7licituds fa necessari l&#8217;enc\u00e0rrec amb car\u00e0cter d&#8217;emerg\u00e8ncia d&#8217;aquests serveis per a la seua realitzaci\u00f3 immediata.<\/h3>\n\n\n\n<p class=\"wp-block-paragraph\">El Consell ha pres ra\u00f3 de la declaraci\u00f3 d&#8217;emerg\u00e8ncia de l&#8217;enc\u00e0rrec de gesti\u00f3 a l&#8217;empresa p\u00fablica Tragsatec per al suport t\u00e8cnic en la tramitaci\u00f3 de les ajudes a vehicles sinistrats durant la riuada del passat 29 d&#8217;octubre de 2024 per import de 2.296.518,83 euros.<\/p>\n\n\n\n<p class=\"wp-block-paragraph\">A conseq\u00fc\u00e8ncia&nbsp;de l&#8217;elevat nombre de sol\u00b7licituds d&#8217;ajudes, que s&#8217;estima que superen les 100.000, resulta necessari l&#8217;enc\u00e0rrec amb car\u00e0cter d&#8217;emerg\u00e8ncia dels serveis necessaris per a fer front a aquestes necessitats de manera immediata.<\/p>\n\n\n\n<p class=\"wp-block-paragraph\">D&#8217;aquesta manera, i amb la finalitat de portar a terme les obligacions que comporta la tramitaci\u00f3 d&#8217;aquestes ajudes, l&#8217;enc\u00e0rrec de gesti\u00f3 a Tragsatec permet la posada en marxa d&#8217;un centre d&#8217;atenci\u00f3 a les possibles persones benefici\u00e0ries que preste assessorament i assist\u00e8ncia en les sol\u00b7licituds d&#8217;aquestes ajudes.<\/p>\n\n\n\n<p class=\"wp-block-paragraph\">En concret, les actuacions engloben l&#8217;atenci\u00f3 i assist\u00e8ncia per a la presentaci\u00f3 i registre de sol\u00b7licituds d&#8217;ajuda per part de les persones f\u00edsiques que hagen patit la destrucci\u00f3 de determinats vehicles de motor i ciclomotors de la seua propietat, aix\u00ed com altres tasques necess\u00e0ries per a la tramitaci\u00f3 de les citades ajudes, entre les quals es troba la resoluci\u00f3 de dubtes i informaci\u00f3 a trav\u00e9s d&#8217;un servei telef\u00f2nic i per correu electr\u00f2nic.<\/p>\n\n\n\n<p class=\"wp-block-paragraph\">El decret 5\/2025 del Consell, pel qual es van aprovar les bases reguladores i el procediment de concessi\u00f3 directa d&#8217;ajudes urgents per a reparar les conseq\u00fc\u00e8ncies econ\u00f2miques derivades de la destrucci\u00f3 de vehicles sinistrats durant la riuada, atribueix a l&#8217;Ag\u00e8ncia Tribut\u00e0ria Valenciana la instrucci\u00f3 del procediment per a la tramitaci\u00f3 i la gesti\u00f3 de les ajudes i la resoluci\u00f3 d&#8217;aquestes a la persona titular de la Conselleria d&#8217;Hisenda i Economia.<\/p>\n","protected":false},"excerpt":{"rendered":"<div class=\"mh-excerpt\">El contracte, adjudicat a Tragsatec, ascendeix a 2.296.518,83 euros. L&#8217;elevat nombre de sol\u00b7licituds fa necessari l&#8217;enc\u00e0rrec amb car\u00e0cter d&#8217;emerg\u00e8ncia d&#8217;aquests serveis per a la seua realitzaci\u00f3 immediata. El Consell ha pres ra\u00f3 de la declaraci\u00f3 <a class=\"mh-excerpt-more\" href=\"https:\/\/tucomarca.whitekongsoftware.com\/ca\/el-consell-pren-rao-del-contracte-demergencia-per-al-suport-tecnic-en-la-tramitacio-dajudes-a-vehicles-sinistrats-durant-la-riuada\/\" title=\"El Consell pren ra\u00f3 del contracte d&#8217;emerg\u00e8ncia per al suport t\u00e8cnic en la tramitaci\u00f3 d&#8217;ajudes a vehicles sinistrats durant la riuada\">[+] <\/a><\/div>\n","protected":false},"author":13,"featured_media":243227,"comment_status":"open","ping_status":"open","sticky":false,"template":"","format":"standard","meta":{"footnotes":""},"categories":[21466,10898,10948,10894,10904,10903,10947,10896,10897],"tags":[15409,12903,11199,21460],"class_list":["post-252815","post","type-post","status-publish","format-standard","has-post-thumbnail","category-dana-ca","category-ventana-ca","category-infraestructuras-ca","category-la-comarca-ca","category-sin-categorizar-ca","category-medio-ambiente-la-comarca-ca","category-politica","category-seccion-ca","category-sucesos-la-comarca-ca","tag-dana-2-ca","tag-infraestructuras-ca","tag-la-comunitat-ca","tag-riada-ca"],"_links":{"self":[{"href":"https:\/\/tucomarca.whitekongsoftware.com\/ca\/wp-json\/wp\/v2\/posts\/252815","targetHints":{"allow":["GET"]}}],"collection":[{"href":"https:\/\/tucomarca.whitekongsoftware.com\/ca\/wp-json\/wp\/v2\/posts"}],"about":[{"href":"https:\/\/tucomarca.whitekongsoftware.com\/ca\/wp-json\/wp\/v2\/types\/post"}],"author":[{"embeddable":true,"href":"https:\/\/tucomarca.whitekongsoftware.com\/ca\/wp-json\/wp\/v2\/users\/13"}],"replies":[{"embeddable":true,"href":"https:\/\/tucomarca.whitekongsoftware.com\/ca\/wp-json\/wp\/v2\/comments?post=252815"}],"version-history":[{"count":0,"href":"https:\/\/tucomarca.whitekongsoftware.com\/ca\/wp-json\/wp\/v2\/posts\/252815\/revisions"}],"wp:featuredmedia":[{"embeddable":true,"href":"https:\/\/tucomarca.whitekongsoftware.com\/ca\/wp-json\/wp\/v2\/media\/243227"}],"wp:attachment":[{"href":"https:\/\/tucomarca.whitekongsoftware.com\/ca\/wp-json\/wp\/v2\/media?parent=252815"}],"wp:term":[{"taxonomy":"category","embeddable":true,"href":"https:\/\/tucomarca.whitekongsoftware.com\/ca\/wp-json\/wp\/v2\/categories?post=252815"},{"taxonomy":"post_tag","embeddable":true,"href":"https:\/\/tucomarca.whitekongsoftware.com\/ca\/wp-json\/wp\/v2\/tags?post=252815"}],"curies":[{"name":"wp","href":"https:\/\/api.w.org\/{rel}","templated":true}]}}