{"id":252802,"date":"2025-02-04T13:30:00","date_gmt":"2025-02-04T12:30:00","guid":{"rendered":"https:\/\/www.tucomarca.com\/wordpress\/segunda\/?p=252802"},"modified":"2025-02-04T19:30:13","modified_gmt":"2025-02-04T18:30:13","slug":"el-consell-aprova-el-decret-que-permetra-abonar-360-euros-a-cada-persona-treballadora-per-compte-daltri-afectada-per-erto-a-causa-de-la-riuada","status":"publish","type":"post","link":"https:\/\/tucomarca.whitekongsoftware.com\/ca\/el-consell-aprova-el-decret-que-permetra-abonar-360-euros-a-cada-persona-treballadora-per-compte-daltri-afectada-per-erto-a-causa-de-la-riuada\/","title":{"rendered":"El Consell aprova el decret que permetr\u00e0 abonar 360 euros a cada persona treballadora per compte d&#8217;altra afectada per ERTO a causa de la riuada"},"content":{"rendered":"\n<h3 class=\"wp-block-heading\">El pagament s&#8217;efectuar\u00e0 de manera autom\u00e0tica i les persones benefici\u00e0ries no hauran de realitzar cap gesti\u00f3.<\/h3>\n\n\n\n<h3 class=\"wp-block-heading\">Es destinen 10.800.000 euros, que arribaran a unes 30.000 persones.<\/h3>\n\n\n\n<p class=\"wp-block-paragraph\">Aquesta ajuda es coordinar\u00e0 a trav\u00e9s del Servici Valenci\u00e0 d&#8217;Ocupaci\u00f3 i Formaci\u00f3, Labora, i es realitzar\u00e0 de manera autom\u00e0tica, de manera que les persones que estiguen cobrant la prestaci\u00f3 per ERTO no hauran de realitzar cap gesti\u00f3 addicional per a accedir a aquesta ajuda complement\u00e0ria.&nbsp;<\/p>\n\n\n\n<p class=\"wp-block-paragraph\">Es destinen 10.800.000 euros de fons propis a aquestes ajudes, que seran rebudes per al voltant de 30.000 persones.&nbsp;<\/p>\n\n\n\n<p class=\"wp-block-paragraph\">L&#8217;ajuda s&#8217;ingressar\u00e0 en un pagament \u00fanic en el compte en la qual les persones benefici\u00e0ries reben la prestaci\u00f3, per la qual cosa no han de realitzar cap tr\u00e0mit ni sol\u00b7licitud.<\/p>\n","protected":false},"excerpt":{"rendered":"<div class=\"mh-excerpt\">El pagament s&#8217;efectuar\u00e0 de manera autom\u00e0tica i les persones benefici\u00e0ries no hauran de realitzar cap gesti\u00f3. Es destinen 10.800.000 euros, que arribaran a unes 30.000 persones. Aquesta ajuda es coordinar\u00e0 a trav\u00e9s del Servici Valenci\u00e0 <a class=\"mh-excerpt-more\" href=\"https:\/\/tucomarca.whitekongsoftware.com\/ca\/el-consell-aprova-el-decret-que-permetra-abonar-360-euros-a-cada-persona-treballadora-per-compte-daltri-afectada-per-erto-a-causa-de-la-riuada\/\" title=\"El Consell aprova el decret que permetr\u00e0 abonar 360 euros a cada persona treballadora per compte d&#8217;altra afectada per ERTO a causa de la riuada\">[+] <\/a><\/div>\n","protected":false},"author":13,"featured_media":243235,"comment_status":"open","ping_status":"open","sticky":false,"template":"","format":"standard","meta":{"footnotes":""},"categories":[21466,10898,10948,10894,10904,10947,10896,10897],"tags":[15409,12480,12903,11199,11140],"class_list":["post-252802","post","type-post","status-publish","format-standard","has-post-thumbnail","category-dana-ca","category-ventana-ca","category-infraestructuras-ca","category-la-comarca-ca","category-sin-categorizar-ca","category-politica","category-seccion-ca","category-sucesos-la-comarca-ca","tag-dana-2-ca","tag-empleo-ca","tag-infraestructuras-ca","tag-la-comunitat-ca","tag-politica-ca"],"_links":{"self":[{"href":"https:\/\/tucomarca.whitekongsoftware.com\/ca\/wp-json\/wp\/v2\/posts\/252802","targetHints":{"allow":["GET"]}}],"collection":[{"href":"https:\/\/tucomarca.whitekongsoftware.com\/ca\/wp-json\/wp\/v2\/posts"}],"about":[{"href":"https:\/\/tucomarca.whitekongsoftware.com\/ca\/wp-json\/wp\/v2\/types\/post"}],"author":[{"embeddable":true,"href":"https:\/\/tucomarca.whitekongsoftware.com\/ca\/wp-json\/wp\/v2\/users\/13"}],"replies":[{"embeddable":true,"href":"https:\/\/tucomarca.whitekongsoftware.com\/ca\/wp-json\/wp\/v2\/comments?post=252802"}],"version-history":[{"count":0,"href":"https:\/\/tucomarca.whitekongsoftware.com\/ca\/wp-json\/wp\/v2\/posts\/252802\/revisions"}],"wp:featuredmedia":[{"embeddable":true,"href":"https:\/\/tucomarca.whitekongsoftware.com\/ca\/wp-json\/wp\/v2\/media\/243235"}],"wp:attachment":[{"href":"https:\/\/tucomarca.whitekongsoftware.com\/ca\/wp-json\/wp\/v2\/media?parent=252802"}],"wp:term":[{"taxonomy":"category","embeddable":true,"href":"https:\/\/tucomarca.whitekongsoftware.com\/ca\/wp-json\/wp\/v2\/categories?post=252802"},{"taxonomy":"post_tag","embeddable":true,"href":"https:\/\/tucomarca.whitekongsoftware.com\/ca\/wp-json\/wp\/v2\/tags?post=252802"}],"curies":[{"name":"wp","href":"https:\/\/api.w.org\/{rel}","templated":true}]}}