{"id":252626,"date":"2025-02-03T13:00:00","date_gmt":"2025-02-03T12:00:00","guid":{"rendered":"https:\/\/www.tucomarca.com\/wordpress\/segunda\/?p=252626"},"modified":"2025-02-03T18:42:11","modified_gmt":"2025-02-03T17:42:11","slug":"pla-recuperem-valenciacarlos-mazon-activem-el-10-de-febrer-la-segona-linia-dajuda-per-a-autonoms-sense-empleats-dotada-amb-52-milions-deurospla-recuperem-valencia","status":"publish","type":"post","link":"https:\/\/tucomarca.whitekongsoftware.com\/ca\/pla-recuperem-valenciacarlos-mazon-activem-el-10-de-febrer-la-segona-linia-dajuda-per-a-autonoms-sense-empleats-dotada-amb-52-milions-deurospla-recuperem-valencia\/","title":{"rendered":"Carlos Maz\u00f3n: \u201cActivem el 10 de febrer la segona l\u00ednia d\u2019ajuda per a aut\u00f2noms sense empleats dotada amb 52 milions d\u2019euros\u201d"},"content":{"rendered":"\n<h3 class=\"wp-block-heading\">Destaca que \u201c17.300 aut\u00f2noms es podran beneficiar d\u2019esta l\u00ednia dotada amb 3.000 euros d\u2019ajuda directa, sense burocr\u00e0cia ni tributaci\u00f3\u201d i que \u201cs\u2019amplia a m\u00e9s municipis afectats per les riuades\u201d.<\/h3>\n\n\n\n<h3 class=\"wp-block-heading\">Ratifica el comprom\u00eds perqu\u00e8 esta nova l\u00ednia es tramite amb la mateixa agilitat que en la primera fase que \u201ces va resoldre i va abonar en temps r\u00e8cord i va beneficiar 13.308 aut\u00f2noms\u201d.<\/h3>\n\n\n\n<h3 class=\"wp-block-heading\">Remarca que estes ajudes se sumen a les ja posades en marxa per a aut\u00f2noms societaris i empreses que \u201chan perm\u00e9s mantindre 72.354 llocs de treball\u201d.<\/h3>\n\n\n\n<h3 class=\"wp-block-heading\">Exigix al Govern d\u2019Espanya \u201cexempci\u00f3 absoluta durant tot 2025 de les quotes dels aut\u00f2noms damnificats per les inundacions\u201d, aix\u00ed com impostos zero i l\u2019ajornament del segon pagament de l\u2019IRPF.<\/h3>\n\n\n\n<p class=\"wp-block-paragraph\">El president de la Generalitat, Carlos Maz\u00f3n, ha avan\u00e7at que el Consell activar\u00e0 \u201cel 10 de febrer la segona l\u00ednia d\u2019ajuda directes per a aut\u00f2noms sense empleats dotada amb 52 milions d\u2019euros que beneficiar\u00e0 amb 3.000 euros 17.300 sol\u00b7licitants\u201d.<\/p>\n\n\n\n<p class=\"wp-block-paragraph\">Aix\u00ed ho ha anunciat el cap del Consell despr\u00e9s de la reuni\u00f3 mantinguda amb el president de l\u2019Associaci\u00f3 de Treballadors Aut\u00f2noms (ATA), Lorenzo Amor, i el conseller d\u2019Educaci\u00f3, Cultura, Universitat i Ocupaci\u00f3, Jos\u00e9 Antonio Rovira.<\/p>\n\n\n\n<p class=\"wp-block-paragraph\">El president ha explicat que en esta segona convocat\u00f2ria \u201coferir\u00e0 una nova oportunitat per als aut\u00f2noms de la zona que no van poder acollir-se a la primera i s\u2019amplia el nombre de municipis afectats\u201d.<\/p>\n\n\n\n<p class=\"wp-block-paragraph\">Aix\u00ed mateix, ha ratificat el seu comprom\u00eds perqu\u00e8 esta nova l\u00ednia \u201ces tramite amb la mateixa agilitat, sense burocr\u00e0cia, sense contraprestacions i exempta de tributaci\u00f3, que la primera fase que es va fer en temps r\u00e8cord per a beneficiar 13.308 aut\u00f2noms per una quantitat total de 40 milions d\u2019euros\u201d.<\/p>\n\n\n\n<p class=\"wp-block-paragraph\">El cap del Consell ha indicat que \u201ccomplim amb un dels principals agents de l\u2019activitat econ\u00f2mica amb m\u00e9s de 90 milions d\u2019euros per a aut\u00f2noms sense assalariats\u201d gestionats pel Servici Valenci\u00e0 d\u2019Ocupaci\u00f3 i Formaci\u00f3, Labora, als quals cal sumar els 100 milions per a aut\u00f2noms amb empleats i empreses de la Conselleria d\u2019Innovaci\u00f3, Ind\u00fastria, Comer\u00e7 i Turisme amb la qual cosa \u201cdonem cobertura a tot el sector i facilitem reprendre l\u2019activitat econ\u00f2mica i el manteniment de l\u2019ocupaci\u00f3\u201d.<\/p>\n\n\n\n<p class=\"wp-block-paragraph\">En este sentit, ha assegurat que ja s\u2019han pagat 69 milions d\u2019euros d\u2019esta l\u00ednia que \u201chan perm\u00e9s atendre 7.200 sol\u00b7licituds, \u00e9s a dir el 89 %\u201d. \u201cUna ajuda que ha perm\u00e9s mantindre fins hui 72.354 llocs de treball\u201d, ha apuntat Maz\u00f3n.<\/p>\n\n\n\n<p class=\"wp-block-paragraph\">De manera addicional, la Generalitat ha posat a la disposici\u00f3 d\u2019aut\u00f2noms i empreses afectades \u201c350 milions d\u2019euros de liquiditat a cost zero amb cr\u00e8dits blans, en operacions a llarg termini, amb \u00e0mplies car\u00e8ncies, sense interessos, ni comissions d\u2019obertura i a cost zero\u201d a trav\u00e9s de nous instruments financers bonificats de l\u2019Institut Valenci\u00e0 de Finances i Af\u00ed SGR, i \u201cgr\u00e0cies a l\u2019aportaci\u00f3 de 65 milions d\u2019euros de la Generalitat\u201d.<\/p>\n\n\n\n<figure class=\"wp-block-image size-large\"><img loading=\"lazy\" decoding=\"async\" width=\"1024\" height=\"616\" src=\"http:\/\/www.tucomarca.com\/wordpress\/segunda\/wp-content\/uploads\/2025\/02\/MazonAutonomos1-1024x616.jpg\" alt=\"\" class=\"wp-image-252621\" srcset=\"https:\/\/tucomarca.whitekongsoftware.com\/wp-content\/uploads\/2025\/02\/MazonAutonomos1-1024x616.jpg 1024w, https:\/\/tucomarca.whitekongsoftware.com\/wp-content\/uploads\/2025\/02\/MazonAutonomos1-300x181.jpg 300w, https:\/\/tucomarca.whitekongsoftware.com\/wp-content\/uploads\/2025\/02\/MazonAutonomos1-768x462.jpg 768w, https:\/\/tucomarca.whitekongsoftware.com\/wp-content\/uploads\/2025\/02\/MazonAutonomos1-1536x925.jpg 1536w, https:\/\/tucomarca.whitekongsoftware.com\/wp-content\/uploads\/2025\/02\/MazonAutonomos1-2048x1233.jpg 2048w\" sizes=\"auto, (max-width: 1024px) 100vw, 1024px\" \/><\/figure>\n\n\n\n<p class=\"wp-block-paragraph\"><strong>Exempci\u00f3 de la quota d\u2019aut\u00f2nom i ajornament del segon pagament de l\u2019IRPF<\/strong><\/p>\n\n\n\n<p class=\"wp-block-paragraph\">Durant la seua intervenci\u00f3, el cap del Consell ha sol\u00b7licitat al Govern d\u2019Espanya \u201cuna exempci\u00f3 absoluta durant tot 2025 de les quotes dels aut\u00f2noms afectats per les riuades perqu\u00e8 est\u00e0 en joc el futur de 30.000 treballadors\u201d.<\/p>\n\n\n\n<p class=\"wp-block-paragraph\">Al respecte, ha recordat que \u201ca pesar que tant la Generalitat com les associacions, feia&nbsp; setmanes que reclam\u00e0vem la pr\u00f2rroga del cessament extraordinari d\u2019activitat per als aut\u00f2noms, esta es va autoritzar \u00faltima hora\u201d i ha retret al Govern que \u201capuren tant els terminis\u201d.<\/p>\n\n\n\n<p class=\"wp-block-paragraph\">Maz\u00f3n ha lamentat que l\u2019executiu central \u201cdone ajudes amb una m\u00e0 i demane impostos amb l\u2019altra perqu\u00e8 no \u00e9s moralment acceptable\u201d. Per aix\u00f2, ha exigit al Govern \u201cagilitat, accelerar les ajudes i ampliar els municipis afectats\u201d, aix\u00ed com \u201cl\u2019exempci\u00f3 d\u2019impostos, IVA 0 per al canvi de vehicles i rehabilitaci\u00f3 de vivenda, que es compense els ajuntaments perqu\u00e8 no es pague l\u2019impost sobre b\u00e9ns immoble i de l\u2019impost sobre activitats econ\u00f2miques\u201d.<\/p>\n\n\n\n<p class=\"wp-block-paragraph\">De la mateixa manera, el president ha reclamat \u201cl\u2019ajornament del segon pagament de l\u2019IRPF de 2023 per als damnificats que ven\u00e7 en els pr\u00f2xims dies\u201d i ha assenyalat que esta morat\u00f2ria \u201cha de ser sense data\u201d.<\/p>\n\n\n\n<p class=\"wp-block-paragraph\"><strong>Segona convocat\u00f2ria d\u2019ajudes a aut\u00f2noms sense empleats<\/strong><\/p>\n\n\n\n<p class=\"wp-block-paragraph\">La segona fase de la l\u00ednia per a aut\u00f2noms que gestionar\u00e0 Labora, est\u00e0 dirigida a persones donades d\u2019alta en la Seguretat Social o en alguna mutualitat, figurar en l\u2019IAE, aix\u00ed com que el lloc de treball se situe en la zona el territori damnificat a conseq\u00fc\u00e8ncia de la depressi\u00f3 a\u00efllada en nivells alts o l\u2019autoritzaci\u00f3 i que no tingueren contractada cap persona treballadora per compte d\u2019altri.<\/p>\n\n\n\n<p class=\"wp-block-paragraph\">Aix\u00ed mateix, tamb\u00e9 es podran beneficiar les persones treballadores aut\u00f2nomes que formen part de comunitats de b\u00e9ns o de qualsevol altra entitat sense personalitat jur\u00eddica. A m\u00e9s, s\u2019ha ampliat en els municipis damnificats per les riuades, en concret, Alberic, Barxeta, Benaguasil, Benimodo, Carcaixent, Castell\u00f3, Castielfabib, Chulilla, l\u2019\u00c9nova, Manuel, Millares, la Pobla Llarga, Rafelguaraf, Senyera i Tous.<\/p>\n\n\n\n<p class=\"wp-block-paragraph\">La sol\u00b7licitud es presentar\u00e0 de manera telem\u00e0tica en la seu electr\u00f2nica de la Generalitat a trav\u00e9s de la web www.labora.gva.es. El termini s\u2019iniciar\u00e0 a les 9:00 hores del 10 de febrer de 2025 i finalitzar\u00e0 a les 15:00 hores del 28 de febrer de 2025.<\/p>\n","protected":false},"excerpt":{"rendered":"<div class=\"mh-excerpt\">Destaca que \u201c17.300 aut\u00f2noms es podran beneficiar d\u2019esta l\u00ednia dotada amb 3.000 euros d\u2019ajuda directa, sense burocr\u00e0cia ni tributaci\u00f3\u201d i que \u201cs\u2019amplia a m\u00e9s municipis afectats per les riuades\u201d. Ratifica el comprom\u00eds perqu\u00e8 esta nova <a class=\"mh-excerpt-more\" href=\"https:\/\/tucomarca.whitekongsoftware.com\/ca\/pla-recuperem-valenciacarlos-mazon-activem-el-10-de-febrer-la-segona-linia-dajuda-per-a-autonoms-sense-empleats-dotada-amb-52-milions-deurospla-recuperem-valencia\/\" title=\"Carlos Maz\u00f3n: \u201cActivem el 10 de febrer la segona l\u00ednia d\u2019ajuda per a aut\u00f2noms sense empleats dotada amb 52 milions d\u2019euros\u201d\">[+] <\/a><\/div>\n","protected":false},"author":1,"featured_media":252624,"comment_status":"open","ping_status":"open","sticky":false,"template":"","format":"standard","meta":{"footnotes":""},"categories":[21466,10898,10948,10894,10904,10903,10947,10896,10897],"tags":[21853,18807,15409,11199],"class_list":["post-252626","post","type-post","status-publish","format-standard","has-post-thumbnail","category-dana-ca","category-ventana-ca","category-infraestructuras-ca","category-la-comarca-ca","category-sin-categorizar-ca","category-medio-ambiente-la-comarca-ca","category-politica","category-seccion-ca","category-sucesos-la-comarca-ca","tag-autonomos-ca","tag-carlos-mazon-ca","tag-dana-2-ca","tag-la-comunitat-ca"],"_links":{"self":[{"href":"https:\/\/tucomarca.whitekongsoftware.com\/ca\/wp-json\/wp\/v2\/posts\/252626","targetHints":{"allow":["GET"]}}],"collection":[{"href":"https:\/\/tucomarca.whitekongsoftware.com\/ca\/wp-json\/wp\/v2\/posts"}],"about":[{"href":"https:\/\/tucomarca.whitekongsoftware.com\/ca\/wp-json\/wp\/v2\/types\/post"}],"author":[{"embeddable":true,"href":"https:\/\/tucomarca.whitekongsoftware.com\/ca\/wp-json\/wp\/v2\/users\/1"}],"replies":[{"embeddable":true,"href":"https:\/\/tucomarca.whitekongsoftware.com\/ca\/wp-json\/wp\/v2\/comments?post=252626"}],"version-history":[{"count":0,"href":"https:\/\/tucomarca.whitekongsoftware.com\/ca\/wp-json\/wp\/v2\/posts\/252626\/revisions"}],"wp:featuredmedia":[{"embeddable":true,"href":"https:\/\/tucomarca.whitekongsoftware.com\/ca\/wp-json\/wp\/v2\/media\/252624"}],"wp:attachment":[{"href":"https:\/\/tucomarca.whitekongsoftware.com\/ca\/wp-json\/wp\/v2\/media?parent=252626"}],"wp:term":[{"taxonomy":"category","embeddable":true,"href":"https:\/\/tucomarca.whitekongsoftware.com\/ca\/wp-json\/wp\/v2\/categories?post=252626"},{"taxonomy":"post_tag","embeddable":true,"href":"https:\/\/tucomarca.whitekongsoftware.com\/ca\/wp-json\/wp\/v2\/tags?post=252626"}],"curies":[{"name":"wp","href":"https:\/\/api.w.org\/{rel}","templated":true}]}}