{"id":252372,"date":"2025-02-01T12:00:00","date_gmt":"2025-02-01T11:00:00","guid":{"rendered":"https:\/\/www.tucomarca.com\/wordpress\/segunda\/?p=252372"},"modified":"2025-02-02T10:24:51","modified_gmt":"2025-02-02T09:24:51","slug":"el-poble-de-turis-immers-en-les-celebracions-pel-75-aniversari-de-la-coronacio-de-la-mare-de-deu-dels-dolors-gloriosos","status":"publish","type":"post","link":"https:\/\/tucomarca.whitekongsoftware.com\/ca\/el-poble-de-turis-immers-en-les-celebracions-pel-75-aniversari-de-la-coronacio-de-la-mare-de-deu-dels-dolors-gloriosos\/","title":{"rendered":"El poble de Tur\u00eds, immers en les celebracions pel 75 aniversari de la Coronaci\u00f3 de la Mare de D\u00e9u dels Dolors Gloriosos"},"content":{"rendered":"\n<h3 class=\"wp-block-heading\">El que va ser rector en aquesta localitat, el Bisbe Auxiliar monsenyor Arturo Garc\u00eda ha presidit l&#8217;eucaristia.<\/h3>\n\n\n\n<p class=\"wp-block-paragraph\">La Parr\u00f2quia de la Nativitat de La nostra Senyora de Tur\u00eds va celebrar diumenge passat una Eucaristia especial per a inaugurar l&#8217;any del 75 Aniversari de la Coronaci\u00f3 de la Mare de D\u00e9u dels Dolors Gloriosos, coincidint amb l&#8217;Any Jubilar convocat pel Papa.<br>L&#8217;acte va comptar amb la pres\u00e8ncia de monsenyor Arturo Garc\u00eda P\u00e9rez, ex rector de Tur\u00eds i ara bisbe, qui va ser rebut per la Corporaci\u00f3 Municipal a l&#8217;Ajuntament, signant en el Llibre d&#8217;Honor. Posteriorment, la feligresia li va donar una c\u00e0lida benvinguda en el temple parroquial.<br>La celebraci\u00f3 va estar presidida per Don Arturo, acompanyat pel bisbe em\u00e8rit Jes\u00fas Murgui, Frai Fernando Hueso i el rector de Bunyol, Enrique Boronat. En la seua homilia, Don Arturo va ressaltar la devoci\u00f3 mariana del poble i el significat de la coronaci\u00f3 de la imatge.<br>L&#8217;alcalde, Ismael Corell, va entregar un reconeixement al bisbe en agra\u00efment per la seua labor pastoral. La jornada va concloure amb una romeria a l&#8217;ermita, on els fidels van resar l&#8217;oraci\u00f3 del jubileu i van entonar l&#8217;himne de la coronaci\u00f3.<\/p>\n\n\n\n<figure class=\"wp-block-gallery has-nested-images columns-1 is-cropped wp-block-gallery-1 is-layout-flex wp-block-gallery-is-layout-flex\">\n<figure class=\"wp-block-image size-large\"><img loading=\"lazy\" decoding=\"async\" width=\"1024\" height=\"698\" data-id=\"252364\" src=\"http:\/\/www.tucomarca.com\/wordpress\/segunda\/wp-content\/uploads\/2025\/01\/TurisCoronacion04-1024x698.jpg\" alt=\"\" class=\"wp-image-252364\" srcset=\"https:\/\/tucomarca.whitekongsoftware.com\/wp-content\/uploads\/2025\/01\/TurisCoronacion04-1024x698.jpg 1024w, https:\/\/tucomarca.whitekongsoftware.com\/wp-content\/uploads\/2025\/01\/TurisCoronacion04-300x205.jpg 300w, https:\/\/tucomarca.whitekongsoftware.com\/wp-content\/uploads\/2025\/01\/TurisCoronacion04-768x524.jpg 768w, https:\/\/tucomarca.whitekongsoftware.com\/wp-content\/uploads\/2025\/01\/TurisCoronacion04.jpg 1100w\" sizes=\"auto, (max-width: 1024px) 100vw, 1024px\" \/><\/figure>\n\n\n\n<figure class=\"wp-block-image size-large\"><img loading=\"lazy\" decoding=\"async\" width=\"1024\" height=\"698\" data-id=\"252360\" src=\"https:\/\/www.tucomarca.com\/wordpress\/segunda\/wp-content\/uploads\/2025\/01\/TurisCoronacion02-1024x698.jpg\" alt=\"\" class=\"wp-image-252360\" srcset=\"https:\/\/tucomarca.whitekongsoftware.com\/wp-content\/uploads\/2025\/01\/TurisCoronacion02-1024x698.jpg 1024w, https:\/\/tucomarca.whitekongsoftware.com\/wp-content\/uploads\/2025\/01\/TurisCoronacion02-300x205.jpg 300w, https:\/\/tucomarca.whitekongsoftware.com\/wp-content\/uploads\/2025\/01\/TurisCoronacion02-768x524.jpg 768w, https:\/\/tucomarca.whitekongsoftware.com\/wp-content\/uploads\/2025\/01\/TurisCoronacion02.jpg 1100w\" sizes=\"auto, (max-width: 1024px) 100vw, 1024px\" \/><\/figure>\n\n\n\n<figure class=\"wp-block-image size-large\"><img loading=\"lazy\" decoding=\"async\" width=\"1024\" height=\"698\" data-id=\"252362\" src=\"https:\/\/www.tucomarca.com\/wordpress\/segunda\/wp-content\/uploads\/2025\/01\/TurisCoronacion03-1024x698.jpg\" alt=\"\" class=\"wp-image-252362\" srcset=\"https:\/\/tucomarca.whitekongsoftware.com\/wp-content\/uploads\/2025\/01\/TurisCoronacion03-1024x698.jpg 1024w, https:\/\/tucomarca.whitekongsoftware.com\/wp-content\/uploads\/2025\/01\/TurisCoronacion03-300x205.jpg 300w, https:\/\/tucomarca.whitekongsoftware.com\/wp-content\/uploads\/2025\/01\/TurisCoronacion03-768x524.jpg 768w, https:\/\/tucomarca.whitekongsoftware.com\/wp-content\/uploads\/2025\/01\/TurisCoronacion03.jpg 1100w\" sizes=\"auto, (max-width: 1024px) 100vw, 1024px\" \/><\/figure>\n\n\n\n<figure class=\"wp-block-image size-large\"><img loading=\"lazy\" decoding=\"async\" width=\"698\" height=\"1024\" data-id=\"252366\" src=\"https:\/\/www.tucomarca.com\/wordpress\/segunda\/wp-content\/uploads\/2025\/01\/TurisCoronacion05-698x1024.jpg\" alt=\"\" class=\"wp-image-252366\" srcset=\"https:\/\/tucomarca.whitekongsoftware.com\/wp-content\/uploads\/2025\/01\/TurisCoronacion05-698x1024.jpg 698w, https:\/\/tucomarca.whitekongsoftware.com\/wp-content\/uploads\/2025\/01\/TurisCoronacion05-205x300.jpg 205w, https:\/\/tucomarca.whitekongsoftware.com\/wp-content\/uploads\/2025\/01\/TurisCoronacion05.jpg 750w\" sizes=\"auto, (max-width: 698px) 100vw, 698px\" \/><\/figure>\n<\/figure>\n","protected":false},"excerpt":{"rendered":"<div class=\"mh-excerpt\">El que va ser rector en aquesta localitat, el Bisbe Auxiliar monsenyor Arturo Garc\u00eda ha presidit l&#8217;eucaristia. La Parr\u00f2quia de la Nativitat de La nostra Senyora de Tur\u00eds va celebrar diumenge passat una Eucaristia especial <a class=\"mh-excerpt-more\" href=\"https:\/\/tucomarca.whitekongsoftware.com\/ca\/el-poble-de-turis-immers-en-les-celebracions-pel-75-aniversari-de-la-coronacio-de-la-mare-de-deu-dels-dolors-gloriosos\/\" title=\"El poble de Tur\u00eds, immers en les celebracions pel 75 aniversari de la Coronaci\u00f3 de la Mare de D\u00e9u dels Dolors Gloriosos\">[+] <\/a><\/div>\n","protected":false},"author":12,"featured_media":252359,"comment_status":"open","ping_status":"open","sticky":false,"template":"","format":"gallery","meta":{"footnotes":""},"categories":[10894,10902,11007,10896,11047],"tags":[11356,11093],"class_list":["post-252372","post","type-post","status-publish","format-gallery","has-post-thumbnail","category-la-comarca-ca","category-la-ribera-ca","category-ocio-y-cultura-ca","category-seccion-ca","category-turis-ca","tag-ribera-alta-ca","tag-turis-ca","post_format-post-format-gallery"],"_links":{"self":[{"href":"https:\/\/tucomarca.whitekongsoftware.com\/ca\/wp-json\/wp\/v2\/posts\/252372","targetHints":{"allow":["GET"]}}],"collection":[{"href":"https:\/\/tucomarca.whitekongsoftware.com\/ca\/wp-json\/wp\/v2\/posts"}],"about":[{"href":"https:\/\/tucomarca.whitekongsoftware.com\/ca\/wp-json\/wp\/v2\/types\/post"}],"author":[{"embeddable":true,"href":"https:\/\/tucomarca.whitekongsoftware.com\/ca\/wp-json\/wp\/v2\/users\/12"}],"replies":[{"embeddable":true,"href":"https:\/\/tucomarca.whitekongsoftware.com\/ca\/wp-json\/wp\/v2\/comments?post=252372"}],"version-history":[{"count":0,"href":"https:\/\/tucomarca.whitekongsoftware.com\/ca\/wp-json\/wp\/v2\/posts\/252372\/revisions"}],"wp:featuredmedia":[{"embeddable":true,"href":"https:\/\/tucomarca.whitekongsoftware.com\/ca\/wp-json\/wp\/v2\/media\/252359"}],"wp:attachment":[{"href":"https:\/\/tucomarca.whitekongsoftware.com\/ca\/wp-json\/wp\/v2\/media?parent=252372"}],"wp:term":[{"taxonomy":"category","embeddable":true,"href":"https:\/\/tucomarca.whitekongsoftware.com\/ca\/wp-json\/wp\/v2\/categories?post=252372"},{"taxonomy":"post_tag","embeddable":true,"href":"https:\/\/tucomarca.whitekongsoftware.com\/ca\/wp-json\/wp\/v2\/tags?post=252372"}],"curies":[{"name":"wp","href":"https:\/\/api.w.org\/{rel}","templated":true}]}}