{"id":252354,"date":"2025-01-31T12:30:00","date_gmt":"2025-01-31T11:30:00","guid":{"rendered":"https:\/\/www.tucomarca.com\/wordpress\/segunda\/?p=252354"},"modified":"2025-01-31T19:00:34","modified_gmt":"2025-01-31T18:00:34","slug":"la-do-utiel-requena-sera-present-en-la-cinquena-edicio-de-la-barcelona-wine-week-2025-al-costat-de-sis-cellers","status":"publish","type":"post","link":"https:\/\/tucomarca.whitekongsoftware.com\/ca\/la-do-utiel-requena-sera-present-en-la-cinquena-edicio-de-la-barcelona-wine-week-2025-al-costat-de-sis-cellers\/","title":{"rendered":"La DO Utiel-Requena ser\u00e0 present en la cinquena edici\u00f3 de la Barcelona Wine Week 2025 al costat de sis cellers"},"content":{"rendered":"\n<p class=\"wp-block-paragraph\">La DO Utiel-Requena tornar\u00e0 a ser present en laquinta edici\u00f3 de la Barcelona Wine Week, la fira del sector del vi de refer\u00e8ncia a Espanya, que se celebrar\u00e0 la setmana vinent del 3 al 5 de febrer. En aquesta edici\u00f3 amplia el seu espai i ocupar\u00e0 tamb\u00e9 dos pavellons del recinte Montju\u00efc, on estaran els estands de la DO Utiel-Requena, concretament en el Pavell\u00f3 8, nivell 0. Sota paraigua institucional exposaran sis cellers: Cellers Vibe (Carrer A, Estand 397), Barraques Carrascal (Carrer A, Estand 411), Vinya Mem\u00f2ries (Carrer A, Estand 421), Grup Covi\u00f1as (Carrer C, Estand 429) i compartint estand tanquen la llista Jim\u00e9nez-Vila Hnos i Vera de Estenas (Carrer A, Estand 429).<\/p>\n\n\n\n<p class=\"wp-block-paragraph\">Aquesta fira va n\u00e0ixer amb l&#8217;aspiraci\u00f3 de posicionar-se com la fira espanyola de refer\u00e8ncia del sector vin\u00edcola i els n\u00fameros avalen l&#8217;estrat\u00e8gia: ha crescut un 16% respecte a l&#8217;any passat en expositors, un 20% en visitants i un 31% en espai.<\/p>\n\n\n\n<p class=\"wp-block-paragraph\">L&#8217;organitzaci\u00f3 preveu un volum de reunions de 13.000 cites, recolzant aix\u00ed el gran poder dinamitzador per al sector que suposa la Barcelona Wine Week. Els nostres cellers exhibiran els seus millors vins i buscaran establir contactes comercials amb 24.000 visitants professionals que assistiran al sal\u00f3.<\/p>\n\n\n\n<p class=\"wp-block-paragraph\">A m\u00e9s del networking, des de BWW han posat a la disposici\u00f3 del p\u00fablic sales per a acudir als 70 tastos i pon\u00e8ncies previstes, on professionals del sector parlaran sobre tem\u00e0tiques tan diverses com la revaloraci\u00f3 dels vins de ceps vells, l&#8217;auge dels vins blancs o els reptes als quals s&#8217;enfronta el sector en els pr\u00f2xims anys.<\/p>\n\n\n\n<p class=\"wp-block-paragraph\"><strong>Acci\u00f3 complement\u00e0ria per a aquest 2025: Hotel Wine Fest<\/strong><\/p>\n\n\n<div class=\"wp-block-image\">\n<figure class=\"alignleft size-full is-resized\"><img loading=\"lazy\" decoding=\"async\" width=\"607\" height=\"776\" src=\"http:\/\/www.tucomarca.com\/wordpress\/segunda\/wp-content\/uploads\/2025\/01\/DOUtiel-RequenaWineWeek25_02.png\" alt=\"\" class=\"wp-image-252348\" style=\"width:416px;height:auto\" srcset=\"https:\/\/tucomarca.whitekongsoftware.com\/wp-content\/uploads\/2025\/01\/DOUtiel-RequenaWineWeek25_02.png 607w, https:\/\/tucomarca.whitekongsoftware.com\/wp-content\/uploads\/2025\/01\/DOUtiel-RequenaWineWeek25_02-235x300.png 235w\" sizes=\"auto, (max-width: 607px) 100vw, 607px\" \/><\/figure>\n<\/div>\n\n\n<p class=\"wp-block-paragraph\">Abrigallant l&#8217;empenyiment que aquesta fira atorga a la cultura vitivin\u00edcola, s&#8217;ha creat una acci\u00f3 paral\u00b7lela per\u00f2 complement\u00e0ria anomenada Hotel Wine Fest, que consisteix en maridatges amb vins de Denominacions d&#8217;Origen participants en la fira en hotels de quatre i cinc estreles de la capital comtal.<\/p>\n\n\n\n<p class=\"wp-block-paragraph\">Aquesta segona edici\u00f3 de l&#8217;Hotel Wine Fest t\u00e9 un marcat car\u00e0cter solidari, ja que les tres Denominacions d&#8217;Origen de la Comunitat Valenciana (DO Utiel-Requena, DO Val\u00e8ncia i DO Alacant) hem sigut convidades com a suport despr\u00e9s de la DANA patida el mes d&#8217;octubre passat. Detall que volem posar en valor i agrair p\u00fablicament.<\/p>\n\n\n\n<p class=\"wp-block-paragraph\">L&#8217;hotel amfitri\u00f3 triat per l&#8217;organitzaci\u00f3 per a realitzar els nostres maridatges ha sigut el Majestic Hotel &amp; Spa. Fins al 5 de febrer es podran degustar els dos maridatges que han fet amb els nostres vins, tant el men\u00fa degustaci\u00f3 (sis plats) com la tapa.<\/p>\n\n\n\n<p class=\"wp-block-paragraph\">Nou Denominacions d&#8217;Origen competiran per ser la millor harmonia en el Premi Maridatge Aliments d&#8217;Espanya del Ministeri d&#8217;Agricultura, Pesca i Alimentaci\u00f3. El jurat atorgar\u00e0 el premi el dia 5 com a fermall final a la fira.<\/p>\n","protected":false},"excerpt":{"rendered":"<div class=\"mh-excerpt\">La DO Utiel-Requena tornar\u00e0 a ser present en laquinta edici\u00f3 de la Barcelona Wine Week, la fira del sector del vi de refer\u00e8ncia a Espanya, que se celebrar\u00e0 la setmana vinent del 3 al 5 <a class=\"mh-excerpt-more\" href=\"https:\/\/tucomarca.whitekongsoftware.com\/ca\/la-do-utiel-requena-sera-present-en-la-cinquena-edicio-de-la-barcelona-wine-week-2025-al-costat-de-sis-cellers\/\" title=\"La DO Utiel-Requena ser\u00e0 present en la cinquena edici\u00f3 de la Barcelona Wine Week 2025 al costat de sis cellers\">[+] <\/a><\/div>\n","protected":false},"author":12,"featured_media":252351,"comment_status":"open","ping_status":"open","sticky":false,"template":"","format":"standard","meta":{"footnotes":""},"categories":[11019,11006,10894,11007,10909,10896],"tags":[21837,12747,10910],"class_list":["post-252354","post","type-post","status-publish","format-standard","has-post-thumbnail","category-agenda-ca","category-canal-vinos","category-la-comarca-ca","category-ocio-y-cultura-ca","category-requena-utiel-ca","category-seccion-ca","tag-barcelona-wine-week-2025-ca","tag-do-utiel-requena-ca","tag-requena-utiel-ca"],"_links":{"self":[{"href":"https:\/\/tucomarca.whitekongsoftware.com\/ca\/wp-json\/wp\/v2\/posts\/252354","targetHints":{"allow":["GET"]}}],"collection":[{"href":"https:\/\/tucomarca.whitekongsoftware.com\/ca\/wp-json\/wp\/v2\/posts"}],"about":[{"href":"https:\/\/tucomarca.whitekongsoftware.com\/ca\/wp-json\/wp\/v2\/types\/post"}],"author":[{"embeddable":true,"href":"https:\/\/tucomarca.whitekongsoftware.com\/ca\/wp-json\/wp\/v2\/users\/12"}],"replies":[{"embeddable":true,"href":"https:\/\/tucomarca.whitekongsoftware.com\/ca\/wp-json\/wp\/v2\/comments?post=252354"}],"version-history":[{"count":0,"href":"https:\/\/tucomarca.whitekongsoftware.com\/ca\/wp-json\/wp\/v2\/posts\/252354\/revisions"}],"wp:featuredmedia":[{"embeddable":true,"href":"https:\/\/tucomarca.whitekongsoftware.com\/ca\/wp-json\/wp\/v2\/media\/252351"}],"wp:attachment":[{"href":"https:\/\/tucomarca.whitekongsoftware.com\/ca\/wp-json\/wp\/v2\/media?parent=252354"}],"wp:term":[{"taxonomy":"category","embeddable":true,"href":"https:\/\/tucomarca.whitekongsoftware.com\/ca\/wp-json\/wp\/v2\/categories?post=252354"},{"taxonomy":"post_tag","embeddable":true,"href":"https:\/\/tucomarca.whitekongsoftware.com\/ca\/wp-json\/wp\/v2\/tags?post=252354"}],"curies":[{"name":"wp","href":"https:\/\/api.w.org\/{rel}","templated":true}]}}