{"id":252324,"date":"2025-01-30T12:30:00","date_gmt":"2025-01-30T11:30:00","guid":{"rendered":"https:\/\/www.tucomarca.com\/wordpress\/segunda\/?p=252324"},"modified":"2025-01-30T20:12:14","modified_gmt":"2025-01-30T19:12:14","slug":"el-ple-de-xest-dona-llum-verda-als-tramits-per-a-la-licitacio-de-les-obres-del-barranc-silleta-i-a-la-nova-nominacio-del-complex-educatiu","status":"publish","type":"post","link":"https:\/\/tucomarca.whitekongsoftware.com\/ca\/el-ple-de-xest-dona-llum-verda-als-tramits-per-a-la-licitacio-de-les-obres-del-barranc-silleta-i-a-la-nova-nominacio-del-complex-educatiu\/","title":{"rendered":"El ple de Xest dona llum verda als tr\u00e0mits per a la licitaci\u00f3 de les obres del Barranc Silleta i a la nova nominaci\u00f3 del Complex Educatiu"},"content":{"rendered":"\n<h3 class=\"wp-block-heading\">Durant la sessi\u00f3 tamb\u00e9 es va aprovar la sol\u00b7licitud de condecoracions per actuacions a conseq\u00fc\u00e8ncia de la DANA i es va adonar del calendari fiscal 2025.<\/h3>\n\n\n\n<p class=\"wp-block-paragraph\">Ahir, dimecres 29 de gener, es va celebrar la sessi\u00f3 ordin\u00e0ria del ple d&#8217;aquest mes, on es van abordar els seg\u00fcents temes:<\/p>\n\n\n\n<p class=\"wp-block-paragraph\"><strong>Obres de canalitzaci\u00f3 en el Barranc Silleta<\/strong><\/p>\n\n\n\n<p class=\"wp-block-paragraph\">El ple va aprovar l&#8217;expedient de contractaci\u00f3 de les obres de renovaci\u00f3 i conducci\u00f3 subterr\u00e0nia del Barranc Silleta i el condicionament dels carrers superiors, Llorer i Ram\u00f3n Codo\u00f1er, com a pas previ necessari en la tramitaci\u00f3 de la licitaci\u00f3 del projecte, valorat en 1,2 milions d&#8217;euros.<\/p>\n\n\n\n<p class=\"wp-block-paragraph\">\u201cA partir de l&#8217;aprovaci\u00f3 d&#8217;aquest expedient, si la licitaci\u00f3 segueix amb tots els terminis perfectes, que mai ho s\u00f3n, es mantindria la previsi\u00f3 que les obres comen\u00e7arien en la primera part de l&#8217;any, al mar\u00e7, despr\u00e9s de Falles, i si no, ser\u00e0 per al mes d&#8217;abril\u201d, explicava l&#8217;alcalde, Jos\u00e9 Morell. \u201cEn el moment en qu\u00e8 l&#8217;obra ja estiga adjudicada i es vaja a comen\u00e7ar, es far\u00e0 una reuni\u00f3 informativa perqu\u00e8 els ve\u00efns coneguen els detalls de com es desenvolupar\u00e0 l&#8217;obra, per\u00f2 no s&#8217;obrir\u00e0 tot el carrer al mateix temps\u201d.<\/p>\n\n\n\n<p class=\"wp-block-paragraph\">El Grup Popular es va abstindre en la votaci\u00f3, plantejant q\u00fcestions respecte a la tramitaci\u00f3 del projecte sobre la base de l&#8217;informe d&#8217;Intervenci\u00f3. \u201cEn eixe punt ens abstindrem, ja que no comptem amb tota la informaci\u00f3; no votarem en contra per a no entorpir la tramitaci\u00f3 del projecte\u201d, apuntava el portaveu del PP, Enrique Peinado.<\/p>\n\n\n\n<p class=\"wp-block-paragraph\">Tant l&#8217;alcalde com la regidora d&#8217;Hisenda, M\u00aa \u00c1ngeles Llorente, van destacar sobre aquest tema que el proc\u00e9s compta amb les previsions legals normals i amb el finan\u00e7ament concedit.<\/p>\n\n\n\n<p class=\"wp-block-paragraph\"><strong>Nova nominaci\u00f3 de l&#8217;IES n\u00fam. 1<\/strong><\/p>\n\n\n\n<p class=\"wp-block-paragraph\">El ple tamb\u00e9 va donar llum verda, en aquesta ocasi\u00f3 per unanimitat, la proposta de nova nominaci\u00f3 de l&#8217;IES n\u00fam. 1 Complex Educatiu Xest com a Institut Jos\u00e9 Mart\u00ednez Toral, sol\u00b7licitat des del propi centre en homenatge p\u00f2stum al seu director, mort a causa de la riuada provocada per la DANA el passat 29 d&#8217;octubre. En la petici\u00f3 es destaca l&#8217;impacte educatiu i el llegat en l&#8217;alumnat de Jos\u00e9 Mart\u00ednez Toral i es reconeix la seua figura com un exemple de perseveran\u00e7a, integritat i servei a la comunitat.<\/p>\n\n\n\n<figure class=\"wp-block-image size-large\"><img loading=\"lazy\" decoding=\"async\" width=\"1024\" height=\"682\" src=\"http:\/\/www.tucomarca.com\/wordpress\/segunda\/wp-content\/uploads\/2025\/01\/ChestePlenoEnero2-1024x682.jpg\" alt=\"\" class=\"wp-image-252321\" srcset=\"https:\/\/tucomarca.whitekongsoftware.com\/wp-content\/uploads\/2025\/01\/ChestePlenoEnero2-1024x682.jpg 1024w, https:\/\/tucomarca.whitekongsoftware.com\/wp-content\/uploads\/2025\/01\/ChestePlenoEnero2-300x200.jpg 300w, https:\/\/tucomarca.whitekongsoftware.com\/wp-content\/uploads\/2025\/01\/ChestePlenoEnero2-768x512.jpg 768w, https:\/\/tucomarca.whitekongsoftware.com\/wp-content\/uploads\/2025\/01\/ChestePlenoEnero2.jpg 1181w\" sizes=\"auto, (max-width: 1024px) 100vw, 1024px\" \/><\/figure>\n\n\n\n<p class=\"wp-block-paragraph\"><strong>Moci\u00f3 IU<\/strong><\/p>\n\n\n\n<p class=\"wp-block-paragraph\">Des d&#8217;Esquerra Unida es va presentar en el Ple la \u201cMoci\u00f3 davant l&#8217;Emerg\u00e8ncia de la DANA\u201d, per part de la regidora M\u00aa \u00c1ngeles Llorente. \u201cTots sabem el que va passar el 29 d&#8217;octubre, desenes del pobles han quedat completament devastats i la situaci\u00f3 continua sent preocupant i lamentable. \u00c9s clar que va haver-hi una falta de prevenci\u00f3 en l&#8217;emerg\u00e8ncia i tamb\u00e9 hi ha una falta d&#8217;activitat en la resposta a la reconstrucci\u00f3\u201d, manifestava la regidora, abans de llegir la moci\u00f3. \u201c\u00c9s cert que el Partit Popular de Xest va estar donant-nos suport en tot des del primer dia i que posteriorment, quan se&#8217;ls ha demanat col\u00b7laboraci\u00f3, han sigut ac\u00ed, per\u00f2 aquesta moci\u00f3 se centra en la den\u00fancia dels responsables de neglig\u00e8ncia amb nom i cognoms i, en segon lloc, en peticions de reconstrucci\u00f3 que s\u00f3n completament necess\u00e0ries\u201d.<br>El Partit Popular va votar en contra per considerar la moci\u00f3 un atac frontal al seu partit per\u00f2 va agrair, no obstant aix\u00f2, el reconeixement al treball conjunt realitzat durant l&#8217;emerg\u00e8ncia.<\/p>\n\n\n\n<p class=\"wp-block-paragraph\"><strong>Medalles al m\u00e8rit amb distintiu Rojo<\/strong><\/p>\n\n\n\n<p class=\"wp-block-paragraph\">D&#8217;altra banda, el Ple va donar llum verda a la proposta de concessi\u00f3 de condecoracions amb la Creu al M\u00e8rit amb distintiu roig per part de la Generalitat als agents de la Policia local de Xest que van participar en tasques de rescat durant la DANA; a Protecci\u00f3 Civil, per la seua immediata disposici\u00f3 per a labors d&#8217;ajuda, i a una persona en particular, pel seu important paper un rescat. \u201cHui reconeixem als Policies que van arriscar les seues vides per a rescatar a chestanos, a Protecci\u00f3 Civil, que va estar des del minut un ateses les persones refugiades i portant menjar a les urbanitzacions; i a una persona que va salvar a dos agents durant un rescat; per\u00f2 l&#8217;Ajuntament tamb\u00e9 est\u00e0 preparant un expedient per al reconeixement de persones particulars, que explicarem quan aquest llest\u201d.<\/p>\n\n\n\n<p class=\"wp-block-paragraph\"><strong>Altres punts<\/strong><\/p>\n\n\n\n<p class=\"wp-block-paragraph\">Durant el ple tamb\u00e9 es va adonar del calendari fiscal de 2025, per part de la regidora d&#8217;Hisenda, exposant-se els terminis dels tributs municipals.<br>Tamb\u00e9 es va aprovar l&#8217;inici del procediment per a la revisi\u00f3 d&#8217;ofici d&#8217;un proc\u00e9s selectiu de dos t\u00e8cnics mitjans d&#8217;Administraci\u00f3 general. \u201cEn un moment donat ens posen en coneixement a l&#8217;equip de govern que hi ha alguns dubtes sobre la participaci\u00f3 d&#8217;un dels aspirants un proc\u00e9s selectiu, la interventora va fer un informe per a aclarir la situaci\u00f3 i paral\u00b7lelament un funcionari el va portar a AVAF; aquesta ag\u00e8ncia antifrau va recomanar a l&#8217;Ajuntament fer una revisi\u00f3 d&#8217;ofici d&#8217;aquest procediment perqu\u00e8 l&#8217;aspirant quedar\u00e0 excl\u00f2s de la llista perqu\u00e8 no podia participar, ja que en eixe moment era treballador de l&#8217;Ajuntament i va tindre acc\u00e9s a l&#8217;expedient abans que la resta d&#8217;aspirants\u201d, explicava l&#8217;alcalde.<\/p>\n\n\n\n<p class=\"wp-block-paragraph\"><strong>Reconstrucci\u00f3 d&#8217;infraestructures<\/strong><\/p>\n\n\n\n<p class=\"wp-block-paragraph\">En assumptes d&#8217;alcaldia Morell va donar compte de l&#8217;estat de reconstrucci\u00f3 d&#8217;infraestructures en la localitat, incidint en qu\u00e8 a Xest hi ha m\u00e9s de 10 milions d&#8217;euros en desperfectes que se seran finan\u00e7ats \u00edntegrament a causa de la situaci\u00f3 d&#8217;emerg\u00e8ncia nivell dos en la qual es troba la poblaci\u00f3.<br>\u201cPuc avan\u00e7ar alguns temes que ja estan en marxa: Tragsa ha iniciat la recuperaci\u00f3 dels bancals, Adif ja ha comen\u00e7at la reconstrucci\u00f3 de la l\u00ednia C3 de Rodalia i el ministre \u00d3scar Puente ens ha informat que es va obrir a la fi d&#8217;any, fins a Bunyol, i despr\u00e9s de Bunyol a Utiel, a la fi de l&#8217;any seg\u00fcent; paral\u00b7lelament es va electrificar un tram i es posaran trens h\u00edbrids. D&#8217;altra banda, han comen\u00e7at ja les obres en el CEIP Ana Lluch i, respecte a les vies de comunicaci\u00f3, s&#8217;han iniciat tamb\u00e9 les obres a l&#8217;entorn del Circuit, gr\u00e0cies a una sol\u00b7licitud que vam fer des d&#8217;aquest ple a la Generalitat, que ha at\u00e9s el 90 per cent del que demanem. Al parc empresarial, la Generalitat tamb\u00e9 va actuar en l&#8217;entrada per Asme\u201d, explicava l&#8217;alcalde.<br>Respecte als accessos, Morell va detallar, d&#8217;una banda, les actuacions en l&#8217;acc\u00e9s a la poblaci\u00f3 per la CV-378, per la coneguda rotonda de La Moto i, d&#8217;altra banda, el referent a l&#8217;acc\u00e9s per la CV-50. \u201cEl pont del Barranquet s&#8217;ha substitu\u00eft ja i pensem que les obres estan a punt de culminar; quan aix\u00f2 estiga fet es comen\u00e7ar\u00e0 a reconstruir el pont de la gasolinera, en el qual ja s&#8217;estan realitzant rampes i altres labors pr\u00e8vies. Respecte a la CV-50, es va posar el pont militar, amb les limitacions que t\u00e9, per\u00f2 ara s&#8217;est\u00e0 construint per part de la Generalitat el desviament provisional alternatiu, que no comptar\u00e0 amb aquestes restriccions; quan estiga llest es retirar\u00e0 el pont de la UME i es reconstruir\u00e0 el pont original. Tamb\u00e9 s&#8217;est\u00e0 actuant en la CV-50 cam\u00ed Vilamarxant\u201d, finalitzava l&#8217;alcalde.<\/p>\n","protected":false},"excerpt":{"rendered":"<div class=\"mh-excerpt\">Durant la sessi\u00f3 tamb\u00e9 es va aprovar la sol\u00b7licitud de condecoracions per actuacions a conseq\u00fc\u00e8ncia de la DANA i es va adonar del calendari fiscal 2025. Ahir, dimecres 29 de gener, es va celebrar la <a class=\"mh-excerpt-more\" href=\"https:\/\/tucomarca.whitekongsoftware.com\/ca\/el-ple-de-xest-dona-llum-verda-als-tramits-per-a-la-licitacio-de-les-obres-del-barranc-silleta-i-a-la-nova-nominacio-del-complex-educatiu\/\" title=\"El ple de Xest dona llum verda als tr\u00e0mits per a la licitaci\u00f3 de les obres del Barranc Silleta i a la nova nominaci\u00f3 del Complex Educatiu\">[+] <\/a><\/div>\n","protected":false},"author":12,"featured_media":252320,"comment_status":"open","ping_status":"open","sticky":false,"template":"","format":"standard","meta":{"footnotes":""},"categories":[10948,10894,10912,10947,10896,10974],"tags":[11071,10914],"class_list":["post-252324","post","type-post","status-publish","format-standard","has-post-thumbnail","category-infraestructuras-ca","category-la-comarca-ca","category-la-hoya-ca","category-politica","category-seccion-ca","category-cheste-ca","tag-cheste","tag-la-hoya-de-bunol-chiva-ca"],"_links":{"self":[{"href":"https:\/\/tucomarca.whitekongsoftware.com\/ca\/wp-json\/wp\/v2\/posts\/252324","targetHints":{"allow":["GET"]}}],"collection":[{"href":"https:\/\/tucomarca.whitekongsoftware.com\/ca\/wp-json\/wp\/v2\/posts"}],"about":[{"href":"https:\/\/tucomarca.whitekongsoftware.com\/ca\/wp-json\/wp\/v2\/types\/post"}],"author":[{"embeddable":true,"href":"https:\/\/tucomarca.whitekongsoftware.com\/ca\/wp-json\/wp\/v2\/users\/12"}],"replies":[{"embeddable":true,"href":"https:\/\/tucomarca.whitekongsoftware.com\/ca\/wp-json\/wp\/v2\/comments?post=252324"}],"version-history":[{"count":0,"href":"https:\/\/tucomarca.whitekongsoftware.com\/ca\/wp-json\/wp\/v2\/posts\/252324\/revisions"}],"wp:featuredmedia":[{"embeddable":true,"href":"https:\/\/tucomarca.whitekongsoftware.com\/ca\/wp-json\/wp\/v2\/media\/252320"}],"wp:attachment":[{"href":"https:\/\/tucomarca.whitekongsoftware.com\/ca\/wp-json\/wp\/v2\/media?parent=252324"}],"wp:term":[{"taxonomy":"category","embeddable":true,"href":"https:\/\/tucomarca.whitekongsoftware.com\/ca\/wp-json\/wp\/v2\/categories?post=252324"},{"taxonomy":"post_tag","embeddable":true,"href":"https:\/\/tucomarca.whitekongsoftware.com\/ca\/wp-json\/wp\/v2\/tags?post=252324"}],"curies":[{"name":"wp","href":"https:\/\/api.w.org\/{rel}","templated":true}]}}