{"id":252265,"date":"2025-01-30T13:00:00","date_gmt":"2025-01-30T12:00:00","guid":{"rendered":"https:\/\/www.tucomarca.com\/wordpress\/segunda\/?p=252265"},"modified":"2025-01-30T15:37:09","modified_gmt":"2025-01-30T14:37:09","slug":"la-generalitat-inicia-la-reconstruccio-dels-ponts-de-lhortelano-i-de-la-republica-a-bunyol-danyats-per-la-dana","status":"publish","type":"post","link":"https:\/\/tucomarca.whitekongsoftware.com\/ca\/la-generalitat-inicia-la-reconstruccio-dels-ponts-de-lhortelano-i-de-la-republica-a-bunyol-danyats-per-la-dana\/","title":{"rendered":"La Generalitat inicia la reconstrucci\u00f3 dels ponts de l&#8217;Hortelano i de la Rep\u00fablica a Bunyol, danyats per la DANA"},"content":{"rendered":"\n<h3 class=\"wp-block-heading\">Les obres compten amb una inversi\u00f3 de la Generalitat de 800.000 euros.<\/h3>\n\n\n\n<h3 class=\"wp-block-heading\">Aquests treballs formen part del pla \u2018Recuperem Val\u00e8ncia\u2019 per a la rehabilitaci\u00f3 d&#8217;infraestructures en m\u00e9s d&#8217;una vintena de municipis.<\/h3>\n\n\n\n<p class=\"wp-block-paragraph\">La Generalitat Valenciana ha comen\u00e7at els treballs de reconstrucci\u00f3 de dues importants infraestructures a Bunyol que van resultar greument afectades per les inundacions provocades per la DANA. Les obres inclouen la rehabilitaci\u00f3 del pont de l&#8217;Hortelano, situat sobre el riu en l&#8217;antiga carretera CV-427, i del Pont de la Rep\u00fablica, conegut tamb\u00e9 com Puente Nuevo, situat en l&#8217;Avinguda Pa\u00eds Valenci\u00e0.<\/p>\n\n\n\n<p class=\"wp-block-paragraph\">La Conselleria de Medi Ambient, Infraestructures i Territori assumir\u00e0 el cost total de les intervencions, que ascendeix a 800.000 euros. Les obres en el Pont de la Rep\u00fablica inclouen la reparaci\u00f3 del formig\u00f3 que protegeix la seua fonamentaci\u00f3 i el farciment de les soscavacions generades per les fortes pluges.<\/p>\n\n\n\n<p class=\"wp-block-paragraph\">L&#8217;Ajuntament de Bunyol ja va fer treballs preliminars en totes dues infraestructures. Ara, la Conselleria dur\u00e0 a terme la finalitzaci\u00f3 dels desperfectes, complint amb el comprom\u00eds adquirit.<\/p>\n\n\n\n<p class=\"wp-block-paragraph\">El passat 5 de desembre, Virginia Sanz, alcaldessa de Bunyol, va rebre al Conseller de Medi Ambient, Vicente Mart\u00ednez Mus, qui va garantir l&#8217;execuci\u00f3 de les obres. Gr\u00e0cies a aquesta col\u00b7laboraci\u00f3, la rehabilitaci\u00f3 dels ponts ja \u00e9s una realitat, amb el pressupost necessari assegurat per a la seua completa recuperaci\u00f3.<\/p>\n\n\n\n<p class=\"wp-block-paragraph\">Aquesta iniciativa permetr\u00e0 restablir la seguretat i connectivitat d&#8217;aquestes infraestructures clau per al municipi de Bunyol despr\u00e9s dels danys patits pel temporal.<\/p>\n\n\n\n<p class=\"wp-block-paragraph\">En el cas del pont sobre el riu Bunyol, el nivell de l&#8217;aigua va superar la cota del tauler, provocant danys en la seua estructura i arrancant les baranes, la qual cosa fa necess\u00e0ria la seua substituci\u00f3.&nbsp;<\/p>\n\n\n\n<p class=\"wp-block-paragraph\">D&#8217;altra banda, el Pont de l&#8217;Avinguda del Pa\u00eds Valenci\u00e0 va patir desperfectes en el formig\u00f3 que protegeix la seua fonamentaci\u00f3 i es procedir\u00e0 al farciment de les soscavacions generades.<\/p>\n\n\n<div class=\"wp-block-image\">\n<figure class=\"alignleft size-large is-resized\"><img loading=\"lazy\" decoding=\"async\" width=\"1024\" height=\"844\" src=\"http:\/\/www.tucomarca.com\/wordpress\/segunda\/wp-content\/uploads\/2025\/01\/BunolConsellerMedioAmbiente1-1024x844.jpg\" alt=\"\" class=\"wp-image-252260\" style=\"width:381px;height:auto\" srcset=\"https:\/\/tucomarca.whitekongsoftware.com\/wp-content\/uploads\/2025\/01\/BunolConsellerMedioAmbiente1-1024x844.jpg 1024w, https:\/\/tucomarca.whitekongsoftware.com\/wp-content\/uploads\/2025\/01\/BunolConsellerMedioAmbiente1-300x247.jpg 300w, https:\/\/tucomarca.whitekongsoftware.com\/wp-content\/uploads\/2025\/01\/BunolConsellerMedioAmbiente1-768x633.jpg 768w, https:\/\/tucomarca.whitekongsoftware.com\/wp-content\/uploads\/2025\/01\/BunolConsellerMedioAmbiente1.jpg 1181w\" sizes=\"auto, (max-width: 1024px) 100vw, 1024px\" \/><\/figure>\n<\/div>\n\n\n<p class=\"wp-block-paragraph\"><strong>Recuperem Val\u00e8ncia<\/strong><\/p>\n\n\n\n<p class=\"wp-block-paragraph\">Aquests treballs de reconstrucci\u00f3 formen part del pla \u2018Recuperem Val\u00e8ncia\u2019 que contempla la restauraci\u00f3 d&#8217;infraestructures en m\u00e9s d&#8217;una vintena de municipis afectats en la Comunitat Valenciana, entre les quals es troben els dos ponts de Bunyol.<\/p>\n\n\n\n<p class=\"wp-block-paragraph\">El pla de recuperaci\u00f3 de carreteres, ponts i passarel\u00b7les locals acordat per la Conselleria de Medi Ambient, Infraestructures i Territori amb el Ministeri de Transports i Mobilitat Sostenible contempla la realitzaci\u00f3, per part de la Generalitat, d&#8217;aproximadament mig centenar d&#8217;intervencions en infraestructures locals.<\/p>\n\n\n\n<p class=\"wp-block-paragraph\">Segons l&#8217;acord del Consell, la Generalitat s&#8217;encarregar\u00e0 de la recuperaci\u00f3 d&#8217;estructures en els municipis d&#8217;Albal, Alc\u00e0sser, Bugarra, Calles, Xest, Xera, Xiva, Xestalgar, Godelleta, Loriguilla, Macastre, Massanassa, Montserrat, Pedralba, Picassent, Requena, Setaig\u00fces, Sinarques, Sot de Xera i Torrent. A m\u00e9s, en les localitats d&#8217;Aldaia, Algemes\u00ed, Beniparrell, Bunyol i Catarroja la responsabilitat de les obres es compartir\u00e0 entre l&#8217;administraci\u00f3 auton\u00f2mica i l&#8217;estatal.<\/p>\n","protected":false},"excerpt":{"rendered":"<div class=\"mh-excerpt\">Les obres compten amb una inversi\u00f3 de la Generalitat de 800.000 euros. Aquests treballs formen part del pla \u2018Recuperem Val\u00e8ncia\u2019 per a la rehabilitaci\u00f3 d&#8217;infraestructures en m\u00e9s d&#8217;una vintena de municipis. La Generalitat Valenciana ha <a class=\"mh-excerpt-more\" href=\"https:\/\/tucomarca.whitekongsoftware.com\/ca\/la-generalitat-inicia-la-reconstruccio-dels-ponts-de-lhortelano-i-de-la-republica-a-bunyol-danyats-per-la-dana\/\" title=\"La Generalitat inicia la reconstrucci\u00f3 dels ponts de l&#8217;Hortelano i de la Rep\u00fablica a Bunyol, danyats per la DANA\">[+] <\/a><\/div>\n","protected":false},"author":12,"featured_media":252263,"comment_status":"open","ping_status":"open","sticky":false,"template":"","format":"image","meta":{"footnotes":""},"categories":[10911,21466,10898,10948,10894,10904,10912,10903,10947,10896,10897],"tags":[10913,15409,11498,10914],"class_list":["post-252265","post","type-post","status-publish","format-image","has-post-thumbnail","category-bunol-ca","category-dana-ca","category-ventana-ca","category-infraestructuras-ca","category-la-comarca-ca","category-sin-categorizar-ca","category-la-hoya-ca","category-medio-ambiente-la-comarca-ca","category-politica","category-seccion-ca","category-sucesos-la-comarca-ca","tag-bunol-ca","tag-dana-2-ca","tag-generalitat-valenciana-ca","tag-la-hoya-de-bunol-chiva-ca","post_format-post-format-image"],"_links":{"self":[{"href":"https:\/\/tucomarca.whitekongsoftware.com\/ca\/wp-json\/wp\/v2\/posts\/252265","targetHints":{"allow":["GET"]}}],"collection":[{"href":"https:\/\/tucomarca.whitekongsoftware.com\/ca\/wp-json\/wp\/v2\/posts"}],"about":[{"href":"https:\/\/tucomarca.whitekongsoftware.com\/ca\/wp-json\/wp\/v2\/types\/post"}],"author":[{"embeddable":true,"href":"https:\/\/tucomarca.whitekongsoftware.com\/ca\/wp-json\/wp\/v2\/users\/12"}],"replies":[{"embeddable":true,"href":"https:\/\/tucomarca.whitekongsoftware.com\/ca\/wp-json\/wp\/v2\/comments?post=252265"}],"version-history":[{"count":0,"href":"https:\/\/tucomarca.whitekongsoftware.com\/ca\/wp-json\/wp\/v2\/posts\/252265\/revisions"}],"wp:featuredmedia":[{"embeddable":true,"href":"https:\/\/tucomarca.whitekongsoftware.com\/ca\/wp-json\/wp\/v2\/media\/252263"}],"wp:attachment":[{"href":"https:\/\/tucomarca.whitekongsoftware.com\/ca\/wp-json\/wp\/v2\/media?parent=252265"}],"wp:term":[{"taxonomy":"category","embeddable":true,"href":"https:\/\/tucomarca.whitekongsoftware.com\/ca\/wp-json\/wp\/v2\/categories?post=252265"},{"taxonomy":"post_tag","embeddable":true,"href":"https:\/\/tucomarca.whitekongsoftware.com\/ca\/wp-json\/wp\/v2\/tags?post=252265"}],"curies":[{"name":"wp","href":"https:\/\/api.w.org\/{rel}","templated":true}]}}