{"id":252184,"date":"2025-01-29T09:00:00","date_gmt":"2025-01-29T08:00:00","guid":{"rendered":"https:\/\/www.tucomarca.com\/wordpress\/segunda\/?p=252184"},"modified":"2025-01-29T22:22:19","modified_gmt":"2025-01-29T21:22:19","slug":"pep-gimeno-i-la-diputacio-omplin-lauditori-de-la-font-den-carros-amb-les-veus-secretes-de-la-musica-valenciana","status":"publish","type":"post","link":"https:\/\/tucomarca.whitekongsoftware.com\/ca\/pep-gimeno-i-la-diputacio-omplin-lauditori-de-la-font-den-carros-amb-les-veus-secretes-de-la-musica-valenciana\/","title":{"rendered":"Pep Gimeno i la Diputaci\u00f3 omplin l&#8217;Auditori de la Font d&#8217;en Carr\u00f2s amb \u2018Les veus secretes\u2019 de la m\u00fasica valenciana"},"content":{"rendered":"\n<h3 class=\"wp-block-heading\"><strong><strong>L&#8217;espectacle, impulsat per l&#8217;\u00e0rea d&#8217;Igualtat que dirigix la vicepresidenta primera Natalia Enguix, t\u00e9 com a objectiu destacar el paper que juguen les dones en la conservaci\u00f3 de la m\u00fasica tradicional i la cultura valencianes<\/strong><\/strong>.<\/h3>\n\n\n\n<p class=\"wp-block-paragraph\">Pep Gimeno&nbsp;\u2019Botifarra\u2019&nbsp;reprenia diumenge passat a la Font d&#8217;en Carr\u00f2s la gira \u2018Les&nbsp;veus&nbsp;secretes\u2019. El nou espectacle impulsat per l&#8217;\u00e0rea d&#8217;Igualtat que dirigix la vicepresidenta primera de la Diputaci\u00f3 de Val\u00e8ncia, Natalia Enguix, t\u00e9 com a objectiu destacar el paper que juguen les dones en la conservaci\u00f3 de la m\u00fasica tradicional i la cultura valencianes.<\/p>\n\n\n\n<p class=\"wp-block-paragraph\">Al voltant de 255 persones van omplir al complet l&#8217;auditori de la Font d&#8217;en Carr\u00f2s i van recitar amb el cantaor algunes de les peces destacades del repertori popular valenci\u00e0. A m\u00e9s, durant el concert es van projectar v\u00eddeos que expliquen les can\u00e7ons interpretades per&nbsp;Botifarra.<\/p>\n\n\n\n<p class=\"wp-block-paragraph\">La vicepresidenta Enguix explica que \u201c\u00e9s un orgull veure com l\u2019espectacle est\u00e0 recorrent el territori valenci\u00e0 i comprovar la gran acollida que t\u00e9 cada actuaci\u00f3. \u00c9s una clara demostraci\u00f3 de la import\u00e0ncia de la conservaci\u00f3 de la nostra cultura a trav\u00e9s de les nostres mares i iaies. Gr\u00e0cies a elles conservem part de la nostra m\u00fasica m\u00e9s tradicional i \u00e9s just recon\u00e8ixer-ho\u201d, assenyala.<\/p>\n\n\n\n<p class=\"wp-block-paragraph\"><br>L&#8217;espectacle \u2018Les&nbsp;veus&nbsp;secretes\u2019 est\u00e0 dividit en quatre actes que, en paraules de Pep Gimeno&nbsp;Botifarra&nbsp;durant la presentaci\u00f3 de la gira, \u201cpoden ser les estacions, per\u00f2 tamb\u00e9 el pas del temps\u201d. El cantaor exposava tamb\u00e9 que \u201cl&#8217;acompanyament audiovisual ha sigut un gran treball de Barret Films, amb les veus de les dones, la seua pres\u00e8ncia i testimonis de persones joves, hereues d&#8217;esta tradici\u00f3\u201d.<\/p>\n\n\n\n<p class=\"wp-block-paragraph\">El projecte, que va comen\u00e7ar la seua gira el passat 14 de desembre a l&#8217;Auditori d&#8217;Olocau, ha visitat ja Bicorb, Massalfassar, Tur\u00eds i Aielo de Malferit. La programaci\u00f3 es reprendr\u00e1<br>en el centre cultural Mario&nbsp;Monreal&nbsp;de Sagunt, el dissabte 8 de febrer; continuar\u00e0 a l&#8217;Auditori&nbsp;Monterrey&nbsp;de La Pobla Llarga, el divendres 14; i tamb\u00e9 en el centre cultural Papa Calixt III de Canals, el divendres 28. La ruta musical de Pep Gimeno i la Diputaci\u00f3 continuar\u00e0 el dissabte 1 de mar\u00e7 a la Casa de la Cultura d&#8217;Albalat de la Ribera; el diumenge 9 de mar\u00e7 al Cinema Teatre Ricardo&nbsp;Cebolla&nbsp;de Corbera; el divendres 21 de mar\u00e7 a la casa de cultura Alcalde Jos\u00e9 Blay Esp\u00ed del Real de Gandia; i el divendres 28 de mar\u00e7 en el Centre C\u00edvic de Barxeta.<\/p>\n\n\n\n<figure class=\"wp-block-image size-large\"><img loading=\"lazy\" decoding=\"async\" width=\"1024\" height=\"772\" src=\"http:\/\/www.tucomarca.com\/wordpress\/segunda\/wp-content\/uploads\/2025\/01\/FontDenCarros1-1024x772.jpeg\" alt=\"\" class=\"wp-image-252179\" srcset=\"https:\/\/tucomarca.whitekongsoftware.com\/wp-content\/uploads\/2025\/01\/FontDenCarros1-1024x772.jpeg 1024w, https:\/\/tucomarca.whitekongsoftware.com\/wp-content\/uploads\/2025\/01\/FontDenCarros1-300x226.jpeg 300w, https:\/\/tucomarca.whitekongsoftware.com\/wp-content\/uploads\/2025\/01\/FontDenCarros1-768x579.jpeg 768w, https:\/\/tucomarca.whitekongsoftware.com\/wp-content\/uploads\/2025\/01\/FontDenCarros1-326x245.jpeg 326w, https:\/\/tucomarca.whitekongsoftware.com\/wp-content\/uploads\/2025\/01\/FontDenCarros1-80x60.jpeg 80w, https:\/\/tucomarca.whitekongsoftware.com\/wp-content\/uploads\/2025\/01\/FontDenCarros1.jpeg 1440w\" sizes=\"auto, (max-width: 1024px) 100vw, 1024px\" \/><\/figure>\n","protected":false},"excerpt":{"rendered":"<div class=\"mh-excerpt\">L&#8217;espectacle, impulsat per l&#8217;\u00e0rea d&#8217;Igualtat que dirigix la vicepresidenta primera Natalia Enguix, t\u00e9 com a objectiu destacar el paper que juguen les dones en la conservaci\u00f3 de la m\u00fasica tradicional i la cultura valencianes. Pep <a class=\"mh-excerpt-more\" href=\"https:\/\/tucomarca.whitekongsoftware.com\/ca\/pep-gimeno-i-la-diputacio-omplin-lauditori-de-la-font-den-carros-amb-les-veus-secretes-de-la-musica-valenciana\/\" title=\"Pep Gimeno i la Diputaci\u00f3 omplin l&#8217;Auditori de la Font d&#8217;en Carr\u00f2s amb \u2018Les veus secretes\u2019 de la m\u00fasica valenciana\">[+] <\/a><\/div>\n","protected":false},"author":12,"featured_media":252182,"comment_status":"open","ping_status":"open","sticky":false,"template":"","format":"standard","meta":{"footnotes":""},"categories":[20541,10904,20456,11007,10896],"tags":[20809,21009,21108,15856],"class_list":["post-252184","post","type-post","status-publish","format-standard","has-post-thumbnail","category-igualtat-i-diversitat","category-sin-categorizar-ca","category-la-diputacio-de-valencia-informa-ca","category-ocio-y-cultura-ca","category-seccion-ca","tag-diversidad-e-igualdad-ca","tag-la-diputacio-de-valencia-ca","tag-la-diputacio-en-las-comarcas-ca","tag-ocio-y-cultura-ca"],"_links":{"self":[{"href":"https:\/\/tucomarca.whitekongsoftware.com\/ca\/wp-json\/wp\/v2\/posts\/252184","targetHints":{"allow":["GET"]}}],"collection":[{"href":"https:\/\/tucomarca.whitekongsoftware.com\/ca\/wp-json\/wp\/v2\/posts"}],"about":[{"href":"https:\/\/tucomarca.whitekongsoftware.com\/ca\/wp-json\/wp\/v2\/types\/post"}],"author":[{"embeddable":true,"href":"https:\/\/tucomarca.whitekongsoftware.com\/ca\/wp-json\/wp\/v2\/users\/12"}],"replies":[{"embeddable":true,"href":"https:\/\/tucomarca.whitekongsoftware.com\/ca\/wp-json\/wp\/v2\/comments?post=252184"}],"version-history":[{"count":0,"href":"https:\/\/tucomarca.whitekongsoftware.com\/ca\/wp-json\/wp\/v2\/posts\/252184\/revisions"}],"wp:featuredmedia":[{"embeddable":true,"href":"https:\/\/tucomarca.whitekongsoftware.com\/ca\/wp-json\/wp\/v2\/media\/252182"}],"wp:attachment":[{"href":"https:\/\/tucomarca.whitekongsoftware.com\/ca\/wp-json\/wp\/v2\/media?parent=252184"}],"wp:term":[{"taxonomy":"category","embeddable":true,"href":"https:\/\/tucomarca.whitekongsoftware.com\/ca\/wp-json\/wp\/v2\/categories?post=252184"},{"taxonomy":"post_tag","embeddable":true,"href":"https:\/\/tucomarca.whitekongsoftware.com\/ca\/wp-json\/wp\/v2\/tags?post=252184"}],"curies":[{"name":"wp","href":"https:\/\/api.w.org\/{rel}","templated":true}]}}