{"id":252176,"date":"2025-01-29T08:55:00","date_gmt":"2025-01-29T07:55:00","guid":{"rendered":"https:\/\/www.tucomarca.com\/wordpress\/segunda\/?p=252176"},"modified":"2025-01-29T22:28:50","modified_gmt":"2025-01-29T21:28:50","slug":"el-premi-iturbi-de-piano-de-la-diputacio-registra-el-major-nombre-de-sollicituds-de-la-seua-historia","status":"publish","type":"post","link":"https:\/\/tucomarca.whitekongsoftware.com\/ca\/el-premi-iturbi-de-piano-de-la-diputacio-registra-el-major-nombre-de-sollicituds-de-la-seua-historia\/","title":{"rendered":"El Premi Iturbi de piano de la Diputaci\u00f3 registra el major nombre de sol\u00b7licituds de la seua hist\u00f2ria"},"content":{"rendered":"\n<h3 class=\"wp-block-heading\"><strong><strong>Joaqu\u00edn Ach\u00facarro, president del jurat: \u201cEl nostre Concurs Iturbi ha batut el seu r\u00e8cord, esta vegada han sigut 200 els v\u00eddeos rebuts de 200 pianistes procedents de 40 pa\u00efsos amb un nivell tan alt que ha sigut realment dif\u00edcil triar als 22 que vindran a Val\u00e8ncia al juny\u201d<\/strong><\/strong>.<\/h3>\n\n\n\n<h3 class=\"wp-block-heading\"><strong><strong>Paco Teruel, diputat de Cultura: \u201cEl concurs de Piano Iturbi \u00e9s un certamen que traspassa fronteres per la seua llarga traject\u00f2ria, el seu prestigi\u00f3s jurat internacional i per ser una gran oportunitat per a j\u00f3vens pianistes de tot el m\u00f3n que volen impulsar la seua projecci\u00f3 i carrera art\u00edstica\u201d.<\/strong><\/strong><\/h3>\n\n\n\n<p class=\"wp-block-paragraph\">El Premi Iturbi, Concurs Internacional de Piano de Val\u00e8ncia, ha vist augmentades les sol\u00b7licituds de participaci\u00f3 per a la seua 23a edici\u00f3, que tindr\u00e0 lloc del 4 al 14 de juny a Val\u00e8ncia i comptar\u00e0 amb el reconegut concertista basc Joaqu\u00edn Ach\u00facarro com a president del jurat. En total s\u00f3n 200 les sol\u00b7licituds rebudes de pianistes procedents de 40 pa\u00efsos, m\u00e0xim hist\u00f2ric des de la seua creaci\u00f3, en 1981, registrant un increment d&#8217;un 8,7% en relaci\u00f3 amb l&#8217;anterior convocat\u00f2ria; en el concurs celebrat en 2023 (el premi \u00e9s biennal), va haver-hi 184 sol\u00b7licituds.&nbsp;<\/p>\n\n\n\n<p class=\"wp-block-paragraph\">\u201cUna vegada m\u00e9s, els amants de la m\u00fasica de Val\u00e8ncia estan d&#8217;enhorabona, i a pesar del nombre incre\u00efble de concursos internacionals que existixen, el nostre Concurs Iturbi ha batut el seu r\u00e8cord, esta vegada han sigut 200 els v\u00eddeos rebuts de 200 pianistes amb un nivell tan alt que ha sigut realment dif\u00edcil triar als 22 que vindran a Val\u00e8ncia al juny\u201d, ha confessat Joaqu\u00edn Ach\u00facarro. Aix\u00ed mateix, ha reconegut el \u201ctreball enorme\u201d i el \u201cesfor\u00e7 colossal\u201d realitzat pel jurat previ, i ha recordat que del 4 al 14 de juny \u201cens tocar\u00e0 al jurat multinacional i d&#8217;absolut luxe que tinc l&#8217;honor de presidir, atorgar els premis entre 22 fenomenals pianistes\u201d.&nbsp;<\/p>\n\n\n\n<p class=\"wp-block-paragraph\">El diputat de Cultura, Paco Teruel, ha apuntat que el concurs de Piano Iturbi de la Diputaci\u00f3 de Val\u00e8ncia \u201c\u00e9s un certamen que traspassa fronteres per la seua llarga traject\u00f2ria, pel seu prestigi\u00f3s jurat internacional i per ser una gran oportunitat per a j\u00f3vens pianistes de tot el m\u00f3n que volen impulsar la seua projecci\u00f3 i carrera art\u00edstica\u201d.&nbsp;<\/p>\n\n\n\n<p class=\"wp-block-paragraph\">Aix\u00ed mateix, ha recordat que el Premi Iturbi forma part de la Federaci\u00f3 Mundial de Concursos Internacionals de M\u00fasica, una associaci\u00f3 que reunix concursos de pa\u00efsos dels cinc continents entre els quals es troben les competicions internacionals de m\u00fasica m\u00e9s prestigioses de tot el m\u00f3n.<\/p>\n\n\n\n<p class=\"wp-block-paragraph\">Per part seua, la directora art\u00edstica del Concurs i Festival Iturbi, Ana Guijarro, espera que esta siga una \u201cmagn\u00edfica edici\u00f3\u201d, i ha apuntat que la selecci\u00f3 dels participants, aix\u00ed com els pianistes que queden en reserva, \u201cha sigut molt dif\u00edcil a causa de l&#8217;alt nivell aconseguit\u201d. Aix\u00ed mateix, ha ressaltat l&#8217;edat dels pianistes en relaci\u00f3 amb l&#8217;anterior edici\u00f3, \u201calguns d&#8217;ells s\u00f3n molt j\u00f3vens\u201d, destaca.<\/p>\n\n\n\n<p class=\"wp-block-paragraph\"><strong>Participants<\/strong><\/p>\n\n\n\n<p class=\"wp-block-paragraph\">El Comit\u00e9 T\u00e8cnic de Preselecci\u00f3 del XXIII Concurs Internacional de Piano de Val\u00e8ncia Iturbi, despr\u00e9s d&#8217;haver examinat la documentaci\u00f3 i les gravacions de v\u00eddeo aportades per les persones aspirants, ha aprovat ja el llistat de persones admeses per a participar en la fase de concurs aix\u00ed com la llista de reserva per a la substituci\u00f3 d&#8217;aquelles persones admeses que, abans de l&#8217;inici de la fase de concurs, renuncien a la participaci\u00f3.<\/p>\n\n\n\n<p class=\"wp-block-paragraph\">El Comit\u00e9 T\u00e8cnic de Preselecci\u00f3 dels concursants est\u00e0 compost per Ana Guijarro (presidenta), \u00c1ngel Sanzo i Carles Mar\u00edn; i el jurat de la competici\u00f3, presidit per Ach\u00facarro, estar\u00e0 format per Catherine d\u2019Argoubet, Janina Fialkowska, Ana Guijarro, Paul Hughes, Jorge Luis Prats, Nicola Sani, Didier Schnorhk i Nicolai Demidenko, persones rellevants en el panorama musical nacional i internacional que avaluaran als pianistes seleccionats.&nbsp;<\/p>\n\n\n\n<p class=\"wp-block-paragraph\">La primera fase comptar\u00e0 amb els 22 int\u00e8rprets que han superat la preselecci\u00f3, la segona amb 10, la final amb 6 i la Gran Final amb 3. En les dos \u00faltimes proves, els concursants actuaran juntament amb l\u2019Orquestra de Val\u00e8ncia, formaci\u00f3 titular del Palau de la M\u00fasica. En la final podran optar entre un dels cinc concerts per a piano i orquestra de Beethoven; i en la Gran Final hauran d&#8217;abordar un concert per a piano i orquestra d&#8217;entre els designats per l&#8217;organitzaci\u00f3 i de compositors com Fr\u00e9d\u00e9ric Chopin, Franz Liszt, Robert Schumann, Johannes Brahms, Piotr Ilich Txaikovski, Serguei Rajm\u00e1ninov, Joaqu\u00edn Rodrigo i Manuel Palau, entre altres.<\/p>\n","protected":false},"excerpt":{"rendered":"<div class=\"mh-excerpt\">Joaqu\u00edn Ach\u00facarro, president del jurat: \u201cEl nostre Concurs Iturbi ha batut el seu r\u00e8cord, esta vegada han sigut 200 els v\u00eddeos rebuts de 200 pianistes procedents de 40 pa\u00efsos amb un nivell tan alt que <a class=\"mh-excerpt-more\" href=\"https:\/\/tucomarca.whitekongsoftware.com\/ca\/el-premi-iturbi-de-piano-de-la-diputacio-registra-el-major-nombre-de-sollicituds-de-la-seua-historia\/\" title=\"El Premi Iturbi de piano de la Diputaci\u00f3 registra el major nombre de sol\u00b7licituds de la seua hist\u00f2ria\">[+] <\/a><\/div>\n","protected":false},"author":12,"featured_media":252174,"comment_status":"open","ping_status":"open","sticky":false,"template":"","format":"standard","meta":{"footnotes":""},"categories":[11019,11005,10904,11007,10896],"tags":[21009,20778,15856],"class_list":["post-252176","post","type-post","status-publish","format-standard","has-post-thumbnail","category-agenda-ca","category-canal-musica","category-sin-categorizar-ca","category-ocio-y-cultura-ca","category-seccion-ca","tag-la-diputacio-de-valencia-ca","tag-musica-2-ca","tag-ocio-y-cultura-ca"],"_links":{"self":[{"href":"https:\/\/tucomarca.whitekongsoftware.com\/ca\/wp-json\/wp\/v2\/posts\/252176","targetHints":{"allow":["GET"]}}],"collection":[{"href":"https:\/\/tucomarca.whitekongsoftware.com\/ca\/wp-json\/wp\/v2\/posts"}],"about":[{"href":"https:\/\/tucomarca.whitekongsoftware.com\/ca\/wp-json\/wp\/v2\/types\/post"}],"author":[{"embeddable":true,"href":"https:\/\/tucomarca.whitekongsoftware.com\/ca\/wp-json\/wp\/v2\/users\/12"}],"replies":[{"embeddable":true,"href":"https:\/\/tucomarca.whitekongsoftware.com\/ca\/wp-json\/wp\/v2\/comments?post=252176"}],"version-history":[{"count":0,"href":"https:\/\/tucomarca.whitekongsoftware.com\/ca\/wp-json\/wp\/v2\/posts\/252176\/revisions"}],"wp:featuredmedia":[{"embeddable":true,"href":"https:\/\/tucomarca.whitekongsoftware.com\/ca\/wp-json\/wp\/v2\/media\/252174"}],"wp:attachment":[{"href":"https:\/\/tucomarca.whitekongsoftware.com\/ca\/wp-json\/wp\/v2\/media?parent=252176"}],"wp:term":[{"taxonomy":"category","embeddable":true,"href":"https:\/\/tucomarca.whitekongsoftware.com\/ca\/wp-json\/wp\/v2\/categories?post=252176"},{"taxonomy":"post_tag","embeddable":true,"href":"https:\/\/tucomarca.whitekongsoftware.com\/ca\/wp-json\/wp\/v2\/tags?post=252176"}],"curies":[{"name":"wp","href":"https:\/\/api.w.org\/{rel}","templated":true}]}}