{"id":252099,"date":"2025-01-29T12:00:00","date_gmt":"2025-01-29T11:00:00","guid":{"rendered":"https:\/\/www.tucomarca.com\/wordpress\/segunda\/?p=252099"},"modified":"2025-01-29T13:05:25","modified_gmt":"2025-01-29T12:05:25","slug":"el-conseller-dagricultura-es-reuneix-amb-els-regants-de-turis-i-anuncia-ajudes-per-valor-de-15-milions-deuros","status":"publish","type":"post","link":"https:\/\/tucomarca.whitekongsoftware.com\/ca\/el-conseller-dagricultura-es-reuneix-amb-els-regants-de-turis-i-anuncia-ajudes-per-valor-de-15-milions-deuros\/","title":{"rendered":"El conseller d&#8217;Agricultura es reuneix amb els regants de Tur\u00eds i anuncia ajudes per valor de 1,5 milions d&#8217;euros"},"content":{"rendered":"\n<p class=\"wp-block-paragraph\">El conseller d&#8217;Agricultura, Aigua, Ramaderia i Pesca, Miguel Barrachina, ha visitat recentment Tur\u00eds per a reunir-se amb els regidors d&#8217;Agricultura i Urbanisme, Francisco Ricau i Pepe Crespo, al costat de representants de les comunitats de regants i els presidents de les cooperatives La Turisana i La Baronia. En la trobada tamb\u00e9 van ser presents la directora general d&#8217;Agricultura, M\u00aa \u00c0ngels Ram\u00f3n-Llin, i la directora general de l&#8217;Aigua, Sabina Goreti.<\/p>\n\n\n\n<figure class=\"wp-block-image size-large\"><img loading=\"lazy\" decoding=\"async\" width=\"1024\" height=\"577\" src=\"http:\/\/www.tucomarca.com\/wordpress\/segunda\/wp-content\/uploads\/2025\/01\/TurisConsellerDana02-1024x577.jpg\" alt=\"\" class=\"wp-image-252096\" srcset=\"https:\/\/tucomarca.whitekongsoftware.com\/wp-content\/uploads\/2025\/01\/TurisConsellerDana02-1024x577.jpg 1024w, https:\/\/tucomarca.whitekongsoftware.com\/wp-content\/uploads\/2025\/01\/TurisConsellerDana02-300x169.jpg 300w, https:\/\/tucomarca.whitekongsoftware.com\/wp-content\/uploads\/2025\/01\/TurisConsellerDana02-768x432.jpg 768w, https:\/\/tucomarca.whitekongsoftware.com\/wp-content\/uploads\/2025\/01\/TurisConsellerDana02-678x381.jpg 678w, https:\/\/tucomarca.whitekongsoftware.com\/wp-content\/uploads\/2025\/01\/TurisConsellerDana02.jpg 1181w\" sizes=\"auto, (max-width: 1024px) 100vw, 1024px\" \/><\/figure>\n\n\n\n<p class=\"wp-block-paragraph\">Durant la seua visita, el conseller va poder comprovar de primera m\u00e0 els greus danys causats per la DANA, que ha afectat tant els camps agr\u00edcoles \u2014alguns d&#8217;ells completament desapareguts\u2014 com a diverses infraestructures, a causa del desbordament del riu Magre.<\/p>\n\n\n\n<p class=\"wp-block-paragraph\">Els representants agr\u00edcoles van sol\u00b7licitar suport per a la reconstrucci\u00f3 de les conduccions de reg i compensacions per les p\u00e8rdues de les collites. El conseller va visitar una de les obres de canalitzaci\u00f3 que Aig\u00fces de Tur\u00eds est\u00e0 duent a terme en el marge del riu Magre.<\/p>\n\n\n\n<p class=\"wp-block-paragraph\">Barrachina va anunciar que la Conselleria finan\u00e7ar\u00e0 els danys en totes les entitats de reg que ho han sol\u00b7licitat, amb un l\u00edmit de 100.001 euros per entitat, la qual cosa suposa una inversi\u00f3 total d&#8217;1.500.000 euros.<\/p>\n\n\n\n<p class=\"wp-block-paragraph\">La regidoria d&#8217;Agricultura est\u00e0 treballant intensament per a coordinar els esfor\u00e7os de diferents administracions en el municipi. S&#8217;ha oferit als agricultors terra vegetal de manera gratu\u00efta per a restaurar els seus camps, i s&#8217;estan agilitzant els tr\u00e0mits administratius per a gestionar les ajudes i registrar les parcel\u00b7les afectades. Aix\u00ed mateix, s&#8217;est\u00e0 tramitant la devoluci\u00f3 de l&#8217;IBI r\u00fastic de 2024 per a les terres danyades pel temporal.<\/p>\n","protected":false},"excerpt":{"rendered":"<div class=\"mh-excerpt\">El conseller d&#8217;Agricultura, Aigua, Ramaderia i Pesca, Miguel Barrachina, ha visitat recentment Tur\u00eds per a reunir-se amb els regidors d&#8217;Agricultura i Urbanisme, Francisco Ricau i Pepe Crespo, al costat de representants de les comunitats de <a class=\"mh-excerpt-more\" href=\"https:\/\/tucomarca.whitekongsoftware.com\/ca\/el-conseller-dagricultura-es-reuneix-amb-els-regants-de-turis-i-anuncia-ajudes-per-valor-de-15-milions-deuros\/\" title=\"El conseller d&#8217;Agricultura es reuneix amb els regants de Tur\u00eds i anuncia ajudes per valor de 1,5 milions d&#8217;euros\">[+] <\/a><\/div>\n","protected":false},"author":12,"featured_media":252095,"comment_status":"open","ping_status":"open","sticky":false,"template":"","format":"standard","meta":{"footnotes":""},"categories":[21466,10898,10948,10894,10904,10902,10903,10947,10896,10897,11047],"tags":[11309,15409,11356,11093],"class_list":["post-252099","post","type-post","status-publish","format-standard","has-post-thumbnail","category-dana-ca","category-ventana-ca","category-infraestructuras-ca","category-la-comarca-ca","category-sin-categorizar-ca","category-la-ribera-ca","category-medio-ambiente-la-comarca-ca","category-politica","category-seccion-ca","category-sucesos-la-comarca-ca","category-turis-ca","tag-agricultura-ca","tag-dana-2-ca","tag-ribera-alta-ca","tag-turis-ca"],"_links":{"self":[{"href":"https:\/\/tucomarca.whitekongsoftware.com\/ca\/wp-json\/wp\/v2\/posts\/252099","targetHints":{"allow":["GET"]}}],"collection":[{"href":"https:\/\/tucomarca.whitekongsoftware.com\/ca\/wp-json\/wp\/v2\/posts"}],"about":[{"href":"https:\/\/tucomarca.whitekongsoftware.com\/ca\/wp-json\/wp\/v2\/types\/post"}],"author":[{"embeddable":true,"href":"https:\/\/tucomarca.whitekongsoftware.com\/ca\/wp-json\/wp\/v2\/users\/12"}],"replies":[{"embeddable":true,"href":"https:\/\/tucomarca.whitekongsoftware.com\/ca\/wp-json\/wp\/v2\/comments?post=252099"}],"version-history":[{"count":0,"href":"https:\/\/tucomarca.whitekongsoftware.com\/ca\/wp-json\/wp\/v2\/posts\/252099\/revisions"}],"wp:featuredmedia":[{"embeddable":true,"href":"https:\/\/tucomarca.whitekongsoftware.com\/ca\/wp-json\/wp\/v2\/media\/252095"}],"wp:attachment":[{"href":"https:\/\/tucomarca.whitekongsoftware.com\/ca\/wp-json\/wp\/v2\/media?parent=252099"}],"wp:term":[{"taxonomy":"category","embeddable":true,"href":"https:\/\/tucomarca.whitekongsoftware.com\/ca\/wp-json\/wp\/v2\/categories?post=252099"},{"taxonomy":"post_tag","embeddable":true,"href":"https:\/\/tucomarca.whitekongsoftware.com\/ca\/wp-json\/wp\/v2\/tags?post=252099"}],"curies":[{"name":"wp","href":"https:\/\/api.w.org\/{rel}","templated":true}]}}