{"id":252025,"date":"2025-01-28T08:45:00","date_gmt":"2025-01-28T07:45:00","guid":{"rendered":"https:\/\/www.tucomarca.com\/wordpress\/segunda\/?p=252025"},"modified":"2025-01-28T13:48:20","modified_gmt":"2025-01-28T12:48:20","slug":"el-consell-ratifica-la-contractacio-demergencia-de-la-restauracio-dinfraestructures-de-prevencio-dincendis-forestals-afectades-per-les-inundacions","status":"publish","type":"post","link":"https:\/\/tucomarca.whitekongsoftware.com\/ca\/el-consell-ratifica-la-contractacio-demergencia-de-la-restauracio-dinfraestructures-de-prevencio-dincendis-forestals-afectades-per-les-inundacions\/","title":{"rendered":"El Consell ratifica la contractaci\u00f3 d&#8217;emerg\u00e8ncia de la restauraci\u00f3 d&#8217;infraestructures de prevenci\u00f3 d&#8217;incendis forestals afectades per les inundacions"},"content":{"rendered":"\n<h3 class=\"wp-block-heading\">La Conselleria de Medi Ambient, Infraestructures i Territori destina un pressupost de 93 milions d&#8217;euros per a l&#8217;execuci\u00f3 de les obres.<\/h3>\n\n\n\n<h3 class=\"wp-block-heading\">Els danys afecten passos sobre barrancs, rambles i pistes forestals amb grans \u00e0rees inaccessibles per a vehicles.<\/h3>\n\n\n\n<p class=\"wp-block-paragraph\">El Consell ha pres ra\u00f3 de la declaraci\u00f3 d&#8217;emerg\u00e8ncia de les actuacions de restauraci\u00f3 d&#8217;infraestructures de prevenci\u00f3 d&#8217;incendis forestals danyades per les inundacions amb un pressupost estimat que ascendeix a 93 milions d&#8217;euros.<\/p>\n\n\n\n<p class=\"wp-block-paragraph\">Les intenses pluges del passat mes d&#8217;octubre van ocasionar danys en m\u00e9s de 1.201 punts d&#8217;infraestructura de prevenci\u00f3 d&#8217;incendis, molts dels quals presenten m\u00faltiples desperfectes.<\/p>\n\n\n\n<p class=\"wp-block-paragraph\">Entre els danys comptabilitzats es troben 17 ponts danyats, 480 murs i talussos inestables, aix\u00ed com 356 incid\u00e8ncies en passos d&#8217;aigua. A m\u00e9s, s&#8217;han registrat danys en 419 cunetes i passos d&#8217;aigua, 994 afectacions en fermes, 199 danys per arbres caiguts i 305 unitats de vegetaci\u00f3 afectada.<\/p>\n\n\n\n<p class=\"wp-block-paragraph\">Quant a la classificaci\u00f3, s&#8217;estima que el 68% dels danys registrats en pistes forestals impedeixen o dificulten el tr\u00e0nsit per elles a causa de la pres\u00e8ncia de xaragalls, despreniments de terra i pedres en talussos, aix\u00ed com la destrucci\u00f3 de ponts i passos d&#8217;aigua.<\/p>\n\n\n\n<p class=\"wp-block-paragraph\">Tots aquests danys compliquen l&#8217;acc\u00e9s a extenses zones de muntanya, en alguns casos de milers d&#8217;hect\u00e0rees. Aix\u00f2 dificulta les funcions ordin\u00e0ries de gesti\u00f3 forestal i vigil\u00e0ncia i complica que els mitjans terrestres puguen actuar en cas d&#8217;una emerg\u00e8ncia per incendi forestal.<\/p>\n\n\n\n<p class=\"wp-block-paragraph\">Per tant, resulta imprescindible actuar amb la m\u00e0xima celeritat per a recuperar els serveis i infraestructures p\u00fabliques essencials destru\u00efdes per aquest episodi de pluges.<\/p>\n\n\n\n<p class=\"wp-block-paragraph\">Les obres per realitzar presenten una alta especificitat, complexitat t\u00e8cnica i dificultat d&#8217;execuci\u00f3, circumst\u00e0ncies a les quals s&#8217;uneixen una elevada dispersi\u00f3 territorial, llunyania a zones habitades, dificultat d&#8217;acc\u00e9s i el car\u00e0cter d&#8217;emerg\u00e8ncia de les actuacions. Per aquestes raons, s&#8217;ha proposat iniciar els treballs a trav\u00e9s del mitj\u00e0 propi Transformaci\u00f3 Agr\u00e0ria SA (Tragsa).<\/p>\n\n\n\n<p class=\"wp-block-paragraph\">L&#8217;objectiu \u00e9s garantir que aquestes infraestructures es troben en condicions \u00f2ptimes per a previndre i combatre possibles incendis forestals i protegir els boscos de la Comunitat Valenciana.<\/p>\n","protected":false},"excerpt":{"rendered":"<div class=\"mh-excerpt\">La Conselleria de Medi Ambient, Infraestructures i Territori destina un pressupost de 93 milions d&#8217;euros per a l&#8217;execuci\u00f3 de les obres. Els danys afecten passos sobre barrancs, rambles i pistes forestals amb grans \u00e0rees inaccessibles <a class=\"mh-excerpt-more\" href=\"https:\/\/tucomarca.whitekongsoftware.com\/ca\/el-consell-ratifica-la-contractacio-demergencia-de-la-restauracio-dinfraestructures-de-prevencio-dincendis-forestals-afectades-per-les-inundacions\/\" title=\"El Consell ratifica la contractaci\u00f3 d&#8217;emerg\u00e8ncia de la restauraci\u00f3 d&#8217;infraestructures de prevenci\u00f3 d&#8217;incendis forestals afectades per les inundacions\">[+] <\/a><\/div>\n","protected":false},"author":13,"featured_media":244772,"comment_status":"open","ping_status":"open","sticky":false,"template":"","format":"standard","meta":{"footnotes":""},"categories":[21466,10898,10948,10894,10904,10903,10947,10896,10897],"tags":[15409,12903,11199,12166],"class_list":["post-252025","post","type-post","status-publish","format-standard","has-post-thumbnail","category-dana-ca","category-ventana-ca","category-infraestructuras-ca","category-la-comarca-ca","category-sin-categorizar-ca","category-medio-ambiente-la-comarca-ca","category-politica","category-seccion-ca","category-sucesos-la-comarca-ca","tag-dana-2-ca","tag-infraestructuras-ca","tag-la-comunitat-ca","tag-medio-ambiente-ca"],"_links":{"self":[{"href":"https:\/\/tucomarca.whitekongsoftware.com\/ca\/wp-json\/wp\/v2\/posts\/252025","targetHints":{"allow":["GET"]}}],"collection":[{"href":"https:\/\/tucomarca.whitekongsoftware.com\/ca\/wp-json\/wp\/v2\/posts"}],"about":[{"href":"https:\/\/tucomarca.whitekongsoftware.com\/ca\/wp-json\/wp\/v2\/types\/post"}],"author":[{"embeddable":true,"href":"https:\/\/tucomarca.whitekongsoftware.com\/ca\/wp-json\/wp\/v2\/users\/13"}],"replies":[{"embeddable":true,"href":"https:\/\/tucomarca.whitekongsoftware.com\/ca\/wp-json\/wp\/v2\/comments?post=252025"}],"version-history":[{"count":0,"href":"https:\/\/tucomarca.whitekongsoftware.com\/ca\/wp-json\/wp\/v2\/posts\/252025\/revisions"}],"wp:featuredmedia":[{"embeddable":true,"href":"https:\/\/tucomarca.whitekongsoftware.com\/ca\/wp-json\/wp\/v2\/media\/244772"}],"wp:attachment":[{"href":"https:\/\/tucomarca.whitekongsoftware.com\/ca\/wp-json\/wp\/v2\/media?parent=252025"}],"wp:term":[{"taxonomy":"category","embeddable":true,"href":"https:\/\/tucomarca.whitekongsoftware.com\/ca\/wp-json\/wp\/v2\/categories?post=252025"},{"taxonomy":"post_tag","embeddable":true,"href":"https:\/\/tucomarca.whitekongsoftware.com\/ca\/wp-json\/wp\/v2\/tags?post=252025"}],"curies":[{"name":"wp","href":"https:\/\/api.w.org\/{rel}","templated":true}]}}