{"id":252017,"date":"2025-01-28T08:15:00","date_gmt":"2025-01-28T07:15:00","guid":{"rendered":"https:\/\/www.tucomarca.com\/wordpress\/segunda\/?p=252017"},"modified":"2025-01-28T13:56:54","modified_gmt":"2025-01-28T12:56:54","slug":"el-consell-aprova-ajudes-directes-per-a-families-acollidores-de-les-zones-afectades-per-la-dana","status":"publish","type":"post","link":"https:\/\/tucomarca.whitekongsoftware.com\/ca\/el-consell-aprova-ajudes-directes-per-a-families-acollidores-de-les-zones-afectades-per-la-dana\/","title":{"rendered":"El Consell aprova ajudes directes per a fam\u00edlies acollidores de les zones afectades per la DANA"},"content":{"rendered":"\n<h3 class=\"wp-block-heading\">Es destina una dotaci\u00f3 global de 900.000 euros a aquestes ajudes, amb un import de fins a 3.000 euros per fam\u00edlia.<\/h3>\n\n\n\n<p class=\"wp-block-paragraph\">El Consell ha aprovat el decret pel qual s&#8217;estableixen les bases reguladores i el procediment de concessi\u00f3 directa d&#8217;ajudes urgents per a atendre les necessitats de les fam\u00edlies acollidores residents en les zones afectades per la dana del 29 d&#8217;octubre de 2024.<\/p>\n\n\n\n<p class=\"wp-block-paragraph\">Les ajudes tenen per objecte compensar pels esfor\u00e7os extraordinaris realitzats a les fam\u00edlies, tant extenses com educadores, que han mantingut un acolliment malgrat haver patit perjudicis a conseq\u00fc\u00e8ncia del temporal. El decret remarca que, malgrat trobar-se en una situaci\u00f3 especialment complicada, aquestes fam\u00edlies han aportat un entorn familiar i asseguran\u00e7a basada en el bon tracte i en la inclinaci\u00f3 a aquelles persones menors que tenien sota el seu guarda.<\/p>\n\n\n\n<p class=\"wp-block-paragraph\">Per a aix\u00f2, la Vicepresid\u00e8ncia Primera i Conselleria de Serveis Socials, Igualtat i Habitatge destinar\u00e0 una dotaci\u00f3 global de 900.000 euros a aquestes ajudes, amb un import que podr\u00e0 aconseguir fins a 3.000 per fam\u00edlia, en funci\u00f3 del nombre de menors en acolliment.<\/p>\n\n\n\n<p class=\"wp-block-paragraph\">Podran ser benefici\u00e0ries les fam\u00edlies que complisquen amb els seg\u00fcents requisits: tindre almenys una persona menor d&#8217;edat en acolliment familiar, posseir el seu habitatge habitual situat en algun dels municipis afectats i haver patit danys en els seus b\u00e9ns materials a conseq\u00fc\u00e8ncia del temporal de vent i pluges produ\u00eft per la dana.<\/p>\n\n\n\n<p class=\"wp-block-paragraph\">L&#8217;ajuda consistir\u00e0 en un import m\u00e0xim de 3.000 euros per fam\u00edlia acollidora, amb les quanties distribu\u00efdes del seg\u00fcent mode: un menor en acolliment, 1.500 euros; dos menors en acolliment, 2.000 euros; tres menors en acolliment, 2.500 euros, i quatre o m\u00e9s menors en acolliment, 3.000 euros.<\/p>\n\n\n\n<p class=\"wp-block-paragraph\">El termini de presentaci\u00f3 de sol\u00b7licituds ser\u00e0 d&#8217;un mes comptat a partir de l&#8217;endem\u00e0 de la publicaci\u00f3 del decret en el Diari Oficial de la Generalitat Valenciana.<\/p>\n\n\n\n<p class=\"wp-block-paragraph\">D&#8217;altra banda, la sol\u00b7licitud haur\u00e0 de contindre, almenys, la seg\u00fcent informaci\u00f3: declaraci\u00f3 responsable de la persona sol\u00b7licitant que compleix els requisits exigits per a ser benefici\u00e0ria de l&#8217;ajuda; identificaci\u00f3 del compte bancari titularitat de la persona f\u00edsica benefici\u00e0ria de les ajudes, juntament amb una declaraci\u00f3 responsable que la titularitat del compte correspon a aquesta persona; i declaraci\u00f3 responsable de l&#8217;exist\u00e8ncia de danys derivats del temporal, que podr\u00e0 ser comprovada d&#8217;ofici per l&#8217;Administraci\u00f3. Eixa declaraci\u00f3 responsable haur\u00e0 d&#8217;incloure la valoraci\u00f3 dels danys per la persona sol\u00b7licitant.<\/p>\n","protected":false},"excerpt":{"rendered":"<div class=\"mh-excerpt\">Es destina una dotaci\u00f3 global de 900.000 euros a aquestes ajudes, amb un import de fins a 3.000 euros per fam\u00edlia. El Consell ha aprovat el decret pel qual s&#8217;estableixen les bases reguladores i el <a class=\"mh-excerpt-more\" href=\"https:\/\/tucomarca.whitekongsoftware.com\/ca\/el-consell-aprova-ajudes-directes-per-a-families-acollidores-de-les-zones-afectades-per-la-dana\/\" title=\"El Consell aprova ajudes directes per a fam\u00edlies acollidores de les zones afectades per la DANA\">[+] <\/a><\/div>\n","protected":false},"author":13,"featured_media":245497,"comment_status":"open","ping_status":"open","sticky":false,"template":"","format":"standard","meta":{"footnotes":""},"categories":[21466,10898,10948,10894,10904,10903,10947,10896,10897],"tags":[13821,15409,12903,11199],"class_list":["post-252017","post","type-post","status-publish","format-standard","has-post-thumbnail","category-dana-ca","category-ventana-ca","category-infraestructuras-ca","category-la-comarca-ca","category-sin-categorizar-ca","category-medio-ambiente-la-comarca-ca","category-politica","category-seccion-ca","category-sucesos-la-comarca-ca","tag-ayudas-ca","tag-dana-2-ca","tag-infraestructuras-ca","tag-la-comunitat-ca"],"_links":{"self":[{"href":"https:\/\/tucomarca.whitekongsoftware.com\/ca\/wp-json\/wp\/v2\/posts\/252017","targetHints":{"allow":["GET"]}}],"collection":[{"href":"https:\/\/tucomarca.whitekongsoftware.com\/ca\/wp-json\/wp\/v2\/posts"}],"about":[{"href":"https:\/\/tucomarca.whitekongsoftware.com\/ca\/wp-json\/wp\/v2\/types\/post"}],"author":[{"embeddable":true,"href":"https:\/\/tucomarca.whitekongsoftware.com\/ca\/wp-json\/wp\/v2\/users\/13"}],"replies":[{"embeddable":true,"href":"https:\/\/tucomarca.whitekongsoftware.com\/ca\/wp-json\/wp\/v2\/comments?post=252017"}],"version-history":[{"count":0,"href":"https:\/\/tucomarca.whitekongsoftware.com\/ca\/wp-json\/wp\/v2\/posts\/252017\/revisions"}],"wp:featuredmedia":[{"embeddable":true,"href":"https:\/\/tucomarca.whitekongsoftware.com\/ca\/wp-json\/wp\/v2\/media\/245497"}],"wp:attachment":[{"href":"https:\/\/tucomarca.whitekongsoftware.com\/ca\/wp-json\/wp\/v2\/media?parent=252017"}],"wp:term":[{"taxonomy":"category","embeddable":true,"href":"https:\/\/tucomarca.whitekongsoftware.com\/ca\/wp-json\/wp\/v2\/categories?post=252017"},{"taxonomy":"post_tag","embeddable":true,"href":"https:\/\/tucomarca.whitekongsoftware.com\/ca\/wp-json\/wp\/v2\/tags?post=252017"}],"curies":[{"name":"wp","href":"https:\/\/api.w.org\/{rel}","templated":true}]}}