{"id":252000,"date":"2025-01-28T08:20:00","date_gmt":"2025-01-28T07:20:00","guid":{"rendered":"https:\/\/www.tucomarca.com\/wordpress\/segunda\/?p=252000"},"modified":"2025-01-28T14:13:46","modified_gmt":"2025-01-28T13:13:46","slug":"bunyol-encendra-la-tradicional-foguera-municipal-de-sant-anton-aquest-divendres-31-de-gener","status":"publish","type":"post","link":"https:\/\/tucomarca.whitekongsoftware.com\/ca\/bunyol-encendra-la-tradicional-foguera-municipal-de-sant-anton-aquest-divendres-31-de-gener\/","title":{"rendered":"Bunyol encendr\u00e0 la tradicional\u00a0Foguera Municipal de Sant Ant\u00f3n aquest divendres 31 de gener"},"content":{"rendered":"\n<p class=\"wp-block-paragraph\">Bunyol es prepara per a encendre la tradicional&nbsp;Foguera de Sant Ant\u00f3n aquest divendres 31 de gener, a partir de les 19.00 hores, despr\u00e9s de ser ajornada el dissabte anterior.&nbsp;<\/p>\n\n\n<div class=\"wp-block-image\">\n<figure class=\"alignleft size-large is-resized\"><img loading=\"lazy\" decoding=\"async\" width=\"1024\" height=\"1024\" src=\"http:\/\/www.tucomarca.com\/wordpress\/segunda\/wp-content\/uploads\/2025\/01\/HogueraBunolDefi-1024x1024.jpg\" alt=\"\" class=\"wp-image-251993\" style=\"width:380px;height:auto\" srcset=\"https:\/\/tucomarca.whitekongsoftware.com\/wp-content\/uploads\/2025\/01\/HogueraBunolDefi-1024x1024.jpg 1024w, https:\/\/tucomarca.whitekongsoftware.com\/wp-content\/uploads\/2025\/01\/HogueraBunolDefi-300x300.jpg 300w, https:\/\/tucomarca.whitekongsoftware.com\/wp-content\/uploads\/2025\/01\/HogueraBunolDefi-290x290.jpg 290w, https:\/\/tucomarca.whitekongsoftware.com\/wp-content\/uploads\/2025\/01\/HogueraBunolDefi-768x768.jpg 768w, https:\/\/tucomarca.whitekongsoftware.com\/wp-content\/uploads\/2025\/01\/HogueraBunolDefi.jpg 1080w\" sizes=\"auto, (max-width: 1024px) 100vw, 1024px\" \/><\/figure>\n<\/div>\n\n\n<p class=\"wp-block-paragraph\">La&nbsp;Pla\u00e7a de les Vendes&nbsp;ser\u00e0 l&#8217;epicentre d&#8217;aquesta festivitat, que comptar\u00e0 amb l&#8217;emblem\u00e0tica&nbsp;Foguera Municipal de Sant Ant\u00f3n, patrocinada per l&#8217;Ajuntament de Bunyol i organitzat per l&#8217;Associaci\u00f3&nbsp; de Hateros, en col\u00b7laboraci\u00f3 amb la&nbsp;Falla Vendes.<\/p>\n\n\n\n<p class=\"wp-block-paragraph\">El programa inclou la tradicional&nbsp;torr\u00e1, per a la qual es pot adquirir un tiquet per 7 euros en punts de venda com&nbsp;Fercom,&nbsp;Bar La Martica&nbsp;i&nbsp;Xamfr\u00e0 23. Aquest tiquet inclou una generosa raci\u00f3 composta per dues llonganisses, una botifarra, un xori\u00e7o, cansalada viada, pa i una beguda, assegurant una experi\u00e8ncia gastron\u00f2mica t\u00edpica i deliciosa.<\/p>\n\n\n\n<p class=\"wp-block-paragraph\">Despr\u00e9s de l&#8217;encesa de la foguera, els assistents podran gaudir del sopar en un ambient festiu que continuar\u00e0 en el&nbsp;Barrac\u00f3 de Les Vendes, on una discom\u00f3vil posar\u00e0 m\u00fasica i diversi\u00f3 per a tancar la nit en gran.<\/p>\n\n\n\n<p class=\"wp-block-paragraph\">Des de l&#8217;Ajuntament de Bunyol es convida a tots els ve\u00efns i visitants a sumar-se a aquesta celebraci\u00f3, que combina l&#8217;arrelament de les tradicions amb un espai de trobada, m\u00fasica i bon menjar.<\/p>\n","protected":false},"excerpt":{"rendered":"<div class=\"mh-excerpt\">Bunyol es prepara per a encendre la tradicional&nbsp;Foguera de Sant Ant\u00f3n aquest divendres 31 de gener, a partir de les 19.00 hores, despr\u00e9s de ser ajornada el dissabte anterior.&nbsp; La&nbsp;Pla\u00e7a de les Vendes&nbsp;ser\u00e0 l&#8217;epicentre d&#8217;aquesta <a class=\"mh-excerpt-more\" href=\"https:\/\/tucomarca.whitekongsoftware.com\/ca\/bunyol-encendra-la-tradicional-foguera-municipal-de-sant-anton-aquest-divendres-31-de-gener\/\" title=\"Bunyol encendr\u00e0 la tradicional\u00a0Foguera Municipal de Sant Ant\u00f3n aquest divendres 31 de gener\">[+] <\/a><\/div>\n","protected":false},"author":12,"featured_media":251994,"comment_status":"open","ping_status":"open","sticky":false,"template":"","format":"standard","meta":{"footnotes":""},"categories":[11019,10911,10894,10912,11007,10896],"tags":[10913,12348,10914],"class_list":["post-252000","post","type-post","status-publish","format-standard","has-post-thumbnail","category-agenda-ca","category-bunol-ca","category-la-comarca-ca","category-la-hoya-ca","category-ocio-y-cultura-ca","category-seccion-ca","tag-bunol-ca","tag-hoguera-de-san-anton-ca","tag-la-hoya-de-bunol-chiva-ca"],"_links":{"self":[{"href":"https:\/\/tucomarca.whitekongsoftware.com\/ca\/wp-json\/wp\/v2\/posts\/252000","targetHints":{"allow":["GET"]}}],"collection":[{"href":"https:\/\/tucomarca.whitekongsoftware.com\/ca\/wp-json\/wp\/v2\/posts"}],"about":[{"href":"https:\/\/tucomarca.whitekongsoftware.com\/ca\/wp-json\/wp\/v2\/types\/post"}],"author":[{"embeddable":true,"href":"https:\/\/tucomarca.whitekongsoftware.com\/ca\/wp-json\/wp\/v2\/users\/12"}],"replies":[{"embeddable":true,"href":"https:\/\/tucomarca.whitekongsoftware.com\/ca\/wp-json\/wp\/v2\/comments?post=252000"}],"version-history":[{"count":0,"href":"https:\/\/tucomarca.whitekongsoftware.com\/ca\/wp-json\/wp\/v2\/posts\/252000\/revisions"}],"wp:featuredmedia":[{"embeddable":true,"href":"https:\/\/tucomarca.whitekongsoftware.com\/ca\/wp-json\/wp\/v2\/media\/251994"}],"wp:attachment":[{"href":"https:\/\/tucomarca.whitekongsoftware.com\/ca\/wp-json\/wp\/v2\/media?parent=252000"}],"wp:term":[{"taxonomy":"category","embeddable":true,"href":"https:\/\/tucomarca.whitekongsoftware.com\/ca\/wp-json\/wp\/v2\/categories?post=252000"},{"taxonomy":"post_tag","embeddable":true,"href":"https:\/\/tucomarca.whitekongsoftware.com\/ca\/wp-json\/wp\/v2\/tags?post=252000"}],"curies":[{"name":"wp","href":"https:\/\/api.w.org\/{rel}","templated":true}]}}