{"id":251861,"date":"2025-01-27T09:00:00","date_gmt":"2025-01-27T08:00:00","guid":{"rendered":"https:\/\/www.tucomarca.com\/wordpress\/segunda\/?p=251861"},"modified":"2025-01-27T19:46:22","modified_gmt":"2025-01-27T18:46:22","slug":"els-docents-del-conservatori-professional-de-musica-sant-rafael-inicien-un-calendari-daturs-per-a-forcar-una-negociacio-amb-lajuntament-de-bunyol","status":"publish","type":"post","link":"https:\/\/tucomarca.whitekongsoftware.com\/ca\/els-docents-del-conservatori-professional-de-musica-sant-rafael-inicien-un-calendari-daturs-per-a-forcar-una-negociacio-amb-lajuntament-de-bunyol\/","title":{"rendered":"Els docents del Conservatori Professional de M\u00fasica Sant Rafael inicien un calendari d&#8217;aturs per a for\u00e7ar una negociaci\u00f3 amb l&#8217;Ajuntament de Bunyol"},"content":{"rendered":"\n<h3 class=\"wp-block-heading\">Els professors i professores del Conservatori Professional de M\u00fasica Sant Rafael de Bunyol inicien un calendari d&#8217;aturs per a for\u00e7ar una negociaci\u00f3 amb l&#8217;ajuntament per a regularitzar les seues jornades laborals.<\/h3>\n\n\n\n<p class=\"wp-block-paragraph\">&#8220;L&#8217;Assemblea de docents del Conservatori Professional de M\u00fasica de Bunyol va iniciar aquest divendres 24 de gener la seua primera jornada de vaga segons el calendari d&#8217;aturs previst en el full de ruta marcat a fi de for\u00e7ar una negociaci\u00f3 amb el govern de Bunyol, fins ara infructuosa, per a resoldre una injust\u00edcia hist\u00f2rica tradu\u00efda en una clara anomalia en les seues jornades laborals, a m\u00e9s dels ja habituals problemes per a cobrir les baixes m\u00e8diques del professorat del centre, degudes al fet que, en con\u00e9ixer els i les aspirants a aquestes substitucions les condicions laborals prec\u00e0ries, discriminat\u00f2ries i il\u00b7legals en les quals haurien de treballar, opten per anar a altres llocs amb condicions legals i dignes&#8221;, tal com han exposat des del claustre de professors.<\/p>\n\n\n\n<p class=\"wp-block-paragraph\">&#8220;Aquesta primera jornada de vaga (ja que hi ha 5 convocades) va tindre un seguiment del 100% del professorat, durant la qual es va estar informant des de les portes del centre de les raons que els han portat a exercir el seu leg\u00edtim dret a la vaga. La preocupaci\u00f3 de moltes i molts ciutadans de Bunyol que es van despla\u00e7ar al piquet per a informar-se i o secundar deixa patent que aquest no \u00e9s un problema menor, que a la ciutadania el preocupa que hi haja un sector de l&#8217;ajuntament que estiga treballant en una situaci\u00f3 il\u00b7legal, on no es reconeix la jornada efectiva que treballa el professorat i que, a m\u00e9s, van mostrar un\u00e0nimement el seu estupor en assabentar-se que el centre continua funcionant i mantenint l&#8217;excel\u00b7l\u00e8ncia que li caracteritza (sent un dels centres que m\u00e9s alumnes aporta als cicles superiors, de molt dif\u00edcil acc\u00e9s) a causa del comprom\u00eds del professorat amb el futur acad\u00e8mic dels seus estudiants&#8221;, afigen des del professorat.<\/p>\n\n\n\n<p class=\"wp-block-paragraph\">&#8220;Despr\u00e9s de l&#8217;\u00e8xit rotund de la primera jornada de vaga, l&#8217;assemblea de docents del conservatori continuar\u00e0 amb el calendari previst de vagues i les mobilitzacions pertinents fins a aconseguir un canvi de postura de l&#8217;administraci\u00f3, que garantisca el compliment de la promesa d&#8217;esmenar aquesta injust\u00edcia que la pr\u00f2pia alcaldessa ha manifestat en repetides ocasions, per\u00f2 que mai s&#8217;ha complit. Mentre les paraules no es tradu\u00efsquen en fets, la lluita seguir\u00e0\u2026&#8221;, conclouen des del centre educatiu bunyolense.<\/p>\n","protected":false},"excerpt":{"rendered":"<div class=\"mh-excerpt\">Els professors i professores del Conservatori Professional de M\u00fasica Sant Rafael de Bunyol inicien un calendari d&#8217;aturs per a for\u00e7ar una negociaci\u00f3 amb l&#8217;ajuntament per a regularitzar les seues jornades laborals. &#8220;L&#8217;Assemblea de docents del <a class=\"mh-excerpt-more\" href=\"https:\/\/tucomarca.whitekongsoftware.com\/ca\/els-docents-del-conservatori-professional-de-musica-sant-rafael-inicien-un-calendari-daturs-per-a-forcar-una-negociacio-amb-lajuntament-de-bunyol\/\" title=\"Els docents del Conservatori Professional de M\u00fasica Sant Rafael inicien un calendari d&#8217;aturs per a for\u00e7ar una negociaci\u00f3 amb l&#8217;Ajuntament de Bunyol\">[+] <\/a><\/div>\n","protected":false},"author":12,"featured_media":102047,"comment_status":"open","ping_status":"open","sticky":false,"template":"","format":"standard","meta":{"footnotes":""},"categories":[10911,10948,10894,10912,10947,10896],"tags":[10913,20596,10914],"class_list":["post-251861","post","type-post","status-publish","format-standard","has-post-thumbnail","category-bunol-ca","category-infraestructuras-ca","category-la-comarca-ca","category-la-hoya-ca","category-politica","category-seccion-ca","tag-bunol-ca","tag-conservatorio-san-rafael-de-bunol-ca","tag-la-hoya-de-bunol-chiva-ca"],"_links":{"self":[{"href":"https:\/\/tucomarca.whitekongsoftware.com\/ca\/wp-json\/wp\/v2\/posts\/251861","targetHints":{"allow":["GET"]}}],"collection":[{"href":"https:\/\/tucomarca.whitekongsoftware.com\/ca\/wp-json\/wp\/v2\/posts"}],"about":[{"href":"https:\/\/tucomarca.whitekongsoftware.com\/ca\/wp-json\/wp\/v2\/types\/post"}],"author":[{"embeddable":true,"href":"https:\/\/tucomarca.whitekongsoftware.com\/ca\/wp-json\/wp\/v2\/users\/12"}],"replies":[{"embeddable":true,"href":"https:\/\/tucomarca.whitekongsoftware.com\/ca\/wp-json\/wp\/v2\/comments?post=251861"}],"version-history":[{"count":0,"href":"https:\/\/tucomarca.whitekongsoftware.com\/ca\/wp-json\/wp\/v2\/posts\/251861\/revisions"}],"wp:featuredmedia":[{"embeddable":true,"href":"https:\/\/tucomarca.whitekongsoftware.com\/ca\/wp-json\/wp\/v2\/media\/102047"}],"wp:attachment":[{"href":"https:\/\/tucomarca.whitekongsoftware.com\/ca\/wp-json\/wp\/v2\/media?parent=251861"}],"wp:term":[{"taxonomy":"category","embeddable":true,"href":"https:\/\/tucomarca.whitekongsoftware.com\/ca\/wp-json\/wp\/v2\/categories?post=251861"},{"taxonomy":"post_tag","embeddable":true,"href":"https:\/\/tucomarca.whitekongsoftware.com\/ca\/wp-json\/wp\/v2\/tags?post=251861"}],"curies":[{"name":"wp","href":"https:\/\/api.w.org\/{rel}","templated":true}]}}