{"id":251813,"date":"2025-01-27T09:15:00","date_gmt":"2025-01-27T08:15:00","guid":{"rendered":"https:\/\/www.tucomarca.com\/wordpress\/segunda\/?p=251813"},"modified":"2025-01-27T20:11:26","modified_gmt":"2025-01-27T19:11:26","slug":"el-cd-bunyol-es-mante-en-els-llocs-de-cap-despres-de-la-seua-victoria-per-2-gols-a-0-enfront-del-sd-sueca","status":"publish","type":"post","link":"https:\/\/tucomarca.whitekongsoftware.com\/ca\/el-cd-bunyol-es-mante-en-els-llocs-de-cap-despres-de-la-seua-victoria-per-2-gols-a-0-enfront-del-sd-sueca\/","title":{"rendered":"El CD Bunyol es mant\u00e9 en els llocs de cap despr\u00e9s de la seua vict\u00f2ria per 2 gols a 0 enfront del SD Sueca"},"content":{"rendered":"\n<p class=\"wp-block-paragraph\">El&nbsp;CD Bunyol&nbsp;ha sumat una important vict\u00f2ria a casa en imposar-se al SD&nbsp; Sueca&nbsp;per 2 gols a 0 en el camp&nbsp;Beltr\u00e1n B\u00e1guena, en un dol que va mantindre als aficionats a la vora dels seus seients fins al final. Un gran resultat amb el qual l&#8217;equip blanc s&#8217;aferma en la&nbsp;quarta posici\u00f3&nbsp;de la classificaci\u00f3, empatant a punts amb el tercer qualificat, el CD l&#8217;Alcora.<\/p>\n\n\n\n<p class=\"wp-block-paragraph\">El partit a Bunyol va comen\u00e7ar amb un joc intens per part de tots dos equips, per\u00f2 va anar en els minuts finals quan el CD Bunyol va aconseguir desequilibrar el marcador. El partit va tindre moments de tensi\u00f3, com l&#8217;expulsi\u00f3 del defensa central&nbsp;Amador, que va deixar a l&#8217;equip local en desavantatge num\u00e8ric durant tota la segona meitat del xoc. No obstant aix\u00f2, el Sueca tamb\u00e9 va patir l&#8217;expulsi\u00f3 d&#8217;un jugador mancant 20 minutos per al final, restablint la igualtat en el terreny de joc.<\/p>\n\n\n\n<p class=\"wp-block-paragraph\">El primer colp va arribar en el minut 74, quan l&#8217;\u00e0rbitre va assenyalar un penal a favor del CD Bunyol. Amb sang freda,&nbsp;Albert&nbsp;va convertir el penal en gol, posant al seu equip en avantatge. El segon i definitiu tant va arribar en el minut 90, per mediaci\u00f3 de Dani Alfonso, consolidant aix\u00ed una merescuda vict\u00f2ria per als locals.<\/p>\n\n\n\n<p class=\"wp-block-paragraph\">Amb aquesta vict\u00f2ria, el CD Bunyol continua demostrant la seua qualitat i ambici\u00f3 en la competici\u00f3, mentre que l&#8217;SD Sueca haur\u00e0 de treballar per a sobreposar-se a una derrota que va deixar frustraci\u00f3 en les seues files i el situa com a fanalet roig de la classificaci\u00f3. Amb aquesta vict\u00f2ria a m\u00e9s, l&#8217;equip de Bunyol continua mirant cap als primers llocs de la taula, amb el suport incondicional de la seua afici\u00f3.<\/p>\n","protected":false},"excerpt":{"rendered":"<div class=\"mh-excerpt\">El&nbsp;CD Bunyol&nbsp;ha sumat una important vict\u00f2ria a casa en imposar-se al SD&nbsp; Sueca&nbsp;per 2 gols a 0 en el camp&nbsp;Beltr\u00e1n B\u00e1guena, en un dol que va mantindre als aficionats a la vora dels seus seients <a class=\"mh-excerpt-more\" href=\"https:\/\/tucomarca.whitekongsoftware.com\/ca\/el-cd-bunyol-es-mante-en-els-llocs-de-cap-despres-de-la-seua-victoria-per-2-gols-a-0-enfront-del-sd-sueca\/\" title=\"El CD Bunyol es mant\u00e9 en els llocs de cap despr\u00e9s de la seua vict\u00f2ria per 2 gols a 0 enfront del SD Sueca\">[+] <\/a><\/div>\n","protected":false},"author":13,"featured_media":251811,"comment_status":"open","ping_status":"open","sticky":false,"template":"","format":"standard","meta":{"footnotes":""},"categories":[10911,11015,11003,10894,10912,10896],"tags":[10913,11126,11074,11075,10914],"class_list":["post-251813","post","type-post","status-publish","format-standard","has-post-thumbnail","category-bunol-ca","category-canal-futbol","category-sports","category-la-comarca-ca","category-la-hoya-ca","category-seccion-ca","tag-bunol-ca","tag-cd-bunol-ca","tag-deportes-ca","tag-futbol-ca","tag-la-hoya-de-bunol-chiva-ca"],"_links":{"self":[{"href":"https:\/\/tucomarca.whitekongsoftware.com\/ca\/wp-json\/wp\/v2\/posts\/251813","targetHints":{"allow":["GET"]}}],"collection":[{"href":"https:\/\/tucomarca.whitekongsoftware.com\/ca\/wp-json\/wp\/v2\/posts"}],"about":[{"href":"https:\/\/tucomarca.whitekongsoftware.com\/ca\/wp-json\/wp\/v2\/types\/post"}],"author":[{"embeddable":true,"href":"https:\/\/tucomarca.whitekongsoftware.com\/ca\/wp-json\/wp\/v2\/users\/13"}],"replies":[{"embeddable":true,"href":"https:\/\/tucomarca.whitekongsoftware.com\/ca\/wp-json\/wp\/v2\/comments?post=251813"}],"version-history":[{"count":0,"href":"https:\/\/tucomarca.whitekongsoftware.com\/ca\/wp-json\/wp\/v2\/posts\/251813\/revisions"}],"wp:featuredmedia":[{"embeddable":true,"href":"https:\/\/tucomarca.whitekongsoftware.com\/ca\/wp-json\/wp\/v2\/media\/251811"}],"wp:attachment":[{"href":"https:\/\/tucomarca.whitekongsoftware.com\/ca\/wp-json\/wp\/v2\/media?parent=251813"}],"wp:term":[{"taxonomy":"category","embeddable":true,"href":"https:\/\/tucomarca.whitekongsoftware.com\/ca\/wp-json\/wp\/v2\/categories?post=251813"},{"taxonomy":"post_tag","embeddable":true,"href":"https:\/\/tucomarca.whitekongsoftware.com\/ca\/wp-json\/wp\/v2\/tags?post=251813"}],"curies":[{"name":"wp","href":"https:\/\/api.w.org\/{rel}","templated":true}]}}