{"id":251745,"date":"2025-01-26T13:00:00","date_gmt":"2025-01-26T12:00:00","guid":{"rendered":"https:\/\/www.tucomarca.com\/wordpress\/segunda\/?p=251745"},"modified":"2025-01-26T15:14:40","modified_gmt":"2025-01-26T14:14:40","slug":"video-bunyol-reafirma-la-seua-recuperacio-turistica-despres-de-la-dana-durant-la-seua-participacio-en-fitur-2025","status":"publish","type":"post","link":"https:\/\/tucomarca.whitekongsoftware.com\/ca\/video-bunyol-reafirma-la-seua-recuperacio-turistica-despres-de-la-dana-durant-la-seua-participacio-en-fitur-2025\/","title":{"rendered":"V\u00eddeo: Bunyol reafirma la seua recuperaci\u00f3 tur\u00edstica despr\u00e9s de la DANA durant la seua participaci\u00f3 en FITUR 2025"},"content":{"rendered":"\n<figure class=\"wp-block-embed is-type-video is-provider-youtube wp-block-embed-youtube wp-embed-aspect-16-9 wp-has-aspect-ratio\"><div class=\"wp-block-embed__wrapper\">\n<iframe loading=\"lazy\" title=\"V\u00eddeo: Bu\u00f1ol reafirma su recuperaci\u00f3n tur\u00edstica tras la DANA durante su participaci\u00f3n en FITUR 2025\" width=\"500\" height=\"281\" src=\"https:\/\/www.youtube.com\/embed\/akx4lqLEsxg?feature=oembed\" frameborder=\"0\" allow=\"accelerometer; autoplay; clipboard-write; encrypted-media; gyroscope; picture-in-picture; web-share\" referrerpolicy=\"strict-origin-when-cross-origin\" allowfullscreen><\/iframe>\n<\/div><\/figure>\n\n\n\n<p class=\"wp-block-paragraph\">L&#8217;alcaldessa de Bunyol, Virg\u00ednia Sanz, ha destacat a <strong>tucomarca televisi\u00f3<\/strong> durant la seua participaci\u00f3 en la Fira Internacional de Turisme (FITUR) el comprom\u00eds del municipi amb la innovaci\u00f3 i la intel\u00b7lig\u00e8ncia tur\u00edstica. <\/p>\n\n\n\n<p class=\"wp-block-paragraph\">Acompanyada per la regidora de Turisme de l&#8217;Ajuntament, Luc\u00eda Villar, al costat de representants de l&#8217;empresa p\u00fablica de promoci\u00f3 BUINSA, Virginia Sanz ha subratllat la import\u00e0ncia de ser presents en aquesta cita clau per al sector, especialment despr\u00e9s dels greus efectes de la DANA que van afectar significativament el municipi.<\/p>\n","protected":false},"excerpt":{"rendered":"<div class=\"mh-excerpt\">L&#8217;alcaldessa de Bunyol, Virg\u00ednia Sanz, ha destacat a tucomarca televisi\u00f3 durant la seua participaci\u00f3 en la Fira Internacional de Turisme (FITUR) el comprom\u00eds del municipi amb la innovaci\u00f3 i la intel\u00b7lig\u00e8ncia tur\u00edstica. Acompanyada per la <a class=\"mh-excerpt-more\" href=\"https:\/\/tucomarca.whitekongsoftware.com\/ca\/video-bunyol-reafirma-la-seua-recuperacio-turistica-despres-de-la-dana-durant-la-seua-participacio-en-fitur-2025\/\" title=\"V\u00eddeo: Bunyol reafirma la seua recuperaci\u00f3 tur\u00edstica despr\u00e9s de la DANA durant la seua participaci\u00f3 en FITUR 2025\">[+] <\/a><\/div>\n","protected":false},"author":1,"featured_media":251749,"comment_status":"open","ping_status":"open","sticky":false,"template":"","format":"video","meta":{"footnotes":""},"categories":[10911,21466,10898,10948,10894,10904,10912,10903,11007,10947,10896,11062],"tags":[10913,15409,11441,21808,10914,12962,21742],"class_list":["post-251745","post","type-post","status-publish","format-video","has-post-thumbnail","category-bunol-ca","category-dana-ca","category-ventana-ca","category-infraestructuras-ca","category-la-comarca-ca","category-sin-categorizar-ca","category-la-hoya-ca","category-medio-ambiente-la-comarca-ca","category-ocio-y-cultura-ca","category-politica","category-seccion-ca","category-videos","tag-bunol-ca","tag-dana-2-ca","tag-fitur-ca","tag-fitur-2025-ca","tag-la-hoya-de-bunol-chiva-ca","tag-turismo-ca","tag-virginia-sanz-ca","post_format-post-format-video"],"_links":{"self":[{"href":"https:\/\/tucomarca.whitekongsoftware.com\/ca\/wp-json\/wp\/v2\/posts\/251745","targetHints":{"allow":["GET"]}}],"collection":[{"href":"https:\/\/tucomarca.whitekongsoftware.com\/ca\/wp-json\/wp\/v2\/posts"}],"about":[{"href":"https:\/\/tucomarca.whitekongsoftware.com\/ca\/wp-json\/wp\/v2\/types\/post"}],"author":[{"embeddable":true,"href":"https:\/\/tucomarca.whitekongsoftware.com\/ca\/wp-json\/wp\/v2\/users\/1"}],"replies":[{"embeddable":true,"href":"https:\/\/tucomarca.whitekongsoftware.com\/ca\/wp-json\/wp\/v2\/comments?post=251745"}],"version-history":[{"count":0,"href":"https:\/\/tucomarca.whitekongsoftware.com\/ca\/wp-json\/wp\/v2\/posts\/251745\/revisions"}],"wp:featuredmedia":[{"embeddable":true,"href":"https:\/\/tucomarca.whitekongsoftware.com\/ca\/wp-json\/wp\/v2\/media\/251749"}],"wp:attachment":[{"href":"https:\/\/tucomarca.whitekongsoftware.com\/ca\/wp-json\/wp\/v2\/media?parent=251745"}],"wp:term":[{"taxonomy":"category","embeddable":true,"href":"https:\/\/tucomarca.whitekongsoftware.com\/ca\/wp-json\/wp\/v2\/categories?post=251745"},{"taxonomy":"post_tag","embeddable":true,"href":"https:\/\/tucomarca.whitekongsoftware.com\/ca\/wp-json\/wp\/v2\/tags?post=251745"}],"curies":[{"name":"wp","href":"https:\/\/api.w.org\/{rel}","templated":true}]}}