{"id":251740,"date":"2025-01-26T12:00:00","date_gmt":"2025-01-26T11:00:00","guid":{"rendered":"https:\/\/www.tucomarca.com\/wordpress\/segunda\/?p=251740"},"modified":"2025-01-26T14:42:12","modified_gmt":"2025-01-26T13:42:12","slug":"video-millares-ofereix-en-fitur-una-visita-unica-per-la-prehistoria-aixi-com-per-la-historia-de-la-nostra-civilitzacio","status":"publish","type":"post","link":"https:\/\/tucomarca.whitekongsoftware.com\/ca\/video-millares-ofereix-en-fitur-una-visita-unica-per-la-prehistoria-aixi-com-per-la-historia-de-la-nostra-civilitzacio\/","title":{"rendered":"V\u00eddeo: Millares ofereix en Fitur una visita \u00fanica per la prehist\u00f2ria aix\u00ed com per la hist\u00f2ria de la nostra civilitzaci\u00f3"},"content":{"rendered":"\n<p class=\"wp-block-paragraph\">L&#8217;alcalde de Millares, Ricardo P\u00e9rez, ha destacat a <strong>tucomarca televisi\u00f3<\/strong> la riquesa patrimonial i natural del seu municipi durant la seua participaci\u00f3 en la Fira Internacional de Turisme (FITUR) 2025. En l&#8217;estand de la Comunitat Valenciana, Ricardo P\u00e9rez ha presentat a Millares com una destinaci\u00f3 que ofereix un viatge \u00fanic a trav\u00e9s de la hist\u00f2ria de la civilitzaci\u00f3, gr\u00e0cies als seus recursos culturals, hist\u00f2rics, naturals i fins i tot prehist\u00f2rics.<\/p>\n\n\n\n<figure class=\"wp-block-embed is-type-video is-provider-youtube wp-block-embed-youtube wp-embed-aspect-16-9 wp-has-aspect-ratio\"><div class=\"wp-block-embed__wrapper\">\n<iframe loading=\"lazy\" title=\"V\u00eddeo: Millares ofrece en Fitur una visita \u00fanica por la prehistoria as\u00ed como por nuestra historia\" width=\"500\" height=\"281\" src=\"https:\/\/www.youtube.com\/embed\/0y3IVlRwpQA?feature=oembed\" frameborder=\"0\" allow=\"accelerometer; autoplay; clipboard-write; encrypted-media; gyroscope; picture-in-picture; web-share\" referrerpolicy=\"strict-origin-when-cross-origin\" allowfullscreen><\/iframe>\n<\/div><\/figure>\n","protected":false},"excerpt":{"rendered":"<div class=\"mh-excerpt\">L&#8217;alcalde de Millares, Ricardo P\u00e9rez, ha destacat a tucomarca televisi\u00f3 la riquesa patrimonial i natural del seu municipi durant la seua participaci\u00f3 en la Fira Internacional de Turisme (FITUR) 2025. En l&#8217;estand de la Comunitat <a class=\"mh-excerpt-more\" href=\"https:\/\/tucomarca.whitekongsoftware.com\/ca\/video-millares-ofereix-en-fitur-una-visita-unica-per-la-prehistoria-aixi-com-per-la-historia-de-la-nostra-civilitzacio\/\" title=\"V\u00eddeo: Millares ofereix en Fitur una visita \u00fanica per la prehist\u00f2ria aix\u00ed com per la hist\u00f2ria de la nostra civilitzaci\u00f3\">[+] <\/a><\/div>\n","protected":false},"author":1,"featured_media":251738,"comment_status":"open","ping_status":"open","sticky":false,"template":"","format":"video","meta":{"footnotes":""},"categories":[21466,10898,10948,10963,10894,10904,10903,10970,11007,10947,10896,11062],"tags":[11441,21808,11094,11186,16732,20614],"class_list":["post-251740","post","type-post","status-publish","format-video","has-post-thumbnail","category-dana-ca","category-ventana-ca","category-infraestructuras-ca","category-la-canal-de-navarres-ca","category-la-comarca-ca","category-sin-categorizar-ca","category-medio-ambiente-la-comarca-ca","category-millares-ca","category-ocio-y-cultura-ca","category-politica","category-seccion-ca","category-videos","tag-fitur-ca","tag-fitur-2025-ca","tag-la-canal-de-navarres","tag-millares-ca","tag-perez-ca","tag-ricardo-ca","post_format-post-format-video"],"_links":{"self":[{"href":"https:\/\/tucomarca.whitekongsoftware.com\/ca\/wp-json\/wp\/v2\/posts\/251740","targetHints":{"allow":["GET"]}}],"collection":[{"href":"https:\/\/tucomarca.whitekongsoftware.com\/ca\/wp-json\/wp\/v2\/posts"}],"about":[{"href":"https:\/\/tucomarca.whitekongsoftware.com\/ca\/wp-json\/wp\/v2\/types\/post"}],"author":[{"embeddable":true,"href":"https:\/\/tucomarca.whitekongsoftware.com\/ca\/wp-json\/wp\/v2\/users\/1"}],"replies":[{"embeddable":true,"href":"https:\/\/tucomarca.whitekongsoftware.com\/ca\/wp-json\/wp\/v2\/comments?post=251740"}],"version-history":[{"count":0,"href":"https:\/\/tucomarca.whitekongsoftware.com\/ca\/wp-json\/wp\/v2\/posts\/251740\/revisions"}],"wp:featuredmedia":[{"embeddable":true,"href":"https:\/\/tucomarca.whitekongsoftware.com\/ca\/wp-json\/wp\/v2\/media\/251738"}],"wp:attachment":[{"href":"https:\/\/tucomarca.whitekongsoftware.com\/ca\/wp-json\/wp\/v2\/media?parent=251740"}],"wp:term":[{"taxonomy":"category","embeddable":true,"href":"https:\/\/tucomarca.whitekongsoftware.com\/ca\/wp-json\/wp\/v2\/categories?post=251740"},{"taxonomy":"post_tag","embeddable":true,"href":"https:\/\/tucomarca.whitekongsoftware.com\/ca\/wp-json\/wp\/v2\/tags?post=251740"}],"curies":[{"name":"wp","href":"https:\/\/api.w.org\/{rel}","templated":true}]}}