{"id":251536,"date":"2025-01-24T11:30:00","date_gmt":"2025-01-24T10:30:00","guid":{"rendered":"https:\/\/www.tucomarca.com\/wordpress\/segunda\/?p=251536"},"modified":"2025-01-24T13:05:48","modified_gmt":"2025-01-24T12:05:48","slug":"ricardo-perez-visitar-millars-es-recorrer-un-cami-per-la-prehistoria-aixi-com-per-la-historia-de-la-nostra-civilitzacio","status":"publish","type":"post","link":"https:\/\/tucomarca.whitekongsoftware.com\/ca\/ricardo-perez-visitar-millars-es-recorrer-un-cami-per-la-prehistoria-aixi-com-per-la-historia-de-la-nostra-civilitzacio\/","title":{"rendered":"Ricardo P\u00e9rez: &#8220;Visitar Millars \u00e9s rec\u00f3rrer un cam\u00ed per la prehist\u00f2ria aix\u00ed com per la hist\u00f2ria de la nostra civilitzaci\u00f3&#8221;"},"content":{"rendered":"\n<figure class=\"wp-block-image size-full\"><img loading=\"lazy\" decoding=\"async\" width=\"945\" height=\"559\" src=\"http:\/\/www.tucomarca.com\/wordpress\/segunda\/wp-content\/uploads\/2025\/01\/RicardoPerezMillares.jpg\" alt=\"\" class=\"wp-image-251505\" srcset=\"https:\/\/tucomarca.whitekongsoftware.com\/wp-content\/uploads\/2025\/01\/RicardoPerezMillares.jpg 945w, https:\/\/tucomarca.whitekongsoftware.com\/wp-content\/uploads\/2025\/01\/RicardoPerezMillares-300x177.jpg 300w, https:\/\/tucomarca.whitekongsoftware.com\/wp-content\/uploads\/2025\/01\/RicardoPerezMillares-768x454.jpg 768w\" sizes=\"auto, (max-width: 945px) 100vw, 945px\" \/><\/figure>\n\n\n\n<p class=\"wp-block-paragraph\">L&#8217;alcalde de Millars, Ricardo P\u00e9rez, ha destacat la riquesa patrimonial i natural del seu municipi durant la seua participaci\u00f3 en la Fira Internacional de Turisme (FITUR) 2025. En l&#8217;estand de la Comunitat Valenciana, Ricardo P\u00e9rez ha presentat a Millars com una destinaci\u00f3 que ofereix un viatge \u00fanic a trav\u00e9s de la hist\u00f2ria de la civilitzaci\u00f3, gr\u00e0cies als seus recursos culturals, hist\u00f2rics, naturals i fins i tot prehist\u00f2rics.<\/p>\n\n\n\n<p class=\"wp-block-paragraph\"><strong>Un recorregut per la hist\u00f2ria i la naturalesa<\/strong><\/p>\n\n\n\n<p class=\"wp-block-paragraph\">\u201cMillars \u00e9s un cam\u00ed per la prehist\u00f2ria aix\u00ed com per la hist\u00f2ria de la nostra civilitzaci\u00f3. Des de les icnites de dinosaures fins a les manifestacions d&#8217;art rupestre, com la important troballa en 2023 en la Cova Dones, passant per castells medievals i els elements patrimonials propis del municipi, hi ha molt per descobrir\u201d, tal com ha subratllat Ricardo P\u00e9rez.<\/p>\n\n\n\n<p class=\"wp-block-paragraph\">A m\u00e9s, l&#8217;alcalde ha destacat els atractius naturals del terme, com el Barranc Naixement i l&#8217;emblem\u00e0tica cascada coneguda com &#8220;El Monstre&#8221;, que s\u00f3n punts clau en la promoci\u00f3 tur\u00edstica de la localitat. Al costat d&#8217;ells, la gastronomia local i els productes t\u00edpics de Millars completen una oferta que combina cultura, naturalesa i tradici\u00f3.<\/p>\n\n\n\n<p class=\"wp-block-paragraph\"><strong>El suport institucional, clau per als pobles xicotets<\/strong><\/p>\n\n\n\n<p class=\"wp-block-paragraph\">L&#8217;alcalde tamb\u00e9 ha subratllat la import\u00e0ncia del suport d&#8217;entitats com la Diputaci\u00f3 de Val\u00e8ncia i Val\u00e8ncia Turisme, especialment per a municipis xicotets amb recursos limitats. \u201cGr\u00e0cies al suport de la Diputaci\u00f3 i a trav\u00e9s de la Mancomunitat de La Canal de Navarr\u00e9s, podem promocionar-nos i ser presents en esdeveniments tan importants com FITUR. Aix\u00f2 \u00e9s fonamental per a un municipi com Millars\u201d, ha afirmat Ricardo P\u00e9rez.<\/p>\n\n\n\n<p class=\"wp-block-paragraph\"><strong>Una invitaci\u00f3 a descobrir Millars<\/strong><\/p>\n\n\n\n<p class=\"wp-block-paragraph\">L&#8217;alcalde de Millars ha aprofitat l&#8217;ocasi\u00f3 per a convidar als visitants a con\u00e9ixer de primera m\u00e0 la riquesa cultural, natural i gastron\u00f2mica de la localitat de La Canal de Navarr\u00e9s. \u201cVull animar a tothom a visitar el nostre municipi, gaudir dels nostres paisatges, aprendre de la nostra hist\u00f2ria i assaborir els productes t\u00edpics de Millars. Estem segurs que ser\u00e0 una experi\u00e8ncia inoblidable\u201d, ha concl\u00f2s el mun\u00edcipe.<\/p>\n","protected":false},"excerpt":{"rendered":"<div class=\"mh-excerpt\">L&#8217;alcalde de Millars, Ricardo P\u00e9rez, ha destacat la riquesa patrimonial i natural del seu municipi durant la seua participaci\u00f3 en la Fira Internacional de Turisme (FITUR) 2025. En l&#8217;estand de la Comunitat Valenciana, Ricardo P\u00e9rez <a class=\"mh-excerpt-more\" href=\"https:\/\/tucomarca.whitekongsoftware.com\/ca\/ricardo-perez-visitar-millars-es-recorrer-un-cami-per-la-prehistoria-aixi-com-per-la-historia-de-la-nostra-civilitzacio\/\" title=\"Ricardo P\u00e9rez: &#8220;Visitar Millars \u00e9s rec\u00f3rrer un cam\u00ed per la prehist\u00f2ria aix\u00ed com per la hist\u00f2ria de la nostra civilitzaci\u00f3&#8221;\">[+] <\/a><\/div>\n","protected":false},"author":12,"featured_media":251506,"comment_status":"open","ping_status":"open","sticky":false,"template":"","format":"standard","meta":{"footnotes":""},"categories":[10898,10963,10894,10903,10970,11007,10947,10896],"tags":[11441,21819,11094,11186],"class_list":["post-251536","post","type-post","status-publish","format-standard","has-post-thumbnail","category-ventana-ca","category-la-canal-de-navarres-ca","category-la-comarca-ca","category-medio-ambiente-la-comarca-ca","category-millares-ca","category-ocio-y-cultura-ca","category-politica","category-seccion-ca","tag-fitur-ca","tag-jose-ricardo-perez-ca","tag-la-canal-de-navarres","tag-millares-ca"],"_links":{"self":[{"href":"https:\/\/tucomarca.whitekongsoftware.com\/ca\/wp-json\/wp\/v2\/posts\/251536","targetHints":{"allow":["GET"]}}],"collection":[{"href":"https:\/\/tucomarca.whitekongsoftware.com\/ca\/wp-json\/wp\/v2\/posts"}],"about":[{"href":"https:\/\/tucomarca.whitekongsoftware.com\/ca\/wp-json\/wp\/v2\/types\/post"}],"author":[{"embeddable":true,"href":"https:\/\/tucomarca.whitekongsoftware.com\/ca\/wp-json\/wp\/v2\/users\/12"}],"replies":[{"embeddable":true,"href":"https:\/\/tucomarca.whitekongsoftware.com\/ca\/wp-json\/wp\/v2\/comments?post=251536"}],"version-history":[{"count":0,"href":"https:\/\/tucomarca.whitekongsoftware.com\/ca\/wp-json\/wp\/v2\/posts\/251536\/revisions"}],"wp:featuredmedia":[{"embeddable":true,"href":"https:\/\/tucomarca.whitekongsoftware.com\/ca\/wp-json\/wp\/v2\/media\/251506"}],"wp:attachment":[{"href":"https:\/\/tucomarca.whitekongsoftware.com\/ca\/wp-json\/wp\/v2\/media?parent=251536"}],"wp:term":[{"taxonomy":"category","embeddable":true,"href":"https:\/\/tucomarca.whitekongsoftware.com\/ca\/wp-json\/wp\/v2\/categories?post=251536"},{"taxonomy":"post_tag","embeddable":true,"href":"https:\/\/tucomarca.whitekongsoftware.com\/ca\/wp-json\/wp\/v2\/tags?post=251536"}],"curies":[{"name":"wp","href":"https:\/\/api.w.org\/{rel}","templated":true}]}}