{"id":251489,"date":"2025-01-24T13:00:00","date_gmt":"2025-01-24T12:00:00","guid":{"rendered":"https:\/\/www.tucomarca.com\/wordpress\/segunda\/?p=251489"},"modified":"2025-01-24T19:42:46","modified_gmt":"2025-01-24T18:42:46","slug":"lalcalde-dutiel-reclama-unitat-entre-administracions-i-que-sescolten-les-demandes-especifiques-de-cada-municipi-despres-dassistir-a-la-reunio-convocada-pel-president-del-govern","status":"publish","type":"post","link":"https:\/\/tucomarca.whitekongsoftware.com\/ca\/lalcalde-dutiel-reclama-unitat-entre-administracions-i-que-sescolten-les-demandes-especifiques-de-cada-municipi-despres-dassistir-a-la-reunio-convocada-pel-president-del-govern\/","title":{"rendered":"L&#8217;alcalde d&#8217;Utiel reclama &#8220;unitat entre administracions i que s&#8217;escolten les demandes espec\u00edfiques de cada municipi&#8221; despr\u00e9s d&#8217;assistir a la reuni\u00f3 convocada pel president del Govern"},"content":{"rendered":"\n<h3 class=\"wp-block-heading\">Ricardo Gabald\u00f3n valora &#8220;amb sabor agredol\u00e7&#8221; la trobada amb Pedro S\u00e1nchez perqu\u00e8, encara que &#8220;agraeix la convocat\u00f2ria&#8221;, considera &#8220;que podria haver sigut m\u00e9s productiva&#8221;.\u00a0<\/h3>\n\n\n\n<p class=\"wp-block-paragraph\">Ahir el president del Govern, Pedro S\u00e1nchez, visitava Val\u00e8ncia on es reunia amb alcaldes i alcaldesses dels municipis afectats per la DANA, entre ells Utiel.&nbsp;<\/p>\n\n\n\n<p class=\"wp-block-paragraph\">L&#8217;alcalde&nbsp; d&#8217;Utiel, Ricardo Gabald\u00f3n, assistia a aquesta reuni\u00f3 en la seu de la Delegaci\u00f3 del Govern que ha valorat com a necess\u00e0ria per\u00f2 tardana i menys productiva del que esperava.<\/p>\n\n\n\n<p class=\"wp-block-paragraph\">&#8220;M&#8217;hauria agradat que s&#8217;haguera fet aquesta reuni\u00f3 abans i, tamb\u00e9, que hagu\u00e9rem pogut transmetre cadascun dels alcaldes que assistim a aquesta trobada les nostres situaci\u00f3 actual i les demandes m\u00e9s urgents dels utielanos i utielanas 3 mesos despr\u00e9s de la DANA com s\u00f3n l&#8217;arribada de les ajudes , problemes d&#8217;infraestructures,&nbsp; o com s&#8217;intervindr\u00e0 en el llit del riu Magre perqu\u00e8 aix\u00f2 no torne a succeir. En general, la sensaci\u00f3 que extrac \u00e9s una miqueta agredol\u00e7a. Valore positivament que ens hagen convocat per\u00f2 la reuni\u00f3 ha sigut menys productiva del que esperava&#8221;, ha destacat l&#8217;alcalde d&#8217;Utiel&nbsp; Gabald\u00f3n que demana unitat entre totes les administracions.<\/p>\n\n\n\n<p class=\"wp-block-paragraph\">Ahir en la comissi\u00f3 interministerial, el president del Govern, Pedro S\u00e1nchez, va anunciar que l&#8217;executiu costejar\u00e0 el 100% de la reconstrucci\u00f3 d&#8217;edificis municipals i les infraestructures hidr\u00e0uliques danyats.<\/p>\n","protected":false},"excerpt":{"rendered":"<div class=\"mh-excerpt\">Ricardo Gabald\u00f3n valora &#8220;amb sabor agredol\u00e7&#8221; la trobada amb Pedro S\u00e1nchez perqu\u00e8, encara que &#8220;agraeix la convocat\u00f2ria&#8221;, considera &#8220;que podria haver sigut m\u00e9s productiva&#8221;.\u00a0 Ahir el president del Govern, Pedro S\u00e1nchez, visitava Val\u00e8ncia on es <a class=\"mh-excerpt-more\" href=\"https:\/\/tucomarca.whitekongsoftware.com\/ca\/lalcalde-dutiel-reclama-unitat-entre-administracions-i-que-sescolten-les-demandes-especifiques-de-cada-municipi-despres-dassistir-a-la-reunio-convocada-pel-president-del-govern\/\" title=\"L&#8217;alcalde d&#8217;Utiel reclama &#8220;unitat entre administracions i que s&#8217;escolten les demandes espec\u00edfiques de cada municipi&#8221; despr\u00e9s d&#8217;assistir a la reuni\u00f3 convocada pel president del Govern\">[+] <\/a><\/div>\n","protected":false},"author":13,"featured_media":251487,"comment_status":"open","ping_status":"open","sticky":false,"template":"","format":"standard","meta":{"footnotes":""},"categories":[21466,10898,10948,10894,10904,10903,10947,10909,10896,11059],"tags":[11199,11140,10910,11174],"class_list":["post-251489","post","type-post","status-publish","format-standard","has-post-thumbnail","category-dana-ca","category-ventana-ca","category-infraestructuras-ca","category-la-comarca-ca","category-sin-categorizar-ca","category-medio-ambiente-la-comarca-ca","category-politica","category-requena-utiel-ca","category-seccion-ca","category-utiel-ca","tag-la-comunitat-ca","tag-politica-ca","tag-requena-utiel-ca","tag-utiel-ca"],"_links":{"self":[{"href":"https:\/\/tucomarca.whitekongsoftware.com\/ca\/wp-json\/wp\/v2\/posts\/251489","targetHints":{"allow":["GET"]}}],"collection":[{"href":"https:\/\/tucomarca.whitekongsoftware.com\/ca\/wp-json\/wp\/v2\/posts"}],"about":[{"href":"https:\/\/tucomarca.whitekongsoftware.com\/ca\/wp-json\/wp\/v2\/types\/post"}],"author":[{"embeddable":true,"href":"https:\/\/tucomarca.whitekongsoftware.com\/ca\/wp-json\/wp\/v2\/users\/13"}],"replies":[{"embeddable":true,"href":"https:\/\/tucomarca.whitekongsoftware.com\/ca\/wp-json\/wp\/v2\/comments?post=251489"}],"version-history":[{"count":0,"href":"https:\/\/tucomarca.whitekongsoftware.com\/ca\/wp-json\/wp\/v2\/posts\/251489\/revisions"}],"wp:featuredmedia":[{"embeddable":true,"href":"https:\/\/tucomarca.whitekongsoftware.com\/ca\/wp-json\/wp\/v2\/media\/251487"}],"wp:attachment":[{"href":"https:\/\/tucomarca.whitekongsoftware.com\/ca\/wp-json\/wp\/v2\/media?parent=251489"}],"wp:term":[{"taxonomy":"category","embeddable":true,"href":"https:\/\/tucomarca.whitekongsoftware.com\/ca\/wp-json\/wp\/v2\/categories?post=251489"},{"taxonomy":"post_tag","embeddable":true,"href":"https:\/\/tucomarca.whitekongsoftware.com\/ca\/wp-json\/wp\/v2\/tags?post=251489"}],"curies":[{"name":"wp","href":"https:\/\/api.w.org\/{rel}","templated":true}]}}