{"id":251435,"date":"2025-01-23T13:30:00","date_gmt":"2025-01-23T12:30:00","guid":{"rendered":"https:\/\/www.tucomarca.com\/wordpress\/segunda\/?p=251435"},"modified":"2025-01-23T23:07:12","modified_gmt":"2025-01-23T22:07:12","slug":"robert-raga-recuperarem-tant-el-parc-natural-del-turia-com-el-sector-industrial-que-son-fonamentals-per-a-riba-roja-de-turia","status":"publish","type":"post","link":"https:\/\/tucomarca.whitekongsoftware.com\/ca\/robert-raga-recuperarem-tant-el-parc-natural-del-turia-com-el-sector-industrial-que-son-fonamentals-per-a-riba-roja-de-turia\/","title":{"rendered":"Robert Raga: \u201cRecuperarem tant el Parc Natural del T\u00faria com el sector industrial, que s\u00f3n fonamentals per a Riba-roja de T\u00faria\u201d"},"content":{"rendered":"\n<p class=\"wp-block-paragraph\">L&#8217;alcalde de Riba-roja de T\u00faria, Robert Raga, ha destacat en FITUR 2025 la voluntat del municipi de recuperar-se despr\u00e9s dels devastadors efectes de la DANA que va afectar greument el Parc Natural del T\u00faria i al sector industrial. \u201cEnguany \u00e9s molt especial per a nosaltres perqu\u00e8 venim d&#8217;una situaci\u00f3 molt complicada, per\u00f2 estem decidits a reconstruir tant el parc natural com el nostre sector industrial, que s\u00f3n pilars fonamentals per a la nostra localitat\u201d, ha afirmat Robert Raga.<\/p>\n\n\n\n<p class=\"wp-block-paragraph\">L&#8217;impacte de la DANA ha sigut significatiu en el turisme, especialment al Parc Natural del T\u00faria, un atractiu clau per als visitants. No obstant aix\u00f2, Robert Raga ha ressaltat els esfor\u00e7os del municipi per a reinventar-se i oferir noves rutes tur\u00edstiques en les zones muntanyenques, allunyades del riu, i posar en valor altres recursos culturals i hist\u00f2rics com els jaciments visigots, el castell i el museu d&#8217;art contemporani. \u201cVolem oferir al turista de l&#8217;\u00e0rea metropolitana de Val\u00e8ncia un lloc on passar el dia, gaudir de la naturalesa i la hist\u00f2ria del nostre municipi\u201d, ha explicat Robert Raga.<\/p>\n\n\n\n<p class=\"wp-block-paragraph\"><strong>Un nus log\u00edstic estrat\u00e8gic<br><\/strong>L&#8217;alcalde va subratllar la import\u00e0ncia del sector industrial de Riba-roja, que compta amb m\u00e9s de 1.400 empreses i ocupa 20.000 treballadors. Raga va destacar que, malgrat l&#8217;impacte de la DANA, l&#8217;\u00e0rea industrial s&#8217;est\u00e0 recuperant, la qual cosa \u00e9s clau no sols per a l&#8217;economia local, sin\u00f3 tamb\u00e9 per al turisme empresarial. \u201cRebem visitants de tot el m\u00f3n que venen a fer negocis, i estem treballant per a normalitzar la situaci\u00f3 al m\u00e9s prompte possible\u201d, ha afegit.<\/p>\n\n\n\n<p class=\"wp-block-paragraph\"><strong>Reconstrucci\u00f3 i visi\u00f3 a futur<br><\/strong>Robert Raga ha explicat que la reconstrucci\u00f3 del Parc Fluvial del T\u00faria \u00e9s una prioritat per al municipi. \u201cEstem treballant en la reparaci\u00f3 de ponts i en la naturalitzaci\u00f3 del riu per a retornar-lo a la seua esplendor. Encara que ser\u00e0 dif\u00edcil recuperar el que ten\u00edem, volem recrear eixe espai on la gent gaudia d&#8217;activitats com a ciclisme, senderisme i autocaravanes\u201d, ha afirmat.<\/p>\n\n\n\n<p class=\"wp-block-paragraph\">A m\u00e9s, l&#8217;alcalde ha insistit que la revitalitzaci\u00f3 del parc fluvial i del sector industrial van de bracet per a garantir un desenvolupament sostenible i equilibrat en Riba-roja.<\/p>\n\n\n\n<p class=\"wp-block-paragraph\"><strong>Una petici\u00f3 per a FITUR<br><\/strong>Finalment, Robert Raga ha demanat un canvi en el format de FITUR, destacant la necessitat de donar major protagonisme als pobles. \u201cRiba-roja, Ll\u00edria, Requena, Pedralba i altres municipis necessitem un espai propi on els nostres t\u00e8cnics puguen treballar i presentar les nostres propostes. Encara que entenem l&#8217;enfocament comercial de FITUR, no hem de perdre l&#8217;ess\u00e8ncia dels nostres pobles, que s\u00f3n la base de la Comunitat\u201d, ha concl\u00f2s.<\/p>\n\n\n\n<p class=\"wp-block-paragraph\"><\/p>\n","protected":false},"excerpt":{"rendered":"<div class=\"mh-excerpt\">L&#8217;alcalde de Riba-roja de T\u00faria, Robert Raga, ha destacat en FITUR 2025 la voluntat del municipi de recuperar-se despr\u00e9s dels devastadors efectes de la DANA que va afectar greument el Parc Natural del T\u00faria i <a class=\"mh-excerpt-more\" href=\"https:\/\/tucomarca.whitekongsoftware.com\/ca\/robert-raga-recuperarem-tant-el-parc-natural-del-turia-com-el-sector-industrial-que-son-fonamentals-per-a-riba-roja-de-turia\/\" title=\"Robert Raga: \u201cRecuperarem tant el Parc Natural del T\u00faria com el sector industrial, que s\u00f3n fonamentals per a Riba-roja de T\u00faria\u201d\">[+] <\/a><\/div>\n","protected":false},"author":12,"featured_media":251434,"comment_status":"open","ping_status":"open","sticky":false,"template":"","format":"standard","meta":{"footnotes":""},"categories":[10892,21466,10898,10894,10904,10947,10906,10896],"tags":[10899,15409,11441,15024,13181],"class_list":["post-251435","post","type-post","status-publish","format-standard","has-post-thumbnail","category-camp-de-turia-ca","category-dana-ca","category-ventana-ca","category-la-comarca-ca","category-sin-categorizar-ca","category-politica","category-riba-roja-ca","category-seccion-ca","tag-camp-de-turia-ca","tag-dana-2-ca","tag-fitur-ca","tag-riba-roja-de-turia-ca","tag-robert-raga-ca"],"_links":{"self":[{"href":"https:\/\/tucomarca.whitekongsoftware.com\/ca\/wp-json\/wp\/v2\/posts\/251435","targetHints":{"allow":["GET"]}}],"collection":[{"href":"https:\/\/tucomarca.whitekongsoftware.com\/ca\/wp-json\/wp\/v2\/posts"}],"about":[{"href":"https:\/\/tucomarca.whitekongsoftware.com\/ca\/wp-json\/wp\/v2\/types\/post"}],"author":[{"embeddable":true,"href":"https:\/\/tucomarca.whitekongsoftware.com\/ca\/wp-json\/wp\/v2\/users\/12"}],"replies":[{"embeddable":true,"href":"https:\/\/tucomarca.whitekongsoftware.com\/ca\/wp-json\/wp\/v2\/comments?post=251435"}],"version-history":[{"count":0,"href":"https:\/\/tucomarca.whitekongsoftware.com\/ca\/wp-json\/wp\/v2\/posts\/251435\/revisions"}],"wp:featuredmedia":[{"embeddable":true,"href":"https:\/\/tucomarca.whitekongsoftware.com\/ca\/wp-json\/wp\/v2\/media\/251434"}],"wp:attachment":[{"href":"https:\/\/tucomarca.whitekongsoftware.com\/ca\/wp-json\/wp\/v2\/media?parent=251435"}],"wp:term":[{"taxonomy":"category","embeddable":true,"href":"https:\/\/tucomarca.whitekongsoftware.com\/ca\/wp-json\/wp\/v2\/categories?post=251435"},{"taxonomy":"post_tag","embeddable":true,"href":"https:\/\/tucomarca.whitekongsoftware.com\/ca\/wp-json\/wp\/v2\/tags?post=251435"}],"curies":[{"name":"wp","href":"https:\/\/api.w.org\/{rel}","templated":true}]}}