{"id":251396,"date":"2025-01-23T14:00:00","date_gmt":"2025-01-23T13:00:00","guid":{"rendered":"https:\/\/www.tucomarca.com\/wordpress\/segunda\/?p=251396"},"modified":"2025-01-23T21:15:53","modified_gmt":"2025-01-23T20:15:53","slug":"luis-francisco-lopez-yeves-destaca-el-potencial-turistic-i-economic-de-tierra-bobal-en-fitur","status":"publish","type":"post","link":"https:\/\/tucomarca.whitekongsoftware.com\/ca\/luis-francisco-lopez-yeves-destaca-el-potencial-turistic-i-economic-de-tierra-bobal-en-fitur\/","title":{"rendered":"Luis Francisco L\u00f3pez Yeves destaca el potencial tur\u00edstic i econ\u00f2mic de Tierra Bobal en FITUR"},"content":{"rendered":"\n<p class=\"wp-block-paragraph\">El President de la Mancomunitat de l&#8217;Interior Tierra del Vino i alcalde de Venta del Moro, Luis Francisco L\u00f3pez Yeves, ha subratllat la import\u00e0ncia de la Destinaci\u00f3 Tur\u00edstica Tierra Bobal com un pilar fonamental per al desenvolupament econ\u00f2mic i social de la comarca durant la seua participaci\u00f3 en la Fira Internacional de Turisme (FITUR).<\/p>\n\n\n\n<p class=\"wp-block-paragraph\">En les seues declaracions, L\u00f3pez Yeves ha destacat que Tierra Bobal ofereix una \u00e0mplia gamma d&#8217;experi\u00e8ncies tur\u00edstiques, abastant naturalesa, gastronomia, enologia, cultura, turisme familiar i astre turisme. \u201cLa nostra comarca t\u00e9 un ventall tan important de recursos que necessitar\u00edem moltes m\u00e9s fires per a aprofundir en tot el que oferim\u201d, tal com ha destacat.<\/p>\n\n\n\n<p class=\"wp-block-paragraph\">El president tamb\u00e9 ha elogiat el paper de FITUR com a aparador clau per a donar a con\u00e9ixer el potencial tur\u00edstic de la comarca i ha agra\u00eft el suport de la Diputaci\u00f3 de Val\u00e8ncia per a garantir la seua pres\u00e8ncia en l&#8217;esdeveniment. \u201cDel que es tracta \u00e9s de crear sinergies i posar en valor els nostres recursos, com \u00e9s Tierra Bobal, per a mostrar als visitants tot el que podem oferir-los\u201d, ha destacat el president.<\/p>\n\n\n\n<p class=\"wp-block-paragraph\">A m\u00e9s, L\u00f3pez Yeves ha destacat l&#8217;esfor\u00e7 conjunt dels nou municipis que conformen la Mancomunitat per a consolidar Tierra Bobal com una destinaci\u00f3 tur\u00edstica de refer\u00e8ncia. Segons ha explicat, aquesta aposta no sols contribueix al desenvolupament econ\u00f2mic, sin\u00f3 tamb\u00e9 a l&#8217;arrelament de la poblaci\u00f3 al territori.<\/p>\n\n\n\n<p class=\"wp-block-paragraph\">D&#8217;altra banda, ha aprofitat l&#8217;ocasi\u00f3 per a remarcar la resili\u00e8ncia de la comarca despr\u00e9s dels greus incidents ocorreguts per la DANA del passat 29 d&#8217;octubre que van afectar especialment els municipis d&#8217;Utiel i Requena. \u201cEra imperdonable no ser ac\u00ed per a refor\u00e7ar i remarcar que, malgrat tot, la nostra terra \u00e9s una terra que sap al\u00e7ar-se i que, en el turisme, t\u00e9 una font econ\u00f2mica de desenvolupament molt important\u201d, ha concl\u00f2s.<\/p>\n","protected":false},"excerpt":{"rendered":"<div class=\"mh-excerpt\">El President de la Mancomunitat de l&#8217;Interior Tierra del Vino i alcalde de Venta del Moro, Luis Francisco L\u00f3pez Yeves, ha subratllat la import\u00e0ncia de la Destinaci\u00f3 Tur\u00edstica Tierra Bobal com un pilar fonamental per <a class=\"mh-excerpt-more\" href=\"https:\/\/tucomarca.whitekongsoftware.com\/ca\/luis-francisco-lopez-yeves-destaca-el-potencial-turistic-i-economic-de-tierra-bobal-en-fitur\/\" title=\"Luis Francisco L\u00f3pez Yeves destaca el potencial tur\u00edstic i econ\u00f2mic de Tierra Bobal en FITUR\">[+] <\/a><\/div>\n","protected":false},"author":12,"featured_media":251380,"comment_status":"open","ping_status":"open","sticky":false,"template":"","format":"standard","meta":{"footnotes":""},"categories":[11031,11032,11054,21466,10898,11055,10904,10908,10909,11058,11059,11060,11061],"tags":[15409,11441,19716,12387,10910,12388],"class_list":["post-251396","post","type-post","status-publish","format-standard","has-post-thumbnail","category-camporrobles-ca","category-caudete-ca","category-chera-ca","category-dana-ca","category-ventana-ca","category-fuenterrobles-ca","category-sin-categorizar-ca","category-requena-ca","category-requena-utiel-ca","category-sinarcas-ca","category-utiel-ca","category-venta-del-moro-ca","category-villargordo-del-cabriel-ca","tag-dana-2-ca","tag-fitur-ca","tag-luis-francisco-lopez-yeves-ca","tag-mancomunidad-del-interior-tierra-del-vino-ca","tag-requena-utiel-ca","tag-tierra-bobal-ca"],"_links":{"self":[{"href":"https:\/\/tucomarca.whitekongsoftware.com\/ca\/wp-json\/wp\/v2\/posts\/251396","targetHints":{"allow":["GET"]}}],"collection":[{"href":"https:\/\/tucomarca.whitekongsoftware.com\/ca\/wp-json\/wp\/v2\/posts"}],"about":[{"href":"https:\/\/tucomarca.whitekongsoftware.com\/ca\/wp-json\/wp\/v2\/types\/post"}],"author":[{"embeddable":true,"href":"https:\/\/tucomarca.whitekongsoftware.com\/ca\/wp-json\/wp\/v2\/users\/12"}],"replies":[{"embeddable":true,"href":"https:\/\/tucomarca.whitekongsoftware.com\/ca\/wp-json\/wp\/v2\/comments?post=251396"}],"version-history":[{"count":0,"href":"https:\/\/tucomarca.whitekongsoftware.com\/ca\/wp-json\/wp\/v2\/posts\/251396\/revisions"}],"wp:featuredmedia":[{"embeddable":true,"href":"https:\/\/tucomarca.whitekongsoftware.com\/ca\/wp-json\/wp\/v2\/media\/251380"}],"wp:attachment":[{"href":"https:\/\/tucomarca.whitekongsoftware.com\/ca\/wp-json\/wp\/v2\/media?parent=251396"}],"wp:term":[{"taxonomy":"category","embeddable":true,"href":"https:\/\/tucomarca.whitekongsoftware.com\/ca\/wp-json\/wp\/v2\/categories?post=251396"},{"taxonomy":"post_tag","embeddable":true,"href":"https:\/\/tucomarca.whitekongsoftware.com\/ca\/wp-json\/wp\/v2\/tags?post=251396"}],"curies":[{"name":"wp","href":"https:\/\/api.w.org\/{rel}","templated":true}]}}