{"id":251370,"date":"2025-01-23T13:00:00","date_gmt":"2025-01-23T12:00:00","guid":{"rendered":"https:\/\/www.tucomarca.com\/wordpress\/segunda\/?p=251370"},"modified":"2025-01-24T19:28:43","modified_gmt":"2025-01-24T18:28:43","slug":"lestudiant-utielano-fabian-viana-vazquez-rep-el-reconeixement-de-lajuntament-per-alcar-se-amb-el-premi-extraordinari-de-batxillerat-2023-2024-de-la-generalitat","status":"publish","type":"post","link":"https:\/\/tucomarca.whitekongsoftware.com\/ca\/lestudiant-utielano-fabian-viana-vazquez-rep-el-reconeixement-de-lajuntament-per-alcar-se-amb-el-premi-extraordinari-de-batxillerat-2023-2024-de-la-generalitat\/","title":{"rendered":"L&#8217;estudiant utielano Fabi\u00e1n Viana V\u00e1zquez rep el reconeixement de l&#8217;Ajuntament per al\u00e7ar-se amb el Premi Extraordinari de Batxillerat 2023-2024 de la Generalitat"},"content":{"rendered":"\n<h3 class=\"wp-block-heading\">L&#8217;alcalde d&#8217;Utiel, Ricardo Gabald\u00f3n i la regidora d&#8217;Educaci\u00f3, Carmina Febr\u00e9, li han traslladat la seua m\u00e9s sincera enhorabona per l&#8217;esfor\u00e7 i dedicaci\u00f3 per a aconseguir l&#8217;excel\u00b7l\u00e8ncia educativa.<\/h3>\n\n\n\n<p class=\"wp-block-paragraph\">L&#8217;estudiant utielano, Fabi\u00e1n Viana V\u00e1zquez \u201cPremio Extraordinari de Batxillerat en el curs 2023-2024 \u201cha sigut rebut a l&#8217;Ajuntament d&#8217;Utiel per l&#8217;alcalde Ricardo Gabald\u00f3n i la regidora d&#8217;Educaci\u00f3, Carmina Febr\u00e9, per a traslladar-li en persona la seua m\u00e9s sincera enhorabona i fer-li lliurament d&#8217;un certificat de reconeixement del consistori utielano pel seu esfor\u00e7, const\u00e0ncia i comprom\u00eds amb els estudis.<\/p>\n\n\n\n<p class=\"wp-block-paragraph\">En aquesta trobada, l&#8217;alumne guardonat ha estat acompanyat per la seua fam\u00edlia, i el director de l&#8217;IES Miguel Ballesteros, centre on va cursar batxillerat.&nbsp;<\/p>\n\n\n\n<p class=\"wp-block-paragraph\">Aquest premi a l&#8217;excel\u00b7l\u00e8ncia educativa el concedeix la Conselleria d&#8217;Educaci\u00f3, Universitats i Ocupaci\u00f3 i, en aquesta convocat\u00f2ria, Fabi\u00e1n Viana, ha sigut un dels 30 guardonats en tota la Comunitat Valenciana, el lloc n\u00famero 14, amb una puntuaci\u00f3 extraordin\u00e0ria de 9,808.&nbsp;<\/p>\n\n\n\n<p class=\"wp-block-paragraph\">\u201cEstem molt orgullosos que joves estudiants del municipi com Fabi\u00e1n aconseguisquen aquests reconeixements gr\u00e0cies al seu esfor\u00e7 i dedicaci\u00f3 i a l&#8217;elevat nivell que s&#8217;imparteix en els centres educatius. Notes que freguen quasi la perfecci\u00f3 tant en selectivitat com en els seus expedients acad\u00e8mics amb les quals poden accedir a un futur prometedor\u201d apuntava l&#8217;alcalde d&#8217;Utiel.<\/p>\n\n\n\n<p class=\"wp-block-paragraph\">El jove utielano de 18 anys ha iniciat els seus estudis de Grau de Negocis Internacionals en angl\u00e9s en la Universitat de Val\u00e8ncia i s&#8217;ha mostrat molt il\u00b7lusionat amb aquesta menci\u00f3 especial i els projectes universitaris que li ofereix aquesta nova marxa vinculada al comer\u00e7 i l&#8217;economia amb un ventall destacat d&#8217;eixides professionals.<\/p>\n","protected":false},"excerpt":{"rendered":"<div class=\"mh-excerpt\">L&#8217;alcalde d&#8217;Utiel, Ricardo Gabald\u00f3n i la regidora d&#8217;Educaci\u00f3, Carmina Febr\u00e9, li han traslladat la seua m\u00e9s sincera enhorabona per l&#8217;esfor\u00e7 i dedicaci\u00f3 per a aconseguir l&#8217;excel\u00b7l\u00e8ncia educativa. L&#8217;estudiant utielano, Fabi\u00e1n Viana V\u00e1zquez \u201cPremio Extraordinari de <a class=\"mh-excerpt-more\" href=\"https:\/\/tucomarca.whitekongsoftware.com\/ca\/lestudiant-utielano-fabian-viana-vazquez-rep-el-reconeixement-de-lajuntament-per-alcar-se-amb-el-premi-extraordinari-de-batxillerat-2023-2024-de-la-generalitat\/\" title=\"L&#8217;estudiant utielano Fabi\u00e1n Viana V\u00e1zquez rep el reconeixement de l&#8217;Ajuntament per al\u00e7ar-se amb el Premi Extraordinari de Batxillerat 2023-2024 de la Generalitat\">[+] <\/a><\/div>\n","protected":false},"author":13,"featured_media":251368,"comment_status":"open","ping_status":"open","sticky":false,"template":"","format":"standard","meta":{"footnotes":""},"categories":[10894,11007,10909,10896,11059],"tags":[10910,11174],"class_list":["post-251370","post","type-post","status-publish","format-standard","has-post-thumbnail","category-la-comarca-ca","category-ocio-y-cultura-ca","category-requena-utiel-ca","category-seccion-ca","category-utiel-ca","tag-requena-utiel-ca","tag-utiel-ca"],"_links":{"self":[{"href":"https:\/\/tucomarca.whitekongsoftware.com\/ca\/wp-json\/wp\/v2\/posts\/251370","targetHints":{"allow":["GET"]}}],"collection":[{"href":"https:\/\/tucomarca.whitekongsoftware.com\/ca\/wp-json\/wp\/v2\/posts"}],"about":[{"href":"https:\/\/tucomarca.whitekongsoftware.com\/ca\/wp-json\/wp\/v2\/types\/post"}],"author":[{"embeddable":true,"href":"https:\/\/tucomarca.whitekongsoftware.com\/ca\/wp-json\/wp\/v2\/users\/13"}],"replies":[{"embeddable":true,"href":"https:\/\/tucomarca.whitekongsoftware.com\/ca\/wp-json\/wp\/v2\/comments?post=251370"}],"version-history":[{"count":0,"href":"https:\/\/tucomarca.whitekongsoftware.com\/ca\/wp-json\/wp\/v2\/posts\/251370\/revisions"}],"wp:featuredmedia":[{"embeddable":true,"href":"https:\/\/tucomarca.whitekongsoftware.com\/ca\/wp-json\/wp\/v2\/media\/251368"}],"wp:attachment":[{"href":"https:\/\/tucomarca.whitekongsoftware.com\/ca\/wp-json\/wp\/v2\/media?parent=251370"}],"wp:term":[{"taxonomy":"category","embeddable":true,"href":"https:\/\/tucomarca.whitekongsoftware.com\/ca\/wp-json\/wp\/v2\/categories?post=251370"},{"taxonomy":"post_tag","embeddable":true,"href":"https:\/\/tucomarca.whitekongsoftware.com\/ca\/wp-json\/wp\/v2\/tags?post=251370"}],"curies":[{"name":"wp","href":"https:\/\/api.w.org\/{rel}","templated":true}]}}