{"id":251354,"date":"2025-01-23T10:10:00","date_gmt":"2025-01-23T09:10:00","guid":{"rendered":"https:\/\/www.tucomarca.com\/wordpress\/segunda\/?p=251354"},"modified":"2025-01-23T14:46:21","modified_gmt":"2025-01-23T13:46:21","slug":"el-poble-de-jaen-de-mancha-real-dona-una-falla-solidaria-per-a-xiva-despres-de-la-dana","status":"publish","type":"post","link":"https:\/\/tucomarca.whitekongsoftware.com\/ca\/el-poble-de-jaen-de-mancha-real-dona-una-falla-solidaria-per-a-xiva-despres-de-la-dana\/","title":{"rendered":"El poble de Ja\u00e9n de Mancha Real dona una falla solid\u00e0ria per a Xiva despr\u00e9s de la DANA"},"content":{"rendered":"\n<p class=\"wp-block-paragraph\">El municipi de Xiva, un dels m\u00e9s afectats per la DANA del novembre passat, rebr\u00e0 un gest de solidaritat inesperat des de Mancha Real, un xicotet poble de Ja\u00e9n. All\u00ed, un grup de voluntaris ha decidit construir i donar una falla per a retornar l&#8217;alegria als ve\u00efns de Xiva despr\u00e9s dels dif\u00edcils moments viscuts.<\/p>\n\n\n\n<p class=\"wp-block-paragraph\">La iniciativa sorgeix de Taca Real, un dels pocs llocs fora de la Comunitat Valenciana amb tradici\u00f3 fallera, que ha volgut utilitzar aquest s\u00edmbol cultural per a transmetre suport i \u00e0nim a Xiva. Sota el lema&nbsp;\u201cEo que Falla!\u201d, els voluntaris han comen\u00e7at a recaptar fons mitjan\u00e7ant la venda d&#8217;imants de nevera amb el logo de la falla solid\u00e0ria, amb l&#8217;objectiu de culminar el monument que donaran al municipi.<\/p>\n\n\n\n<p class=\"wp-block-paragraph\">La Falla, que ser\u00e0 entregada en un acte especial en els pr\u00f2xims mesos, promet convertir-se no sols en un monument simb\u00f2lic, sin\u00f3 tamb\u00e9 en un missatge d&#8217;empatia i uni\u00f3. Taca Real ha demostrat que les tradicions culturals poden ser un pont per a tendir la m\u00e0 en els moments m\u00e9s dif\u00edcils.<\/p>\n","protected":false},"excerpt":{"rendered":"<div class=\"mh-excerpt\">El municipi de Xiva, un dels m\u00e9s afectats per la DANA del novembre passat, rebr\u00e0 un gest de solidaritat inesperat des de Mancha Real, un xicotet poble de Ja\u00e9n. All\u00ed, un grup de voluntaris ha <a class=\"mh-excerpt-more\" href=\"https:\/\/tucomarca.whitekongsoftware.com\/ca\/el-poble-de-jaen-de-mancha-real-dona-una-falla-solidaria-per-a-xiva-despres-de-la-dana\/\" title=\"El poble de Ja\u00e9n de Mancha Real dona una falla solid\u00e0ria per a Xiva despr\u00e9s de la DANA\">[+] <\/a><\/div>\n","protected":false},"author":13,"featured_media":251363,"comment_status":"open","ping_status":"open","sticky":false,"template":"","format":"standard","meta":{"footnotes":""},"categories":[21466,10894,10904,10912,11007,10896,10975],"tags":[11195,15409,11199,10914],"class_list":["post-251354","post","type-post","status-publish","format-standard","has-post-thumbnail","category-dana-ca","category-la-comarca-ca","category-sin-categorizar-ca","category-la-hoya-ca","category-ocio-y-cultura-ca","category-seccion-ca","category-chiva-ca","tag-chiva-ca","tag-dana-2-ca","tag-la-comunitat-ca","tag-la-hoya-de-bunol-chiva-ca"],"_links":{"self":[{"href":"https:\/\/tucomarca.whitekongsoftware.com\/ca\/wp-json\/wp\/v2\/posts\/251354","targetHints":{"allow":["GET"]}}],"collection":[{"href":"https:\/\/tucomarca.whitekongsoftware.com\/ca\/wp-json\/wp\/v2\/posts"}],"about":[{"href":"https:\/\/tucomarca.whitekongsoftware.com\/ca\/wp-json\/wp\/v2\/types\/post"}],"author":[{"embeddable":true,"href":"https:\/\/tucomarca.whitekongsoftware.com\/ca\/wp-json\/wp\/v2\/users\/13"}],"replies":[{"embeddable":true,"href":"https:\/\/tucomarca.whitekongsoftware.com\/ca\/wp-json\/wp\/v2\/comments?post=251354"}],"version-history":[{"count":0,"href":"https:\/\/tucomarca.whitekongsoftware.com\/ca\/wp-json\/wp\/v2\/posts\/251354\/revisions"}],"wp:featuredmedia":[{"embeddable":true,"href":"https:\/\/tucomarca.whitekongsoftware.com\/ca\/wp-json\/wp\/v2\/media\/251363"}],"wp:attachment":[{"href":"https:\/\/tucomarca.whitekongsoftware.com\/ca\/wp-json\/wp\/v2\/media?parent=251354"}],"wp:term":[{"taxonomy":"category","embeddable":true,"href":"https:\/\/tucomarca.whitekongsoftware.com\/ca\/wp-json\/wp\/v2\/categories?post=251354"},{"taxonomy":"post_tag","embeddable":true,"href":"https:\/\/tucomarca.whitekongsoftware.com\/ca\/wp-json\/wp\/v2\/tags?post=251354"}],"curies":[{"name":"wp","href":"https:\/\/api.w.org\/{rel}","templated":true}]}}