{"id":251280,"date":"2025-01-22T21:30:00","date_gmt":"2025-01-22T20:30:00","guid":{"rendered":"https:\/\/www.tucomarca.com\/wordpress\/segunda\/?p=251280"},"modified":"2025-01-23T08:58:10","modified_gmt":"2025-01-23T07:58:10","slug":"la-diputacio-anima-a-tots-els-visitants-de-fitur-a-descobrir-la-provincia-sota-leslogan-daquesta-edicio-es-mereixen-valencia","status":"publish","type":"post","link":"https:\/\/tucomarca.whitekongsoftware.com\/ca\/la-diputacio-anima-a-tots-els-visitants-de-fitur-a-descobrir-la-provincia-sota-leslogan-daquesta-edicio-es-mereixen-valencia\/","title":{"rendered":"La Diputaci\u00f3 anima a tots els visitants de Fitur a descobrir la prov\u00edncia sota l\u2019esl\u00f2gan d&#8217;aquesta edici\u00f3: \u2018Et mereixes Val\u00e8ncia\u2019"},"content":{"rendered":"\n<p class=\"wp-block-paragraph\"><strong>El president de la Diputaci\u00f3 de Val\u00e8ncia, Vicent Momp\u00f3, i el diputat de Turisme, Pedro Cuesta, han presentat en el certamen internacional de Madrid les l\u00ednies d&#8217;actuaci\u00f3 per a 2025, \u201cadaptades a les necessitats dels municipis i les empreses\u201d.<\/strong><\/p>\n\n\n\n<p class=\"wp-block-paragraph\"><strong>Entre l&#8217;oferta provincial destaca la reconstrucci\u00f3 d&#8217;espais tur\u00edstics afectats per la DANA, les noves subvencions per a pobles d&#8217;interior i els premis de la Diputaci\u00f3 a la sostenibilitat tur\u00edstica i l&#8217;audiovisual.<\/strong><\/p>\n\n\n\n<p class=\"wp-block-paragraph\"><strong>Val\u00e8ncia Turisme aprofitar\u00e0 fons europeus per a crear un espai digital destinat a equilibrar els fluxos de visitants i mantindr\u00e0 les ajudes \u2018Impulsem Turisme\u2019 i programes com \u2018Fem Poble\u2019 i \u2018Birding per l\u2019Interior\u2019<\/strong>.<\/p>\n\n\n\n<p class=\"wp-block-paragraph\">La Diputaci\u00f3 de Val\u00e8ncia\u00a0ha culminat la jornada inaugural de la Fira Internacional de Turisme de Madrid, que aquest dimecres celebra el dia de la prov\u00edncia, amb l&#8217;acte institucional en el qual tradicionalment presenta les l\u00ednies d&#8217;actuaci\u00f3 per al nou exercici. Despr\u00e9s de la matinal protagonitzada per la visita de Ses Majestats els Reis a l&#8217;estand de la Comunitat Valenciana, el president de la Diputaci\u00f3, Vicent Momp\u00f3, i el diputat de Turisme, Pedro Cuesta, han explicat el per qu\u00e8 d&#8217;un esl\u00f2gan que ha calat en Fitur: \u2018Et mereixes Val\u00e8ncia\u2019.<\/p>\n\n\n<div class=\"wp-block-image\">\n<figure class=\"alignleft size-large is-resized\"><img loading=\"lazy\" decoding=\"async\" width=\"683\" height=\"1024\" src=\"http:\/\/www.tucomarca.com\/wordpress\/segunda\/wp-content\/uploads\/2025\/01\/MompoFitur25_2-683x1024.jpg\" alt=\"\" class=\"wp-image-251272\" style=\"width:330px;height:auto\" srcset=\"https:\/\/tucomarca.whitekongsoftware.com\/wp-content\/uploads\/2025\/01\/MompoFitur25_2-683x1024.jpg 683w, https:\/\/tucomarca.whitekongsoftware.com\/wp-content\/uploads\/2025\/01\/MompoFitur25_2-200x300.jpg 200w, https:\/\/tucomarca.whitekongsoftware.com\/wp-content\/uploads\/2025\/01\/MompoFitur25_2-768x1152.jpg 768w, https:\/\/tucomarca.whitekongsoftware.com\/wp-content\/uploads\/2025\/01\/MompoFitur25_2-1024x1536.jpg 1024w, https:\/\/tucomarca.whitekongsoftware.com\/wp-content\/uploads\/2025\/01\/MompoFitur25_2-1365x2048.jpg 1365w, https:\/\/tucomarca.whitekongsoftware.com\/wp-content\/uploads\/2025\/01\/MompoFitur25_2-scaled.jpg 1706w\" sizes=\"auto, (max-width: 683px) 100vw, 683px\" \/><\/figure>\n<\/div>\n\n\n<p class=\"wp-block-paragraph\">Vicent Momp\u00f3 ha fet refer\u00e8ncia a la delicada situaci\u00f3 per la qual travessa la prov\u00edncia, especialment els municipis afectats per la DANA de finals d&#8217;octubre. \u201cEsta Diputaci\u00f3 \u00e9s la instituci\u00f3 m\u00e9s pr\u00f2xima als municipis i ho demostra des de qualsevol de les seues \u00e0rees i \u00e0mbits d&#8217;actuaci\u00f3. El turisme \u00e9s un sector molt important per al nostre territori i tamb\u00e9 ac\u00ed hav\u00edem de ser especialment sensibles amb els que m\u00e9s estan patint i adaptar els recursos dels quals disposem a les necessitats de les zones afectades, pensant en ajuntaments, mancomunitats i empreses del sector\u201d.<\/p>\n\n\n\n<p class=\"wp-block-paragraph\">La intenci\u00f3 de la Diputaci\u00f3 i de la seua marca Val\u00e8ncia Turisme, en paraules del president, \u00e9s \u201ctreballar en una reconstrucci\u00f3 tur\u00edstica, en coordinaci\u00f3 amb la Generalitat i aprofitant els fons que ens arriben d&#8217;Europa, per a reparar i condicionar com m\u00e9s prompte millor els espais naturals i els equipaments amb major afectaci\u00f3 i posar-los a la disposici\u00f3 dels visitants\u201d. Per a aix\u00f2, la corporaci\u00f3 anuncia una inversi\u00f3 de m\u00e9s de dos milions d&#8217;euros, finan\u00e7ats amb fons Next Generation, per a la recuperaci\u00f3 d&#8217;\u00e0rees de descans o recreatives i zones de bany de l&#8217;interior de la prov\u00edncia, als quals se sumen altres 300.000 euros de fons propis per a recuperar itineraris i rutes tur\u00edstiques o senderistes en els municipis afectats.<\/p>\n\n\n\n<p class=\"wp-block-paragraph\"><strong>Hub Intel\u00b7ligent i Encontre de Municipis Tur\u00edstics<\/strong><\/p>\n\n\n\n<p class=\"wp-block-paragraph\">En este tipus d&#8217;accions adquirix especial rellev\u00e0ncia l&#8217;aigua, un element vertebrador que tamb\u00e9 \u00e9s l&#8217;eix d&#8217;una de les grans novetats presentades per Val\u00e8ncia Turisme, com \u00e9s la creaci\u00f3 d&#8217;un Hub Intel\u00b7ligent Territorial de Sostenibilitat Tur\u00edstica. El president Momp\u00f3 ha explicat, davant alcaldes, alcaldesses, empreses del sector i mitjans de comunicaci\u00f3 despla\u00e7ats fins a la capital, \u201cel potencial d&#8217;este projecte que posa en valor l&#8217;oferta tur\u00edstica de la prov\u00edncia associada a l&#8217;aigua, amb la tecnologia com a principal ferramenta per a processar tota la informaci\u00f3 obtinguda de sensors, estad\u00edstiques i les nostres pr\u00f2pies fonts per a utilitzar-la de manera eficient, redistribuint els fluxos i evitant la degradaci\u00f3 dels recursos naturals\u201d.<\/p>\n\n\n\n<p class=\"wp-block-paragraph\">Vicent Momp\u00f3 ha anunciat tamb\u00e9 la creaci\u00f3 d&#8217;un club de Turisme Gastron\u00f2mic que busca cohesionar a les empreses d&#8217;allotjament i restauraci\u00f3 amb el producte de cada dest\u00ed, una iniciativa que comptar\u00e0 amb la col\u00b7laboraci\u00f3, en mat\u00e8ria formativa, d&#8217;Asindown i el seu projecte \u2018La Mare que va\u2019 i la Federaci\u00f3 d&#8217;Hostaleria de Val\u00e8ncia.<\/p>\n\n\n\n<p class=\"wp-block-paragraph\">Finalment, el president provincial, acompanyat per les vicepresidentes Nat\u00e0lia Enguix i Reme Mazzolari i una nodrida representaci\u00f3 de diputades i diputats, ha avan\u00e7at la celebraci\u00f3 del primer Encontre de Municipis Tur\u00edstics de la prov\u00edncia de Val\u00e8ncia, una jornada dirigida a responsables i t\u00e8cnics locals amb activitats sobre digitalitzaci\u00f3 i sostenibilitat i solucions a problem\u00e0tiques comunes com poden ser les sinergies entre destins.<\/p>\n\n\n<div class=\"wp-block-image\">\n<figure class=\"alignleft size-large is-resized\"><img loading=\"lazy\" decoding=\"async\" width=\"1024\" height=\"683\" src=\"http:\/\/www.tucomarca.com\/wordpress\/segunda\/wp-content\/uploads\/2025\/01\/PedroCuestaFitur25-1024x683.jpg\" alt=\"\" class=\"wp-image-251278\" style=\"width:324px;height:auto\" srcset=\"https:\/\/tucomarca.whitekongsoftware.com\/wp-content\/uploads\/2025\/01\/PedroCuestaFitur25-1024x683.jpg 1024w, https:\/\/tucomarca.whitekongsoftware.com\/wp-content\/uploads\/2025\/01\/PedroCuestaFitur25-300x200.jpg 300w, https:\/\/tucomarca.whitekongsoftware.com\/wp-content\/uploads\/2025\/01\/PedroCuestaFitur25-768x512.jpg 768w, https:\/\/tucomarca.whitekongsoftware.com\/wp-content\/uploads\/2025\/01\/PedroCuestaFitur25-1536x1024.jpg 1536w, https:\/\/tucomarca.whitekongsoftware.com\/wp-content\/uploads\/2025\/01\/PedroCuestaFitur25-2048x1365.jpg 2048w\" sizes=\"auto, (max-width: 1024px) 100vw, 1024px\" \/><\/figure>\n<\/div>\n\n\n<p class=\"wp-block-paragraph\"><strong>Humanitat i professionalitat<\/strong><\/p>\n\n\n\n<p class=\"wp-block-paragraph\">El diputat Pedro Cuesta ha repassat l&#8217;activitat de Val\u00e8ncia Turisme en Fitur, amb 40 presentacions per a professionals; 21 demostracions gastron\u00f2miques locals; 11 activitats folkl\u00f2riques; tallers infantils i visites virtuals; l&#8217;actualitzaci\u00f3 dels cat\u00e0legs d&#8217;Experi\u00e8ncies Tur\u00edstiques i de Fem Poble; i pres\u00e8ncia en espais tem\u00e0tics de la fira de refer\u00e8ncia en el sector, cas de Fitur Screen, a trav\u00e9s de Film Val\u00e8ncia, Fitur LGTB+ i Fitur Sports, en este \u00faltim per primera vegada. Una variada oferta que, sumada a les subvencions \u2018Impulsem Turisme\u2019 que es mantenen en r\u00e8gim de concurr\u00e8ncia competitiva, \u201cmantenen la solidesa dels destins valencians, refor\u00e7ada per la participaci\u00f3 de la marca de la Diputaci\u00f3 en fires i mercats nacionals i internacionals\u201d.<\/p>\n\n\n\n<p class=\"wp-block-paragraph\">Cuesta s&#8217;ha detingut en l&#8217;esl\u00f2gan d&#8217;enguany, \u2018Et mereixes Val\u00e8ncia\u2019, per a destacar \u201cl&#8217;ess\u00e8ncia d&#8217;una estrat\u00e8gia tur\u00edstica que es basa en la humanitat i la professionalitat a l&#8217;hora d&#8217;apostar pel futur de les nostres poblacions, tant les de litoral com les d&#8217;interior\u201d. El punt de partida de la humanitat, m\u00e9s necessari que mai en un territori arrasat en part per una dana, \u00e9s \u201cel motor que ens impulsa per a buscar noves f\u00f3rmules i iniciatives que reactiven el turisme i l&#8217;activitat econ\u00f2mica dels nostres municipis\u201d, apunta Pedro Cuesta.<\/p>\n\n\n\n<p class=\"wp-block-paragraph\"><strong>Nous reconeixements<\/strong><\/p>\n\n\n\n<p class=\"wp-block-paragraph\">El diputat ha introdu\u00eft aix\u00ed les novetats en mat\u00e8ria de promoci\u00f3 i creaci\u00f3 de productes tur\u00edstics, entre les quals destaca la primera edici\u00f3 dels Reconeixements Diputaci\u00f3 de Val\u00e8ncia als municipis, ciutats i empreses que m\u00e9s aposten per la sostenibilitat tur\u00edstica, amb modalitats en dest\u00ed de costa, dest\u00ed d&#8217;interior i empresa tur\u00edstica. Tamb\u00e9 s&#8217;atorgaran els Premis Film Val\u00e8ncia de v\u00eddeos de promoci\u00f3 tur\u00edstica municipal i comarcal, en el marc de l&#8217;estrat\u00e8gia per a posicionar la prov\u00edncia com a escenari de rodatges.<\/p>\n\n\n\n<p class=\"wp-block-paragraph\">A m\u00e9s de les novetats, cas del Hub per a equilibrar fluxos, els reconeixements al turisme sostenible i la producci\u00f3 audiovisual i la pres\u00e8ncia en nous \u00e0mbits d&#8217;activitat tur\u00edstica, la marca de la Diputaci\u00f3 continuar\u00e0 impulsant \u2018Fem Poble. Turisme contra la Despoblaci\u00f3\u2019, amb noves subvencions per a estos consistoris d&#8217;interior; el desenvolupament de viatges perqu\u00e8 premsa i agents coneguen els destins valencians; i programes com \u2018Birding per l\u2019Interior\u2019, d&#8217;observaci\u00f3 d&#8217;aus, i \u2018Fem Cam\u00ed\u2019, en col\u00b7laboraci\u00f3 amb la Federaci\u00f3 d&#8217;Esports de Muntanya i Escalada de la Comunitat Valenciana.<\/p>\n\n\n\n<figure class=\"wp-block-image size-large is-resized\"><img loading=\"lazy\" decoding=\"async\" width=\"1024\" height=\"683\" src=\"http:\/\/www.tucomarca.com\/wordpress\/segunda\/wp-content\/uploads\/2025\/01\/Fiturgrupo25-1024x683.jpg\" alt=\"\" class=\"wp-image-251273\" style=\"width:828px;height:auto\" srcset=\"https:\/\/tucomarca.whitekongsoftware.com\/wp-content\/uploads\/2025\/01\/Fiturgrupo25-1024x683.jpg 1024w, https:\/\/tucomarca.whitekongsoftware.com\/wp-content\/uploads\/2025\/01\/Fiturgrupo25-300x200.jpg 300w, https:\/\/tucomarca.whitekongsoftware.com\/wp-content\/uploads\/2025\/01\/Fiturgrupo25-768x512.jpg 768w, https:\/\/tucomarca.whitekongsoftware.com\/wp-content\/uploads\/2025\/01\/Fiturgrupo25-1536x1024.jpg 1536w, https:\/\/tucomarca.whitekongsoftware.com\/wp-content\/uploads\/2025\/01\/Fiturgrupo25-2048x1365.jpg 2048w\" sizes=\"auto, (max-width: 1024px) 100vw, 1024px\" \/><\/figure>\n","protected":false},"excerpt":{"rendered":"<div class=\"mh-excerpt\">El president de la Diputaci\u00f3 de Val\u00e8ncia, Vicent Momp\u00f3, i el diputat de Turisme, Pedro Cuesta, han presentat en el certamen internacional de Madrid les l\u00ednies d&#8217;actuaci\u00f3 per a 2025, \u201cadaptades a les necessitats dels <a class=\"mh-excerpt-more\" href=\"https:\/\/tucomarca.whitekongsoftware.com\/ca\/la-diputacio-anima-a-tots-els-visitants-de-fitur-a-descobrir-la-provincia-sota-leslogan-daquesta-edicio-es-mereixen-valencia\/\" title=\"La Diputaci\u00f3 anima a tots els visitants de Fitur a descobrir la prov\u00edncia sota l\u2019esl\u00f2gan d&#8217;aquesta edici\u00f3: \u2018Et mereixes Val\u00e8ncia\u2019\">[+] <\/a><\/div>\n","protected":false},"author":1,"featured_media":251276,"comment_status":"open","ping_status":"open","sticky":false,"template":"","format":"gallery","meta":{"footnotes":""},"categories":[10898,10894,10904,10903,11007,10947,10896],"tags":[11246,12962,11404,18825,16563],"class_list":["post-251280","post","type-post","status-publish","format-gallery","has-post-thumbnail","category-ventana-ca","category-la-comarca-ca","category-sin-categorizar-ca","category-medio-ambiente-la-comarca-ca","category-ocio-y-cultura-ca","category-politica","category-seccion-ca","tag-diputacio-de-valencia-ca","tag-turismo-ca","tag-valencia-turisme-ca","tag-vicent-mompo-ca","tag-vicente-mompo-ca","post_format-post-format-gallery"],"_links":{"self":[{"href":"https:\/\/tucomarca.whitekongsoftware.com\/ca\/wp-json\/wp\/v2\/posts\/251280","targetHints":{"allow":["GET"]}}],"collection":[{"href":"https:\/\/tucomarca.whitekongsoftware.com\/ca\/wp-json\/wp\/v2\/posts"}],"about":[{"href":"https:\/\/tucomarca.whitekongsoftware.com\/ca\/wp-json\/wp\/v2\/types\/post"}],"author":[{"embeddable":true,"href":"https:\/\/tucomarca.whitekongsoftware.com\/ca\/wp-json\/wp\/v2\/users\/1"}],"replies":[{"embeddable":true,"href":"https:\/\/tucomarca.whitekongsoftware.com\/ca\/wp-json\/wp\/v2\/comments?post=251280"}],"version-history":[{"count":0,"href":"https:\/\/tucomarca.whitekongsoftware.com\/ca\/wp-json\/wp\/v2\/posts\/251280\/revisions"}],"wp:featuredmedia":[{"embeddable":true,"href":"https:\/\/tucomarca.whitekongsoftware.com\/ca\/wp-json\/wp\/v2\/media\/251276"}],"wp:attachment":[{"href":"https:\/\/tucomarca.whitekongsoftware.com\/ca\/wp-json\/wp\/v2\/media?parent=251280"}],"wp:term":[{"taxonomy":"category","embeddable":true,"href":"https:\/\/tucomarca.whitekongsoftware.com\/ca\/wp-json\/wp\/v2\/categories?post=251280"},{"taxonomy":"post_tag","embeddable":true,"href":"https:\/\/tucomarca.whitekongsoftware.com\/ca\/wp-json\/wp\/v2\/tags?post=251280"}],"curies":[{"name":"wp","href":"https:\/\/api.w.org\/{rel}","templated":true}]}}