{"id":251253,"date":"2025-01-22T12:10:00","date_gmt":"2025-01-22T11:10:00","guid":{"rendered":"https:\/\/www.tucomarca.com\/wordpress\/segunda\/?p=251253"},"modified":"2025-01-22T20:42:23","modified_gmt":"2025-01-22T19:42:23","slug":"la-conselleria-de-sanitat-impulsa-lampliacio-de-nous-espais-dassistencia-a-betera","status":"publish","type":"post","link":"https:\/\/tucomarca.whitekongsoftware.com\/ca\/la-conselleria-de-sanitat-impulsa-lampliacio-de-nous-espais-dassistencia-a-betera\/","title":{"rendered":"La Conselleria de Sanitat impulsa l&#8217;ampliaci\u00f3 de nous espais d&#8217;assist\u00e8ncia a B\u00e9tera"},"content":{"rendered":"\n<h3 class=\"wp-block-heading\">S&#8217;est\u00e0 redactant el projecte d&#8217;execuci\u00f3 del futur&nbsp;consultori auxiliar en la zona sud del municipi<\/h3>\n\n\n\n<h3 class=\"wp-block-heading\">Es preveu l&#8217;ampliaci\u00f3 del centre de salut que anir\u00e0 destinada, entre altres, al Punt d&#8217;Atenci\u00f3 Continuada, que comptar\u00e0 amb Radiologia; a&nbsp;Rehabilitaci\u00f3 i a l&#8217;\u00e0rea Assistencial d&#8217;Infermeria Obst\u00e8trica&nbsp;<\/h3>\n\n\n\n<p class=\"wp-block-paragraph\">La Conselleria de Sanitat impulsa l&#8217;ampliaci\u00f3 de nous espais d&#8217;assist\u00e8ncia sanit\u00e0ria en el municipi de B\u00e9tera, en col\u00b7laboraci\u00f3 amb el Consistori. Aix\u00ed ho ha anunciat hui el conseller de Sanitat, Marciano G\u00f3mez, acompanyat per l&#8217;alcaldessa de B\u00e9tera, Elia Verdev\u00edo.&nbsp;<\/p>\n\n\n\n<p class=\"wp-block-paragraph\">En concret, es preveu la construcci\u00f3, per part de l&#8217;Ajuntament, del consultori auxiliar en la zona sud del municipi; i per part de la Conselleria, de la seua dotaci\u00f3 de material i de recursos humans, a m\u00e9s de l&#8217;ampliaci\u00f3 de l&#8217;actual centre de salut.<\/p>\n\n\n\n<p class=\"wp-block-paragraph\">Marciano G\u00f3mez ha assenyalat que \u201cel comprom\u00eds de la Generalitat amb el municipi de B\u00e9tera en mat\u00e8ria sanit\u00e0ria \u00e9s ferma i en el dia de hui aix\u00ed li ho volem transmetre a la ciutadania\u201d.<\/p>\n\n\n\n<p class=\"wp-block-paragraph\">Quant al consultori auxiliar, el conseller de Sanitat ha explicat que l&#8217;objectiu d&#8217;aquestes noves infraestructures \u00e9s \u201cdotar d&#8217;un equipament m\u00e8dic a una zona allunyada del nucli urb\u00e0 i amb una densitat de poblaci\u00f3 elevada que demanda major dotaci\u00f3 d&#8217;instal\u00b7lacions p\u00fabliques, la majoria actualment situades en el propi nucli urb\u00e0\u201d. \u201cLa construcci\u00f3 d&#8217;aquest edifici permetr\u00e0 alliberar d&#8217;espai al centre de salut de B\u00e9tera i descentralitzar l&#8217;assist\u00e8ncia sanit\u00e0ria per a acostar-la a major quantitat de poblaci\u00f3\u201d, ha afegit.<\/p>\n\n\n\n<p class=\"wp-block-paragraph\">El futur consultori estar\u00e0 situat en una parcel\u00b7la de m\u00e9s de 5.600 metres quadrats, que han visitat el conseller i l&#8217;alcaldessa del municipi, i en aquests moments s&#8217;est\u00e0 redactant el projecte d&#8217;execuci\u00f3.<\/p>\n\n\n\n<p class=\"wp-block-paragraph\">La Conselleria de Sanitat dotar\u00e0 a aquesta nova infraestructura sanit\u00e0ria d&#8217;una \u00e0rea de Medicina de Fam\u00edlia, amb 4 consultes de facultatius i altres 4 d&#8217;infermeria, a m\u00e9s d&#8217;una consulta polivalent (treballador social, residents\u2026). Una \u00e0rea de Pediatria amb dues consultes de pediatra i una d&#8217;infermeria. Disposar\u00e0 tamb\u00e9 d&#8217;una \u00e0rea d&#8217;Extraccions-Tractaments amb una sala de capellans avan\u00e7ada i una altra d&#8217;extraccions.&nbsp;<\/p>\n\n\n\n<p class=\"wp-block-paragraph\">Les usu\u00e0ries d&#8217;aquest consultori tamb\u00e9 comptaran amb una \u00e0rea d&#8217;Atenci\u00f3 a la Dona que inclou consulta de matrona i una \u00e0rea d&#8217;activitats grupals destinada a gimn\u00e0s i educaci\u00f3 sanit\u00e0ria. L&#8217;\u00e0rea Administrativa estar\u00e0 composta de sala de reunions, vestuaris i lavabo amb dutxa per a professionals i l&#8217;\u00e0rea de Recepci\u00f3 amb dos punts d&#8217;atenci\u00f3.<\/p>\n\n\n\n<p class=\"wp-block-paragraph\"><strong>Radiologia, com a novetat<\/strong><\/p>\n\n\n\n<p class=\"wp-block-paragraph\">D&#8217;altra banda, el titular de Sanitat i l&#8217;alcaldessa de B\u00e9tera han visitat el centre de salut, en el qual la Conselleria preveu realitzar una ampliaci\u00f3 que anir\u00e0 destinada, entre altres, al Punt d&#8217;Atenci\u00f3 Continuada (PAC), que comptar\u00e0 com a novetat amb Radiologia; a l&#8217;\u00e0rea de Rehabilitaci\u00f3 i a l&#8217;\u00e0rea Assistencial d&#8217;Infermeria Obst\u00e8trica.<\/p>\n\n\n\n<p class=\"wp-block-paragraph\">Amb aquesta ampliaci\u00f3 est\u00e0 previst que en l&#8217;\u00e0rea de Rehabilitaci\u00f3 es dispose, a m\u00e9s de consultes espec\u00edfiques, d&#8217;un gimn\u00e0s i una \u00e0rea de vestuaris. Quant a l&#8217;\u00e0rea Assist\u00e8ncia d&#8217;Infermeria Obst\u00e8trica, es preveu gimn\u00e0s i una sala polivalent per a la realitzaci\u00f3 d&#8217;activitats grupals per la matrona (preparaci\u00f3 al part, educaci\u00f3 maternal, tallers de lact\u00e0ncia, etc.)<\/p>\n\n\n\n<p class=\"wp-block-paragraph\">En aquest sentit, Marciano G\u00f3mez ha assenyalat que actualment, \u201cels t\u00e8cnics de l&#8217;Ajuntament i de la Conselleria estan treballant en la tramitaci\u00f3 corresponent per a agilitzar aquesta necess\u00e0ria ampliaci\u00f3 que suposar\u00e0 comptar amb m\u00e9s espai assistencial, la qual cosa beneficiaria en el dia a dia del treball que desenvolupen els seus professionals i en un major confort en l&#8217;assist\u00e8ncia als pacients\u201d.&nbsp;<\/p>\n\n\n\n<p class=\"wp-block-paragraph\">El centre de salut de B\u00e9tera \u00e9s el centre de refer\u00e8ncia de la zona b\u00e0sica de B\u00e9tera que compta amb els consultoris auxiliars de N\u00e0quera i Serra; acull l&#8217;activitat d&#8217;Atenci\u00f3 Prim\u00e0ria corresponent a la seua zona b\u00e0sica i un Punt d&#8217;Atenci\u00f3 Continuada (PAC). A m\u00e9s, compta amb servei de Odontopedia-tr\u00eda i&nbsp;<br>Rehabilitaci\u00f3. T\u00e9 una poblaci\u00f3 assignada de 24.152 usuaris, amb 14 m\u00e9-dicos de fam\u00edlia i 5 pediatres.<\/p>\n","protected":false},"excerpt":{"rendered":"<div class=\"mh-excerpt\">S&#8217;est\u00e0 redactant el projecte d&#8217;execuci\u00f3 del futur&nbsp;consultori auxiliar en la zona sud del municipi Es preveu l&#8217;ampliaci\u00f3 del centre de salut que anir\u00e0 destinada, entre altres, al Punt d&#8217;Atenci\u00f3 Continuada, que comptar\u00e0 amb Radiologia; a&nbsp;Rehabilitaci\u00f3 <a class=\"mh-excerpt-more\" href=\"https:\/\/tucomarca.whitekongsoftware.com\/ca\/la-conselleria-de-sanitat-impulsa-lampliacio-de-nous-espais-dassistencia-a-betera\/\" title=\"La Conselleria de Sanitat impulsa l&#8217;ampliaci\u00f3 de nous espais d&#8217;assist\u00e8ncia a B\u00e9tera\">[+] <\/a><\/div>\n","protected":false},"author":12,"featured_media":251251,"comment_status":"open","ping_status":"open","sticky":false,"template":"","format":"standard","meta":{"footnotes":""},"categories":[10937,10892,11010,10898,10894,10904,10896],"tags":[11202,10899,11199,11338],"class_list":["post-251253","post","type-post","status-publish","format-standard","has-post-thumbnail","category-betera-ca","category-camp-de-turia-ca","category-canal-salud","category-ventana-ca","category-la-comarca-ca","category-sin-categorizar-ca","category-seccion-ca","tag-betera-ca","tag-camp-de-turia-ca","tag-la-comunitat-ca","tag-sanidad-ca"],"_links":{"self":[{"href":"https:\/\/tucomarca.whitekongsoftware.com\/ca\/wp-json\/wp\/v2\/posts\/251253","targetHints":{"allow":["GET"]}}],"collection":[{"href":"https:\/\/tucomarca.whitekongsoftware.com\/ca\/wp-json\/wp\/v2\/posts"}],"about":[{"href":"https:\/\/tucomarca.whitekongsoftware.com\/ca\/wp-json\/wp\/v2\/types\/post"}],"author":[{"embeddable":true,"href":"https:\/\/tucomarca.whitekongsoftware.com\/ca\/wp-json\/wp\/v2\/users\/12"}],"replies":[{"embeddable":true,"href":"https:\/\/tucomarca.whitekongsoftware.com\/ca\/wp-json\/wp\/v2\/comments?post=251253"}],"version-history":[{"count":0,"href":"https:\/\/tucomarca.whitekongsoftware.com\/ca\/wp-json\/wp\/v2\/posts\/251253\/revisions"}],"wp:featuredmedia":[{"embeddable":true,"href":"https:\/\/tucomarca.whitekongsoftware.com\/ca\/wp-json\/wp\/v2\/media\/251251"}],"wp:attachment":[{"href":"https:\/\/tucomarca.whitekongsoftware.com\/ca\/wp-json\/wp\/v2\/media?parent=251253"}],"wp:term":[{"taxonomy":"category","embeddable":true,"href":"https:\/\/tucomarca.whitekongsoftware.com\/ca\/wp-json\/wp\/v2\/categories?post=251253"},{"taxonomy":"post_tag","embeddable":true,"href":"https:\/\/tucomarca.whitekongsoftware.com\/ca\/wp-json\/wp\/v2\/tags?post=251253"}],"curies":[{"name":"wp","href":"https:\/\/api.w.org\/{rel}","templated":true}]}}