{"id":251217,"date":"2025-01-22T11:00:00","date_gmt":"2025-01-22T10:00:00","guid":{"rendered":"https:\/\/www.tucomarca.com\/wordpress\/segunda\/?p=251217"},"modified":"2025-01-22T13:15:10","modified_gmt":"2025-01-22T12:15:10","slug":"la-generalitat-inicia-les-obres-de-reconstruccio-del-pont-i-els-accessos-al-circuit-ricardo-tormo-de-cheste-danyats-per-les-inundacions","status":"publish","type":"post","link":"https:\/\/tucomarca.whitekongsoftware.com\/ca\/la-generalitat-inicia-les-obres-de-reconstruccio-del-pont-i-els-accessos-al-circuit-ricardo-tormo-de-cheste-danyats-per-les-inundacions\/","title":{"rendered":"La Generalitat inicia les obres de reconstrucci\u00f3 del pont i els accessos al Circuit Ricardo Tormo de Cheste danyats per les inundacions"},"content":{"rendered":"\n<h3 class=\"wp-block-heading\">El cost de la recuperaci\u00f3, que du a terme la Conselleria de Medi Ambient, Infraestructures i Territori, ascendix a un mili\u00f3 d\u2019euros<\/h3>\n\n\n\n<h3 class=\"wp-block-heading\">A Cheste, la Generalitat tamb\u00e9 est\u00e0 executant les obres de rehabilitaci\u00f3 de dos ponts danyats en la CV-50<\/h3>\n\n\n\n<p class=\"wp-block-paragraph\">La Generalitat ja ha iniciat les obres de reconstrucci\u00f3 del pont i els accessos al Circuit Ricardo Tormo de Cheste, en el barranc de la Sechara, que van resultar greument afectats per les inundacions que van tindre lloc el mes d\u2019octubre passat. La Conselleria de Medi Ambient, Infraestructures i Territori du a terme estes actuacions, el cost total de les quals ascendix a un mili\u00f3 d\u2019euros.<\/p>\n\n\n\n<p class=\"wp-block-paragraph\">El projecte preveu obres importants en els accessos al Circuit Ricardo Tormo, com la reparaci\u00f3 del pont sobre el barranc de la Sechera, l\u2019estructura en el cam\u00ed perimetral i un gual inundable en l\u2019acc\u00e9s 14. Estes intervencions tenen com a objectiu optimitzar l\u2019acc\u00e9s al circuit i la zona d\u2019aparcament, ja que actualment l\u2019acc\u00e9s principal i el gual s\u00f3n impracticables.<\/p>\n\n\n\n<p class=\"wp-block-paragraph\">Estos treballs de reconstrucci\u00f3 formen part del pla \u2018Recuperem Val\u00e8ncia\u2019 i s\u2019inicien despr\u00e9s que la Generalitat haja assumit les compet\u00e8ncies necess\u00e0ries per a dur a terme la rehabilitaci\u00f3 d\u2019infraestructures en 25 municipis afectats, entre les quals hi ha el pont i els accessos al circuit de Cheste.<\/p>\n\n\n\n<p class=\"wp-block-paragraph\">El pla de recuperaci\u00f3 de carreteres, ponts i passarel\u00b7les locals acordat per la Conselleria de Medi Ambient, Infraestructures i Territori amb el Ministeri de Transports i Mobilitat Sostenible preveu l\u2019execuci\u00f3, per part de la Generalitat, d\u2019aproximadament mig centenar d\u2019intervencions en infraestructures locals, a causa de les dificultats dels municipis per a assumir els treballs i la necessitat de dur-los a terme com m\u00e9s prompte millor.<\/p>\n\n\n\n<p class=\"wp-block-paragraph\">Segons l\u2019acord del Consell, la Generalitat s\u2019encarregar\u00e0 de la recuperaci\u00f3 d\u2019estructures en els municipis d\u2019Albal, Alc\u00e0sser, Aldaia, Bugarra, Calles, Cheste, Chera, Chiva, Gestalgar, Godelleta, Loriguilla, Macastre, Massanassa, Montserrat, Pedralba, Picassent, Requena, Siete Aguas, Sinarcas, Sot de Chera i Torrent. A m\u00e9s, en les localitats d\u2019Algemes\u00ed, Beniparrell, Bu\u00f1ol i Catarroja, la responsabilitat de les obres es compartir\u00e0 entre l\u2019Administraci\u00f3 auton\u00f2mica i l\u2019estatal.<\/p>\n\n\n\n<p class=\"wp-block-paragraph\"><strong>Actuacions a Cheste<\/strong><\/p>\n\n\n\n<p class=\"wp-block-paragraph\">A m\u00e9s dels accessos al circuit, la Conselleria tamb\u00e9 est\u00e0 executant a Cheste les obres de rehabilitaci\u00f3 dels dos ponts de la carretera CV-50 situats en els PK 74+000 i 76+200. Estos ponts, que connecten el municipi de Cheste amb l\u2019A-3, van patir danys greus a causa de les inundacions. Per a recuperar-los, s\u2019ha assignat un pressupost de 8.748.000 euros.<\/p>\n\n\n\n<p class=\"wp-block-paragraph\">Mentres s\u2019executen les obres, el termini de finalitzaci\u00f3 de les quals s\u2019estima en deu mesos, la Conselleria de Medi Ambient ha habilitat un desviament provisional per a millorar la connexi\u00f3 i la flu\u00efdesa del tr\u00e0nsit en la zona. Este desviament provisional substitu\u00efx el pont que va instal\u00b7lar la Unitat Militar d\u2019Emerg\u00e8ncies el mes de desembre passat.<\/p>\n","protected":false},"excerpt":{"rendered":"<div class=\"mh-excerpt\">El cost de la recuperaci\u00f3, que du a terme la Conselleria de Medi Ambient, Infraestructures i Territori, ascendix a un mili\u00f3 d\u2019euros A Cheste, la Generalitat tamb\u00e9 est\u00e0 executant les obres de rehabilitaci\u00f3 de dos <a class=\"mh-excerpt-more\" href=\"https:\/\/tucomarca.whitekongsoftware.com\/ca\/la-generalitat-inicia-les-obres-de-reconstruccio-del-pont-i-els-accessos-al-circuit-ricardo-tormo-de-cheste-danyats-per-les-inundacions\/\" title=\"La Generalitat inicia les obres de reconstrucci\u00f3 del pont i els accessos al Circuit Ricardo Tormo de Cheste danyats per les inundacions\">[+] <\/a><\/div>\n","protected":false},"author":12,"featured_media":251215,"comment_status":"open","ping_status":"open","sticky":false,"template":"","format":"standard","meta":{"footnotes":""},"categories":[21466,10904,10912,10974],"tags":[11071,15409,11199,10914],"class_list":["post-251217","post","type-post","status-publish","format-standard","has-post-thumbnail","category-dana-ca","category-sin-categorizar-ca","category-la-hoya-ca","category-cheste-ca","tag-cheste","tag-dana-2-ca","tag-la-comunitat-ca","tag-la-hoya-de-bunol-chiva-ca"],"_links":{"self":[{"href":"https:\/\/tucomarca.whitekongsoftware.com\/ca\/wp-json\/wp\/v2\/posts\/251217","targetHints":{"allow":["GET"]}}],"collection":[{"href":"https:\/\/tucomarca.whitekongsoftware.com\/ca\/wp-json\/wp\/v2\/posts"}],"about":[{"href":"https:\/\/tucomarca.whitekongsoftware.com\/ca\/wp-json\/wp\/v2\/types\/post"}],"author":[{"embeddable":true,"href":"https:\/\/tucomarca.whitekongsoftware.com\/ca\/wp-json\/wp\/v2\/users\/12"}],"replies":[{"embeddable":true,"href":"https:\/\/tucomarca.whitekongsoftware.com\/ca\/wp-json\/wp\/v2\/comments?post=251217"}],"version-history":[{"count":0,"href":"https:\/\/tucomarca.whitekongsoftware.com\/ca\/wp-json\/wp\/v2\/posts\/251217\/revisions"}],"wp:featuredmedia":[{"embeddable":true,"href":"https:\/\/tucomarca.whitekongsoftware.com\/ca\/wp-json\/wp\/v2\/media\/251215"}],"wp:attachment":[{"href":"https:\/\/tucomarca.whitekongsoftware.com\/ca\/wp-json\/wp\/v2\/media?parent=251217"}],"wp:term":[{"taxonomy":"category","embeddable":true,"href":"https:\/\/tucomarca.whitekongsoftware.com\/ca\/wp-json\/wp\/v2\/categories?post=251217"},{"taxonomy":"post_tag","embeddable":true,"href":"https:\/\/tucomarca.whitekongsoftware.com\/ca\/wp-json\/wp\/v2\/tags?post=251217"}],"curies":[{"name":"wp","href":"https:\/\/api.w.org\/{rel}","templated":true}]}}