{"id":251196,"date":"2025-01-22T12:00:00","date_gmt":"2025-01-22T11:00:00","guid":{"rendered":"https:\/\/www.tucomarca.com\/wordpress\/segunda\/?p=251196"},"modified":"2025-01-22T12:55:35","modified_gmt":"2025-01-22T11:55:35","slug":"la-generalitat-acorda-amb-la-mancomunitat-de-la-foia-de-bunyol-xiva-millores-en-el-servei-dautobus-i-una-major-coordinacio-amb-renfe","status":"publish","type":"post","link":"https:\/\/tucomarca.whitekongsoftware.com\/ca\/la-generalitat-acorda-amb-la-mancomunitat-de-la-foia-de-bunyol-xiva-millores-en-el-servei-dautobus-i-una-major-coordinacio-amb-renfe\/","title":{"rendered":"La Generalitat acorda amb la Mancomunitat de la Foia de Bunyol-Xiva millores en el servei d&#8217;autob\u00fas i una major coordinaci\u00f3 amb Renfe"},"content":{"rendered":"\n<h3 class=\"wp-block-heading\">Mart\u00ednez Mus confirma que s&#8217;introduiran modificacions en el nou contracte de transport per carretera per a adaptar-ho a les necessitats dels municipis<\/h3>\n\n\n\n<h3 class=\"wp-block-heading\">El titular d&#8217;Infraestructures aposta per una major oferta de serveis d&#8217;autob\u00fas substitutius de Renfe per a evitar la saturaci\u00f3 de l\u00ednies amb passatgers de Rodalia<\/h3>\n\n\n\n<p class=\"wp-block-paragraph\">El conseller de Medi Ambient, Infraestructures i Territori, Vicente Mart\u00ednez Mus ha anunciat un acord entre la Generalitat i la Mancomunitat de la Foia de Bunyol-Xiva per a introduir millores en el servei d&#8217;autob\u00fas auton\u00f2mic que at\u00e9n aquestes poblacions i una major coordinaci\u00f3 amb els serveis substitutius de Renfe.<\/p>\n\n\n\n<p class=\"wp-block-paragraph\">El passat 27 de desembre va entrar en servei el nou corredor d&#8217;autob\u00fas CV-107, que uneix Val\u00e8ncia amb la Foia de Bunyol. Es tracta d&#8217;un contracte que t\u00e9 una duraci\u00f3 de 10 anys i un pressupost d&#8217;adjudicaci\u00f3 de m\u00e9s de 20 milions d&#8217;euros \u201cen el qual s&#8217;introduiran modificacions despr\u00e9s de detectar-se problemes puntuals en horaris i itineraris i possibles millores durant els primers dies de servei\u201d, ha destacat Mart\u00ednez Mus.<\/p>\n\n\n\n<p class=\"wp-block-paragraph\">El titular d&#8217;Infraestructures ha remarcat que el nou contracte \u201cmillora en un 20% l&#8217;anterior concessi\u00f3 i en aquestes primeres setmanes l&#8217;objectiu \u00e9s adaptar-lo de la millor manera possible perqu\u00e8 durant la d\u00e8cada vinent funcione de la millor manera possible\u201d. Mart\u00ednez Mus ha recordat que \u201cdes del punt de vista ambiental, s&#8217;ha apostat per l&#8217;electrificaci\u00f3 de la flota, amb la incorporaci\u00f3 de set vehicles el\u00e8ctrics d&#8217;un total de 18 i ha advocat per buscar el millor mitj\u00e0 per a cada ruta i les seues circumst\u00e0ncies\u201d.<\/p>\n\n\n\n<p class=\"wp-block-paragraph\">El servei s&#8217;estructura en 16 l\u00ednies, amb 83 expedicions en dies laborables, 26 expedicions en dissabtes i 16 en diumenges i festius. Els municipis atesos s\u00f3n Alboraig, Aldaia, Bunyol, Xest, Xiva, Cortes de Pallars, Godelleta, Macastre, Manises, Mislata, Loriguilla, Quart de Poblet, Riba-roja de T\u00faria, Setaig\u00fces, Tor\u00eds i I\u00e0tova.<\/p>\n\n\n\n<p class=\"wp-block-paragraph\">Gran part d&#8217;aquestes poblacions eren ateses per la l\u00ednia C-3 de Rodalia de Renfe, que va quedar inoperativa per les riuades i estar\u00e0 inoperativa diversos mesos. \u201cHi ha hagut un trasp\u00e0s de passatgers, la qual cosa ha portat a la congesti\u00f3 de les l\u00ednies d&#8217;autob\u00fas auton\u00f2miques\u201d, ha incidit Mart\u00ednez Mus. D&#8217;altra banda, ha advocat per una major oferta d&#8217;aquest servei substitutiu i millorar la comunicaci\u00f3.<\/p>\n\n\n\n<p class=\"wp-block-paragraph\">En aquest sentit, el titular d&#8217;Infraestructures ha remarcat que aquesta situaci\u00f3 ja s&#8217;ha abordat en el Grup de Resposta Immediata d&#8217;Infraestructures en el qual participa la Generalitat i el Govern i que s&#8217;analitzen mesures per a \u201cmillorar la coordinaci\u00f3 amb els serveis substitutius de Renfe per a evitar la saturaci\u00f3\u201d.<a><\/a><\/p>\n","protected":false},"excerpt":{"rendered":"<div class=\"mh-excerpt\">Mart\u00ednez Mus confirma que s&#8217;introduiran modificacions en el nou contracte de transport per carretera per a adaptar-ho a les necessitats dels municipis El titular d&#8217;Infraestructures aposta per una major oferta de serveis d&#8217;autob\u00fas substitutius de <a class=\"mh-excerpt-more\" href=\"https:\/\/tucomarca.whitekongsoftware.com\/ca\/la-generalitat-acorda-amb-la-mancomunitat-de-la-foia-de-bunyol-xiva-millores-en-el-servei-dautobus-i-una-major-coordinacio-amb-renfe\/\" title=\"La Generalitat acorda amb la Mancomunitat de la Foia de Bunyol-Xiva millores en el servei d&#8217;autob\u00fas i una major coordinaci\u00f3 amb Renfe\">[+] <\/a><\/div>\n","protected":false},"author":12,"featured_media":251194,"comment_status":"open","ping_status":"open","sticky":false,"template":"","format":"standard","meta":{"footnotes":""},"categories":[10951,10973,10911,10892,10953,10898,10977,10980,10948,10894,10912,10902,10931,10978,10947,10906,10896,10979,11047,10974,10975],"tags":[11224,11216,10913,10899,11071,11195,11230,11087,12903,10914,11077,11431,11144,11514,11102,11157,21815,11093,11141],"class_list":["post-251196","post","type-post","status-publish","format-standard","has-post-thumbnail","category-ayora-cofrentes-ca","category-alborache-ca","category-bunol-ca","category-camp-de-turia-ca","category-cortes-de-pallas-ca","category-ventana-ca","category-godelleta-ca","category-yatova-ca","category-infraestructuras-ca","category-la-comarca-ca","category-la-hoya-ca","category-la-ribera-ca","category-loriguilla-ca","category-macastre-ca","category-politica","category-riba-roja-ca","category-seccion-ca","category-siete-aguas-ca","category-turis-ca","category-cheste-ca","category-chiva-ca","tag-alborache-ca","tag-ayora-cofrentes-ca","tag-bunol-ca","tag-camp-de-turia-ca","tag-cheste","tag-chiva-ca","tag-cortes-de-pallas-ca","tag-godelleta-ca","tag-infraestructuras-ca","tag-la-hoya-de-bunol-chiva-ca","tag-la-ribera-alta-ca","tag-loriguilla-ca","tag-macastre-ca","tag-mancomunidad-de-la-hoya-de-bunol-chiva-ca","tag-riba-roja-2-ca","tag-siete-aguas-ca","tag-transportes-ca","tag-turis-ca","tag-yatova-ca"],"_links":{"self":[{"href":"https:\/\/tucomarca.whitekongsoftware.com\/ca\/wp-json\/wp\/v2\/posts\/251196","targetHints":{"allow":["GET"]}}],"collection":[{"href":"https:\/\/tucomarca.whitekongsoftware.com\/ca\/wp-json\/wp\/v2\/posts"}],"about":[{"href":"https:\/\/tucomarca.whitekongsoftware.com\/ca\/wp-json\/wp\/v2\/types\/post"}],"author":[{"embeddable":true,"href":"https:\/\/tucomarca.whitekongsoftware.com\/ca\/wp-json\/wp\/v2\/users\/12"}],"replies":[{"embeddable":true,"href":"https:\/\/tucomarca.whitekongsoftware.com\/ca\/wp-json\/wp\/v2\/comments?post=251196"}],"version-history":[{"count":0,"href":"https:\/\/tucomarca.whitekongsoftware.com\/ca\/wp-json\/wp\/v2\/posts\/251196\/revisions"}],"wp:featuredmedia":[{"embeddable":true,"href":"https:\/\/tucomarca.whitekongsoftware.com\/ca\/wp-json\/wp\/v2\/media\/251194"}],"wp:attachment":[{"href":"https:\/\/tucomarca.whitekongsoftware.com\/ca\/wp-json\/wp\/v2\/media?parent=251196"}],"wp:term":[{"taxonomy":"category","embeddable":true,"href":"https:\/\/tucomarca.whitekongsoftware.com\/ca\/wp-json\/wp\/v2\/categories?post=251196"},{"taxonomy":"post_tag","embeddable":true,"href":"https:\/\/tucomarca.whitekongsoftware.com\/ca\/wp-json\/wp\/v2\/tags?post=251196"}],"curies":[{"name":"wp","href":"https:\/\/api.w.org\/{rel}","templated":true}]}}