{"id":251098,"date":"2025-01-21T09:00:00","date_gmt":"2025-01-21T08:00:00","guid":{"rendered":"https:\/\/www.tucomarca.com\/wordpress\/segunda\/?p=251098"},"modified":"2025-01-21T18:08:15","modified_gmt":"2025-01-21T17:08:15","slug":"la-sala-raga-acull-la-presentacio-de-carceller-la-satira-enfront-de-la-intolerancia-homenatge-a-leditor-i-periodista-republica","status":"publish","type":"post","link":"https:\/\/tucomarca.whitekongsoftware.com\/ca\/la-sala-raga-acull-la-presentacio-de-carceller-la-satira-enfront-de-la-intolerancia-homenatge-a-leditor-i-periodista-republica\/","title":{"rendered":"La Sala Raga acull la presentaci\u00f3 de &#8220;Carceller, la s\u00e0tira enfront de la intoler\u00e0ncia&#8221;, homenatge a l&#8217;editor i periodista republic\u00e0"},"content":{"rendered":"\n<p class=\"wp-block-paragraph\">La Sala Raga de la Biblioteca Municipal ha acollit aquest passat divendres la presentaci\u00f3 del llibre&nbsp;Carceller, la s\u00e0tira enfront de la intoler\u00e0ncia, una obra que ret homenatge a Vicente Miguel Carceller, destacat editor i periodista republic\u00e0.<\/p>\n\n\n\n<p class=\"wp-block-paragraph\">Aquest relat gr\u00e0fic, narrat en llenguatge de c\u00f2mic per Fernando Larrauri i Juanfer Briones, va ser introdu\u00eft per Carlos Xerri, que va donar pas a la intervenci\u00f3 dels mateixos autors.<\/p>\n\n\n\n<figure class=\"wp-block-gallery has-nested-images columns-default is-cropped wp-block-gallery-1 is-layout-flex wp-block-gallery-is-layout-flex\">\n<figure class=\"wp-block-image size-large\"><img loading=\"lazy\" decoding=\"async\" width=\"1024\" height=\"682\" data-id=\"251090\" src=\"https:\/\/www.tucomarca.com\/wordpress\/segunda\/wp-content\/uploads\/2025\/01\/LibroEU03-1024x682.jpg\" alt=\"\" class=\"wp-image-251090\" srcset=\"https:\/\/tucomarca.whitekongsoftware.com\/wp-content\/uploads\/2025\/01\/LibroEU03-1024x682.jpg 1024w, https:\/\/tucomarca.whitekongsoftware.com\/wp-content\/uploads\/2025\/01\/LibroEU03-300x200.jpg 300w, https:\/\/tucomarca.whitekongsoftware.com\/wp-content\/uploads\/2025\/01\/LibroEU03-768x512.jpg 768w, https:\/\/tucomarca.whitekongsoftware.com\/wp-content\/uploads\/2025\/01\/LibroEU03.jpg 1181w\" sizes=\"auto, (max-width: 1024px) 100vw, 1024px\" \/><\/figure>\n\n\n\n<figure class=\"wp-block-image size-large\"><img loading=\"lazy\" decoding=\"async\" width=\"1024\" height=\"682\" data-id=\"251089\" src=\"https:\/\/www.tucomarca.com\/wordpress\/segunda\/wp-content\/uploads\/2025\/01\/LibroEU02-1024x682.jpg\" alt=\"\" class=\"wp-image-251089\" srcset=\"https:\/\/tucomarca.whitekongsoftware.com\/wp-content\/uploads\/2025\/01\/LibroEU02-1024x682.jpg 1024w, https:\/\/tucomarca.whitekongsoftware.com\/wp-content\/uploads\/2025\/01\/LibroEU02-300x200.jpg 300w, https:\/\/tucomarca.whitekongsoftware.com\/wp-content\/uploads\/2025\/01\/LibroEU02-768x512.jpg 768w, https:\/\/tucomarca.whitekongsoftware.com\/wp-content\/uploads\/2025\/01\/LibroEU02.jpg 1181w\" sizes=\"auto, (max-width: 1024px) 100vw, 1024px\" \/><\/figure>\n<\/figure>\n\n\n\n<p class=\"wp-block-paragraph\">La presentaci\u00f3 del llibre, organitzada per PSOE, IAB, EUPV, PCE i Podemos, pret\u00e9n mantindre viva la mem\u00f2ria democr\u00e0tica de Carceller i la seua lluita per la democr\u00e0cia i la Rep\u00fablica.<\/p>\n\n\n\n<p class=\"wp-block-paragraph\">La publicaci\u00f3 s&#8217;endinsa en la vida de Carceller, director i editor de la c\u00e8lebre revista sat\u00edrica&nbsp;La Traca. La publicaci\u00f3, que va tindre una enorme popularitat en les primeres d\u00e8cades del segle XX, va desapar\u00e9ixer en 1940 despr\u00e9s de l&#8217;assassinat de Carceller i el seu principal dibuixant a les mans de la dictadura franquista.<\/p>\n\n\n\n<p class=\"wp-block-paragraph\">A trav\u00e9s d&#8217;aquesta obra, s&#8217;explora l&#8217;agitada vida pol\u00edtica de l&#8217;\u00e8poca i es reivindica la figura de Carceller, un home d&#8217;origen humil que va utilitzar el periodisme sat\u00edric com a eina per a denunciar les injust\u00edcies de la monarquia i l&#8217;esgl\u00e9sia. Militant de l&#8217;ala esquerra del Partit Republic\u00e0 de Blasco Ib\u00e1\u00f1ez, Carceller va defensar amb valentia els seus ideals republicans des de les p\u00e0gines de&nbsp;La Traca&nbsp;i altres publicacions sat\u00edriques.<\/p>\n\n\n\n<p class=\"wp-block-paragraph\"><strong>Fotos: Jos\u00e9 Luis Mont\u00f3n<\/strong><\/p>\n","protected":false},"excerpt":{"rendered":"<div class=\"mh-excerpt\">La Sala Raga de la Biblioteca Municipal ha acollit aquest passat divendres la presentaci\u00f3 del llibre&nbsp;Carceller, la s\u00e0tira enfront de la intoler\u00e0ncia, una obra que ret homenatge a Vicente Miguel Carceller, destacat editor i periodista <a class=\"mh-excerpt-more\" href=\"https:\/\/tucomarca.whitekongsoftware.com\/ca\/la-sala-raga-acull-la-presentacio-de-carceller-la-satira-enfront-de-la-intolerancia-homenatge-a-leditor-i-periodista-republica\/\" title=\"La Sala Raga acull la presentaci\u00f3 de &#8220;Carceller, la s\u00e0tira enfront de la intoler\u00e0ncia&#8221;, homenatge a l&#8217;editor i periodista republic\u00e0\">[+] <\/a><\/div>\n","protected":false},"author":12,"featured_media":251096,"comment_status":"open","ping_status":"open","sticky":false,"template":"","format":"gallery","meta":{"footnotes":""},"categories":[10911,10894,10912,11007,10947,10896],"tags":[10913,10914,21811],"class_list":["post-251098","post","type-post","status-publish","format-gallery","has-post-thumbnail","category-bunol-ca","category-la-comarca-ca","category-la-hoya-ca","category-ocio-y-cultura-ca","category-politica","category-seccion-ca","tag-bunol-ca","tag-la-hoya-de-bunol-chiva-ca","tag-vicente-miguel-carceller-ca","post_format-post-format-gallery"],"_links":{"self":[{"href":"https:\/\/tucomarca.whitekongsoftware.com\/ca\/wp-json\/wp\/v2\/posts\/251098","targetHints":{"allow":["GET"]}}],"collection":[{"href":"https:\/\/tucomarca.whitekongsoftware.com\/ca\/wp-json\/wp\/v2\/posts"}],"about":[{"href":"https:\/\/tucomarca.whitekongsoftware.com\/ca\/wp-json\/wp\/v2\/types\/post"}],"author":[{"embeddable":true,"href":"https:\/\/tucomarca.whitekongsoftware.com\/ca\/wp-json\/wp\/v2\/users\/12"}],"replies":[{"embeddable":true,"href":"https:\/\/tucomarca.whitekongsoftware.com\/ca\/wp-json\/wp\/v2\/comments?post=251098"}],"version-history":[{"count":0,"href":"https:\/\/tucomarca.whitekongsoftware.com\/ca\/wp-json\/wp\/v2\/posts\/251098\/revisions"}],"wp:featuredmedia":[{"embeddable":true,"href":"https:\/\/tucomarca.whitekongsoftware.com\/ca\/wp-json\/wp\/v2\/media\/251096"}],"wp:attachment":[{"href":"https:\/\/tucomarca.whitekongsoftware.com\/ca\/wp-json\/wp\/v2\/media?parent=251098"}],"wp:term":[{"taxonomy":"category","embeddable":true,"href":"https:\/\/tucomarca.whitekongsoftware.com\/ca\/wp-json\/wp\/v2\/categories?post=251098"},{"taxonomy":"post_tag","embeddable":true,"href":"https:\/\/tucomarca.whitekongsoftware.com\/ca\/wp-json\/wp\/v2\/tags?post=251098"}],"curies":[{"name":"wp","href":"https:\/\/api.w.org\/{rel}","templated":true}]}}