{"id":250997,"date":"2025-01-20T10:05:00","date_gmt":"2025-01-20T09:05:00","guid":{"rendered":"https:\/\/www.tucomarca.com\/wordpress\/segunda\/?p=250997"},"modified":"2025-01-20T20:32:47","modified_gmt":"2025-01-20T19:32:47","slug":"la-diputacio-de-valencia-demana-al-govern-que-incloga-com-afectats-per-la-dana-a-28-municipis-mes","status":"publish","type":"post","link":"https:\/\/tucomarca.whitekongsoftware.com\/ca\/la-diputacio-de-valencia-demana-al-govern-que-incloga-com-afectats-per-la-dana-a-28-municipis-mes\/","title":{"rendered":"La Diputaci\u00f3 de Val\u00e8ncia demana al Govern que incloga com afectats per la dana a 28 municipis m\u00e9s"},"content":{"rendered":"\n<h3 class=\"wp-block-heading\">El diputat delegat de Fons Europeus, Juan Ram\u00f3n Adsuara, sol\u00b7licita l&#8217;ampliaci\u00f3 de la llista de municipis afectats decretada per l&#8217;executiu el 5 de novembre, amb la finalitat que reben les ajudes estatals i europees.<\/h3>\n\n\n\n<h3 class=\"wp-block-heading\">Argumenta en una carta dirigida a la delegada del Govern que el llistat no arreplega a tots els ajuntaments que van patir danys per la riuada, i que la Generalitat s\u00ed que els ha anats incorporant en els seus decrets.\u00a0<\/h3>\n\n\n\n<p class=\"wp-block-paragraph\">La Diputaci\u00f3 de Val\u00e8ncia ha sol\u00b7licitat de manera formal al Govern d&#8217;Espanya la inclusi\u00f3 de 28 noves localitats de la prov\u00edncia en el llistat de municipis afectats per la dana que va aprovar l&#8217;executiu central el passat 5 de novembre en el Reial decret llei 6\/2024. En l&#8217;annex del document, elaborat pocs dies despr\u00e9s de la cat\u00e0strofe i que no ha tornat a ser actualitzat, s\u00f3n 75 els municipis amb la condici\u00f3 d&#8217;afectats per les inundacions.<\/p>\n\n\n\n<p class=\"wp-block-paragraph\">A trav\u00e9s d&#8217;una carta dirigida a la delegada del Govern en la Comunitat Valenciana, Pilar Bernab\u00e9, el diputat provincial de Fons Europeus, Juan Ram\u00f3n Adsuara, assegura que el llistat del Reial decret no arreplega a tots els municipis afectats per la dana, creant-se una difer\u00e8ncia i desigualtat territorial respecte als que s\u00ed que tenen eixa consideraci\u00f3. El reconeixement de les 28 localitats proposades els donaria la possibilitat d&#8217;accedir a diferents ajudes estatals i europees.<\/p>\n\n\n\n<p class=\"wp-block-paragraph\">\u201cConsidere imprescindible que les ajudes arriben de manera equitativa a totes les localitats que han patit l&#8217;impacte d&#8217;este fenomen meteorol\u00f2gic extraordinari, garantint aix\u00ed la igualtat d&#8217;oportunitats en la recuperaci\u00f3 econ\u00f2mica i social de tots els municipis afectats\u201d, afirma Adsuara en el seu ofici de petici\u00f3, en el qual trasllada la preocupaci\u00f3 que li han manifestat nombrosos representants i ve\u00efns dels pobles exclosos.<\/p>\n\n\n\n<p class=\"wp-block-paragraph\">El diputat provincial sost\u00e9 que, donada la situaci\u00f3 ca\u00f2tica que es va viure durant els dies posteriors a la cat\u00e0strofe, resulta comprensible que el llistat no fora fidedigne amb la realitat en un primer moment. Per\u00f2 considera que, despr\u00e9s de l&#8217;emissi\u00f3 de diversos informes t\u00e8cnics durant les setmanes seg\u00fcents, com el de la C\u00e1mara Valencia del 22 de novembre, en els quals es constata que diversos municipis greument afectats no han sigut contemplats en el llistat, no resulta justificable la no actualitzaci\u00f3 del decret. Aix\u00f2 deixa a nombroses fam\u00edlies, agricultors, xicotets empresaris i administracions locals en una situaci\u00f3 d&#8217;especial vulnerabilitat i desigualtat.<\/p>\n\n\n\n<p class=\"wp-block-paragraph\">De fet, Juan Ram\u00f3n Adsuara, en nom de la Diputaci\u00f3 de Val\u00e8ncia, posa com a exemple les ampliacions que s\u00ed que ha dut a terme la Generalitat en dos ocasions, el 19 de novembre i el 16 de desembre, despr\u00e9s del llistat inicial elaborat el 4 de novembre.<\/p>\n\n\n\n<p class=\"wp-block-paragraph\"><strong>Els 28 municipis no inclosos<\/strong><\/p>\n\n\n\n<p class=\"wp-block-paragraph\">Per a la Diputaci\u00f3 de Val\u00e8ncia \u00e9s imprescindible que el Govern d&#8217;Espanya incloga en la seua llista de municipis amb la consideraci\u00f3 d&#8217;afectats per la dana a Alberic, Barxeta, Benaguasil, Benimodo, Carcaixent, Castell\u00f3, Castielfabib, Chulilla, l&#8217;\u00c9nova, Manuel, Millars, La Pobla Llarga, Rafelguaraf, Senyera, Tous, Aras de los Olmos, Benag\u00e9ber, Benimuslem, Casinos, Chelva, Gavarda, Losa del Obispo, Massalav\u00e9s, Sant Joanet, Titaguas, Tu\u00e9jar, Villar del Arzobispo i Xeraco, que complixen els criteris establits per a accedir a les diferents ajudes.<\/p>\n\n\n\n<p class=\"wp-block-paragraph\">Tots ells s\u00ed que s\u00f3n considerats com afectats per les inundacions pel govern de la Generalitat Valenciana.<\/p>\n","protected":false},"excerpt":{"rendered":"<div class=\"mh-excerpt\">El diputat delegat de Fons Europeus, Juan Ram\u00f3n Adsuara, sol\u00b7licita l&#8217;ampliaci\u00f3 de la llista de municipis afectats decretada per l&#8217;executiu el 5 de novembre, amb la finalitat que reben les ajudes estatals i europees. Argumenta <a class=\"mh-excerpt-more\" href=\"https:\/\/tucomarca.whitekongsoftware.com\/ca\/la-diputacio-de-valencia-demana-al-govern-que-incloga-com-afectats-per-la-dana-a-28-municipis-mes\/\" title=\"La Diputaci\u00f3 de Val\u00e8ncia demana al Govern que incloga com afectats per la dana a 28 municipis m\u00e9s\">[+] <\/a><\/div>\n","protected":false},"author":12,"featured_media":250995,"comment_status":"open","ping_status":"open","sticky":false,"template":"","format":"standard","meta":{"footnotes":""},"categories":[21466,10898,10948,10894,10904,10903,10947,10896,10897],"tags":[15409,11246],"class_list":["post-250997","post","type-post","status-publish","format-standard","has-post-thumbnail","category-dana-ca","category-ventana-ca","category-infraestructuras-ca","category-la-comarca-ca","category-sin-categorizar-ca","category-medio-ambiente-la-comarca-ca","category-politica","category-seccion-ca","category-sucesos-la-comarca-ca","tag-dana-2-ca","tag-diputacio-de-valencia-ca"],"_links":{"self":[{"href":"https:\/\/tucomarca.whitekongsoftware.com\/ca\/wp-json\/wp\/v2\/posts\/250997","targetHints":{"allow":["GET"]}}],"collection":[{"href":"https:\/\/tucomarca.whitekongsoftware.com\/ca\/wp-json\/wp\/v2\/posts"}],"about":[{"href":"https:\/\/tucomarca.whitekongsoftware.com\/ca\/wp-json\/wp\/v2\/types\/post"}],"author":[{"embeddable":true,"href":"https:\/\/tucomarca.whitekongsoftware.com\/ca\/wp-json\/wp\/v2\/users\/12"}],"replies":[{"embeddable":true,"href":"https:\/\/tucomarca.whitekongsoftware.com\/ca\/wp-json\/wp\/v2\/comments?post=250997"}],"version-history":[{"count":0,"href":"https:\/\/tucomarca.whitekongsoftware.com\/ca\/wp-json\/wp\/v2\/posts\/250997\/revisions"}],"wp:featuredmedia":[{"embeddable":true,"href":"https:\/\/tucomarca.whitekongsoftware.com\/ca\/wp-json\/wp\/v2\/media\/250995"}],"wp:attachment":[{"href":"https:\/\/tucomarca.whitekongsoftware.com\/ca\/wp-json\/wp\/v2\/media?parent=250997"}],"wp:term":[{"taxonomy":"category","embeddable":true,"href":"https:\/\/tucomarca.whitekongsoftware.com\/ca\/wp-json\/wp\/v2\/categories?post=250997"},{"taxonomy":"post_tag","embeddable":true,"href":"https:\/\/tucomarca.whitekongsoftware.com\/ca\/wp-json\/wp\/v2\/tags?post=250997"}],"curies":[{"name":"wp","href":"https:\/\/api.w.org\/{rel}","templated":true}]}}