{"id":250915,"date":"2025-01-20T10:50:00","date_gmt":"2025-01-20T09:50:00","guid":{"rendered":"https:\/\/www.tucomarca.com\/wordpress\/segunda\/?p=250915"},"modified":"2025-01-20T20:01:55","modified_gmt":"2025-01-20T19:01:55","slug":"la-diputacio-de-valencia-porta-a-fitur-2025-loferta-turistica-de-la-provincia-juntament-amb-33-municipis-i-6-mancomunitats","status":"publish","type":"post","link":"https:\/\/tucomarca.whitekongsoftware.com\/ca\/la-diputacio-de-valencia-porta-a-fitur-2025-loferta-turistica-de-la-provincia-juntament-amb-33-municipis-i-6-mancomunitats\/","title":{"rendered":"La Diputaci\u00f3 de Val\u00e8ncia porta a FITUR 2025 l&#8217;oferta tur\u00edstica de la prov\u00edncia juntament amb 33 municipis i 6 mancomunitats"},"content":{"rendered":"\n<h3 class=\"wp-block-heading\">La corporaci\u00f3 aglutinar\u00e0 durant el certamen m\u00e9s de 40 presentacions per a professionals i 21 demostracions gastron\u00f2miques locals, a m\u00e9s d&#8217;11 activitats folkl\u00f2riques, tallers infantils i visites virtuals, aix\u00ed com l&#8217;acci\u00f3 d&#8217;empreses dedicades a activitats tur\u00edstiques de la prov\u00edncia.<\/h3>\n\n\n\n<h3 class=\"wp-block-heading\">El diputat de Turisme, Pedro Cuesta, destaca \u201cl\u2019extensa agenda d&#8217;accions promocionals i professionals\u201d programades des del primer dia de fira, en el qual la Diputaci\u00f3 celebrar\u00e0 el dia de la prov\u00edncia de Val\u00e8ncia i presentar\u00e0 les novetats de la seua oferta tur\u00edstica per a enguany.<\/h3>\n\n\n\n<p class=\"wp-block-paragraph\">La Diputaci\u00f3 de Val\u00e8ncia, en col\u00b7laboraci\u00f3 amb 33 municipis i 6 mancomunitats de la prov\u00edncia, portaran del 22 al 26 de gener l&#8217;oferta tur\u00edstica de la prov\u00edncia a la Fira Internacional de Turisme de Madrid (FITUR) 2025, que se celebrar\u00e0 esta setmana en el recinte firal IFEMA.<\/p>\n\n\n\n<p class=\"wp-block-paragraph\">El diputat de Turisme de la corporaci\u00f3, Pedro Cuesta, ha manifestat que l&#8217;\u00e0rea provincial de Turisme est\u00e0 ultimant la participaci\u00f3 en la fira en coordinaci\u00f3 amb els municipis i les mancomunitats, tamb\u00e9 amb Turisme Comunitat Valenciana, per a desenvolupar una \u201cextensa agenda d&#8217;accions promocionals i professionals amb les quals promocionar l&#8217;oferta tur\u00edstica del nostre territori\u201d, aix\u00ed com la presentaci\u00f3 de les principals novetats per a enguany que realitzar\u00e0 la Diputaci\u00f3 de Val\u00e8ncia el dimecres 22 de gener, en la pla\u00e7a central de l&#8217;estand de la Comunitat Valenciana.<\/p>\n\n\n\n<p class=\"wp-block-paragraph\">La corporaci\u00f3 ha preparat un complet programa de participaci\u00f3 en FITUR que aglutinar\u00e0 m\u00e9s de 40 presentacions per a professionals i 21 demostracions gastron\u00f2miques locals des del primer dia i durant tots els dies del certamen dedicats a professionals del sector, a m\u00e9s de l&#8217;acci\u00f3 d&#8217;empreses dedicades a activitats tur\u00edstiques de la prov\u00edncia. A aix\u00f2 s&#8217;afegiran 11 activitats folkl\u00f2riques, tallers infantils i visites virtuals el cap de setmana, en el qual la fira s&#8217;obri al p\u00fablic general.&nbsp;<\/p>\n\n\n\n<p class=\"wp-block-paragraph\">Els municipis participants en esta edici\u00f3 de FITUR s\u00f3n: Albalat dels Tarongers, Canet d&#8217;en Berenguer, Sagunt, B\u00e9tera, Ll\u00edria, N\u00e0quera, Riba-roja de T\u00faria, Vilamarxant, X\u00e0tiva, Bu\u00f1ol, Alzira, Carcaixent, Cullera, El Perell\u00f3, Sueca, Gandia, La Font d&#8217;en Carr\u00f2s, Oliva, Piles, Tavernes de la Valldigna, Xeraco, Bocairent, Ontinyent, Alboraia, El Puig de Santa Maria, Manises, Meliana, Pu\u00e7ol, Torrent, Requena, Ayora, Cofrentes i Jalance. A m\u00e9s acudixen les mancomunitats de la Canal de Navarr\u00e9s, la Vall d&#8217;Albaida, Turisme Carraixet (Mancomunitat del Carraixet), Tierra Bobal (Mancomunidad del Interior-Tierra del Vino) i l&#8217;Horta Sud, aix\u00ed com el Consorci de la Ribera (Ribera del X\u00faquer).<\/p>\n\n\n\n<figure class=\"wp-block-image size-large\"><img loading=\"lazy\" decoding=\"async\" width=\"1024\" height=\"584\" src=\"http:\/\/www.tucomarca.com\/wordpress\/segunda\/wp-content\/uploads\/2025\/01\/25-01-24Fitur2-1024x584.jpg\" alt=\"\" class=\"wp-image-250911\" srcset=\"https:\/\/tucomarca.whitekongsoftware.com\/wp-content\/uploads\/2025\/01\/25-01-24Fitur2-1024x584.jpg 1024w, https:\/\/tucomarca.whitekongsoftware.com\/wp-content\/uploads\/2025\/01\/25-01-24Fitur2-300x171.jpg 300w, https:\/\/tucomarca.whitekongsoftware.com\/wp-content\/uploads\/2025\/01\/25-01-24Fitur2-768x438.jpg 768w, https:\/\/tucomarca.whitekongsoftware.com\/wp-content\/uploads\/2025\/01\/25-01-24Fitur2.jpg 1181w\" sizes=\"auto, (max-width: 1024px) 100vw, 1024px\" \/><\/figure>\n\n\n\n<p class=\"wp-block-paragraph\"><strong>Presentacions i <em>showcookings<\/em><\/strong><\/p>\n\n\n\n<p class=\"wp-block-paragraph\">La Diputaci\u00f3 de Val\u00e8ncia comptar\u00e0 en el certamen internacional, al qual acudix amb l&#8217;esl\u00f2gan \u2018Te mereces Valencia\u2019, amb un espai global de treball de 142 metres quadrats, dedicats a la promoci\u00f3 tur\u00edstica de tots els municipis de la prov\u00edncia mitjan\u00e7ant l\u2019aparador de la seua marca tur\u00edstica Val\u00e8ncia Turisme, amb 12 taules de reunions per als destins de la prov\u00edncia.<\/p>\n\n\n\n<p class=\"wp-block-paragraph\">Entre les accions programades es troben les presentacions professionals de: el projecte \u2018O-City\u2019 de Riba-roja de T\u00faria, la marca tur\u00edstica i Fira de la Tomaca del Perell\u00f3, el 50 aniversari del Concurs Internacional de Fideu\u00e0 de Gandia, les \u2018Nits al Castell\u2019 de X\u00e0tiva, el Cicle Internacional de M\u00fasica \u2018Nits a l\u2019Ermita\u2019 de La Vall d&#8217;Albaida, la Volta Ciclista al Camp de Morvedre, les Festes de Moros i Cristians d&#8217;Ontinyent (declarades Festes d&#8217;Inter\u00e9s Tur\u00edstic Internacional) o les novetats d\u2019enguay de \u2018Fiescrem\u2019, la \u2018Fira de l\u00b4Esmorzar i del Cremaet\u2019 de Xeraco.<\/p>\n\n\n\n<p class=\"wp-block-paragraph\">Tamb\u00e9 es donar\u00e0 a con\u00e9ixer la digitalitzaci\u00f3 per al rescat de la mem\u00f2ria de tres museus arrasats per la dana a l&#8217;Horta Sud, el producte tur\u00edstic \u2018Ll\u00edria Weekend Experience\u2019, el nou espot promocional de Cullera, el projecte de posada en valor del Cam\u00ed de Santiago de Sagunt, la nova edici\u00f3 de la Fira Modernista de Carcaixent, el Festival \u2018Miradors de l&#8217;Horta\u2019, el projecte \u2018La Ribera Accessible\u2019, la Ruta del Santo Grial d&#8217;Albalat dels Tarongers, l&#8217;App \u2018El Secreto de Ayora\u2019 i el projecte del Centre d&#8217;Interpretaci\u00f3 de Jaume I, Hist\u00f2ria i Llegat del Puig de Santa Maria, entre moltes altres presentacions.<\/p>\n\n\n\n<p class=\"wp-block-paragraph\">D&#8217;altra banda, els <em>showcookings<\/em> es realitzaran al voltant de productes i elaboracions culin\u00e0ries significatius de la gastronomia valenciana, tant tradicional com actual, com s\u00f3n el \u2018cremaet\u2019, les coques de dacsa, la fideu\u00e0, l\u2019arr\u00f2s al forn, la paella de fetge de bou i la paella valenciana tradicional, els vins, el xocolate, el cava, l&#8217;orxata artesana, l&#8217;arr\u00f2s en les seues diverses elaboracions locals i els productes de l&#8217;horta, entre altres.&nbsp;<\/p>\n\n\n\n<p class=\"wp-block-paragraph\">Quant a activitats de dinamitzaci\u00f3 previstes per al cap de setmana, es reconvertir\u00e0 l&#8217;espai dedicat a les empreses en les jornades anteriors per a acollir activitats infantils, tallers per als m\u00e9s xicotets sobre el Mosaic Nolla a c\u00e0rrec del municipi de Meliana i la proposta \u2018Gandia Brilla\u2019.&nbsp;<\/p>\n\n\n\n<p class=\"wp-block-paragraph\"><strong>Espais tematitzats<\/strong><\/p>\n\n\n\n<p class=\"wp-block-paragraph\">A m\u00e9s del programa d&#8217;accions a celebrar en el propi estand, la Diputaci\u00f3 tamb\u00e9 aposta en esta edici\u00f3 de FITUR per la pres\u00e8ncia en els espais tematitzats del certamen Fitur Screen, amb la seua plataforma Film Valencia en l&#8217;estand de la Spain Film Commission, que agrupar\u00e0 a totes les <em>film commission<\/em> i <em>film office<\/em> d&#8217;Espanya; Fitur LGTB+, per a promocionar l&#8217;oferta tur\u00edstica espec\u00edfica de turisme LGBT+ de la prov\u00edncia; i enguany, per primera vegada, en Fitur Sports&nbsp; amb un espai propi.<\/p>\n","protected":false},"excerpt":{"rendered":"<div class=\"mh-excerpt\">La corporaci\u00f3 aglutinar\u00e0 durant el certamen m\u00e9s de 40 presentacions per a professionals i 21 demostracions gastron\u00f2miques locals, a m\u00e9s d&#8217;11 activitats folkl\u00f2riques, tallers infantils i visites virtuals, aix\u00ed com l&#8217;acci\u00f3 d&#8217;empreses dedicades a activitats <a class=\"mh-excerpt-more\" href=\"https:\/\/tucomarca.whitekongsoftware.com\/ca\/la-diputacio-de-valencia-porta-a-fitur-2025-loferta-turistica-de-la-provincia-juntament-amb-33-municipis-i-6-mancomunitats\/\" title=\"La Diputaci\u00f3 de Val\u00e8ncia porta a FITUR 2025 l&#8217;oferta tur\u00edstica de la prov\u00edncia juntament amb 33 municipis i 6 mancomunitats\">[+] <\/a><\/div>\n","protected":false},"author":12,"featured_media":250909,"comment_status":"open","ping_status":"open","sticky":false,"template":"","format":"standard","meta":{"footnotes":""},"categories":[10898,10948,10894,10904,11007,10947,10896],"tags":[11246,21808],"class_list":["post-250915","post","type-post","status-publish","format-standard","has-post-thumbnail","category-ventana-ca","category-infraestructuras-ca","category-la-comarca-ca","category-sin-categorizar-ca","category-ocio-y-cultura-ca","category-politica","category-seccion-ca","tag-diputacio-de-valencia-ca","tag-fitur-2025-ca"],"_links":{"self":[{"href":"https:\/\/tucomarca.whitekongsoftware.com\/ca\/wp-json\/wp\/v2\/posts\/250915","targetHints":{"allow":["GET"]}}],"collection":[{"href":"https:\/\/tucomarca.whitekongsoftware.com\/ca\/wp-json\/wp\/v2\/posts"}],"about":[{"href":"https:\/\/tucomarca.whitekongsoftware.com\/ca\/wp-json\/wp\/v2\/types\/post"}],"author":[{"embeddable":true,"href":"https:\/\/tucomarca.whitekongsoftware.com\/ca\/wp-json\/wp\/v2\/users\/12"}],"replies":[{"embeddable":true,"href":"https:\/\/tucomarca.whitekongsoftware.com\/ca\/wp-json\/wp\/v2\/comments?post=250915"}],"version-history":[{"count":0,"href":"https:\/\/tucomarca.whitekongsoftware.com\/ca\/wp-json\/wp\/v2\/posts\/250915\/revisions"}],"wp:featuredmedia":[{"embeddable":true,"href":"https:\/\/tucomarca.whitekongsoftware.com\/ca\/wp-json\/wp\/v2\/media\/250909"}],"wp:attachment":[{"href":"https:\/\/tucomarca.whitekongsoftware.com\/ca\/wp-json\/wp\/v2\/media?parent=250915"}],"wp:term":[{"taxonomy":"category","embeddable":true,"href":"https:\/\/tucomarca.whitekongsoftware.com\/ca\/wp-json\/wp\/v2\/categories?post=250915"},{"taxonomy":"post_tag","embeddable":true,"href":"https:\/\/tucomarca.whitekongsoftware.com\/ca\/wp-json\/wp\/v2\/tags?post=250915"}],"curies":[{"name":"wp","href":"https:\/\/api.w.org\/{rel}","templated":true}]}}