{"id":250846,"date":"2025-01-20T10:00:00","date_gmt":"2025-01-20T09:00:00","guid":{"rendered":"https:\/\/www.tucomarca.com\/wordpress\/segunda\/?p=250846"},"modified":"2025-01-20T19:44:16","modified_gmt":"2025-01-20T18:44:16","slug":"la-generalitat-ja-ha-retirat-70-000-vehicles-de-les-zones-afectades-per-les-inundacions","status":"publish","type":"post","link":"https:\/\/tucomarca.whitekongsoftware.com\/ca\/la-generalitat-ja-ha-retirat-70-000-vehicles-de-les-zones-afectades-per-les-inundacions\/","title":{"rendered":"La Generalitat ja ha retirat 70.000 vehicles de les zones afectades per les inundacions"},"content":{"rendered":"\n<h3 class=\"wp-block-heading\">Suposa prop del 60% del total de vehicles sinistrats.<\/h3>\n\n\n\n<h3 class=\"wp-block-heading\">La principal campa de Catarroja i el punt de Picassent on va apilar la Generalitat ja han sigut buidats de cotxes.<\/h3>\n\n\n<div class=\"wp-block-image\">\n<figure class=\"alignleft size-large is-resized\"><img loading=\"lazy\" decoding=\"async\" width=\"1024\" height=\"768\" src=\"http:\/\/www.tucomarca.com\/wordpress\/segunda\/wp-content\/uploads\/2025\/01\/GeneralitatVehiculos2-1024x768.jpeg\" alt=\"\" class=\"wp-image-250843\" style=\"width:441px;height:auto\" srcset=\"https:\/\/tucomarca.whitekongsoftware.com\/wp-content\/uploads\/2025\/01\/GeneralitatVehiculos2-1024x768.jpeg 1024w, https:\/\/tucomarca.whitekongsoftware.com\/wp-content\/uploads\/2025\/01\/GeneralitatVehiculos2-300x225.jpeg 300w, https:\/\/tucomarca.whitekongsoftware.com\/wp-content\/uploads\/2025\/01\/GeneralitatVehiculos2-768x576.jpeg 768w, https:\/\/tucomarca.whitekongsoftware.com\/wp-content\/uploads\/2025\/01\/GeneralitatVehiculos2-1536x1152.jpeg 1536w, https:\/\/tucomarca.whitekongsoftware.com\/wp-content\/uploads\/2025\/01\/GeneralitatVehiculos2-2048x1536.jpeg 2048w, https:\/\/tucomarca.whitekongsoftware.com\/wp-content\/uploads\/2025\/01\/GeneralitatVehiculos2-678x509.jpeg 678w, https:\/\/tucomarca.whitekongsoftware.com\/wp-content\/uploads\/2025\/01\/GeneralitatVehiculos2-326x245.jpeg 326w, https:\/\/tucomarca.whitekongsoftware.com\/wp-content\/uploads\/2025\/01\/GeneralitatVehiculos2-80x60.jpeg 80w\" sizes=\"auto, (max-width: 1024px) 100vw, 1024px\" \/><\/figure>\n<\/div>\n\n\n<p class=\"wp-block-paragraph\">La Generalitat ha aconseguit un avan\u00e7 significatiu en la retirada de vehicles afectats per les inundacions del passat mes d&#8217;octubre, amb un total de 70.000 vehicles retirats, la qual cosa representa aproximadament el 60% del total.<\/p>\n\n\n\n<p class=\"wp-block-paragraph\">El conseller de Medi Ambient, Infraestructures i Territori, Vicente Mart\u00ednez Mus, ha destacat que, gr\u00e0cies al ritme de treball actual, \u201cja s&#8217;han buidat per complet de vehicles la principal campa de Catarroja i el punt d&#8217;apilament de la Generalitat de Picassent\u201d.<\/p>\n\n\n\n<p class=\"wp-block-paragraph\">Aquest punt intermedi de Picassent el va habilitar la Generalitat com una soluci\u00f3 transit\u00f2ria amb la finalitat d&#8217;iniciar la retirada dels vehicles fins que el Govern aprovara el Reial decret llei per a agilitzar els tr\u00e0mits de peritatge i les baixes dels vehicles per al seu tractament final en plantes autoritzades (CAT).<\/p>\n\n\n\n<p class=\"wp-block-paragraph\">\u00c9s important assenyalar que aquest proc\u00e9s s&#8217;ha dut a terme conjuntament i de manera coordinada amb desballestaments de tota Espanya, amb l&#8217;objectiu d&#8217;optimitzar la retirada de vehicles en el marc del dispositiu posat en marxa per a buidar les campes municipals i comptant amb el suport de diferents empreses. Els vehicles retirats s\u00f3n traslladats als CAT i a campes interm\u00e8dies.<\/p>\n\n\n\n<p class=\"wp-block-paragraph\">Mart\u00ednez Mus ha recordat que, des del primer moment, \u201chem estat al costat dels ajuntaments\u201d, comen\u00e7ant amb la retirada de vehicles en les zones m\u00e9s pr\u00f2ximes a infraestructures essencials amb recursos propis, i, despr\u00e9s de la publicaci\u00f3 de la norma estatal, \u201ccol\u00b7laborant per a facilitar l&#8217;actuaci\u00f3 directa dels desballestaments amb els municipis\u201d.<\/p>\n\n\n\n<p class=\"wp-block-paragraph\">Dins de tot el proc\u00e9s, la Generalitat tamb\u00e9 realitza un control de matr\u00edcules de tots els vehicles, que es remet peri\u00f2dicament per a incloure les dades de localitzaci\u00f3 en l&#8217;aplicaci\u00f3 desenvolupada perqu\u00e8 les persones interessades puguen consultar la ubicaci\u00f3 dels vehicles.<\/p>\n\n\n\n<p class=\"wp-block-paragraph\">El titular de Medi Ambient ha assenyalat que la tercera fase activada per la Generalitat per a la retirada total de residus en les \u00e0rees afectades \u201cavan\u00e7a a bon ritme i s&#8217;espera que estiga finalitzada durant el mes de febrer\u201d.<\/p>\n\n\n\n<p class=\"wp-block-paragraph\">Finalment, ha reiterat el comprom\u00eds del Consell de continuar col\u00b7laborant \u201cestretament\u201d amb els ajuntaments per a accelerar la retirada de vehicles i residus i contribuir a restaurar la normalitat en les comunitats afectades.<\/p>\n","protected":false},"excerpt":{"rendered":"<div class=\"mh-excerpt\">Suposa prop del 60% del total de vehicles sinistrats. La principal campa de Catarroja i el punt de Picassent on va apilar la Generalitat ja han sigut buidats de cotxes. La Generalitat ha aconseguit un <a class=\"mh-excerpt-more\" href=\"https:\/\/tucomarca.whitekongsoftware.com\/ca\/la-generalitat-ja-ha-retirat-70-000-vehicles-de-les-zones-afectades-per-les-inundacions\/\" title=\"La Generalitat ja ha retirat 70.000 vehicles de les zones afectades per les inundacions\">[+] <\/a><\/div>\n","protected":false},"author":13,"featured_media":250842,"comment_status":"open","ping_status":"open","sticky":false,"template":"","format":"standard","meta":{"footnotes":""},"categories":[21466,10898,10948,10894,10904,10903,10947,10896,10897],"tags":[15409,12903,11199],"class_list":["post-250846","post","type-post","status-publish","format-standard","has-post-thumbnail","category-dana-ca","category-ventana-ca","category-infraestructuras-ca","category-la-comarca-ca","category-sin-categorizar-ca","category-medio-ambiente-la-comarca-ca","category-politica","category-seccion-ca","category-sucesos-la-comarca-ca","tag-dana-2-ca","tag-infraestructuras-ca","tag-la-comunitat-ca"],"_links":{"self":[{"href":"https:\/\/tucomarca.whitekongsoftware.com\/ca\/wp-json\/wp\/v2\/posts\/250846","targetHints":{"allow":["GET"]}}],"collection":[{"href":"https:\/\/tucomarca.whitekongsoftware.com\/ca\/wp-json\/wp\/v2\/posts"}],"about":[{"href":"https:\/\/tucomarca.whitekongsoftware.com\/ca\/wp-json\/wp\/v2\/types\/post"}],"author":[{"embeddable":true,"href":"https:\/\/tucomarca.whitekongsoftware.com\/ca\/wp-json\/wp\/v2\/users\/13"}],"replies":[{"embeddable":true,"href":"https:\/\/tucomarca.whitekongsoftware.com\/ca\/wp-json\/wp\/v2\/comments?post=250846"}],"version-history":[{"count":0,"href":"https:\/\/tucomarca.whitekongsoftware.com\/ca\/wp-json\/wp\/v2\/posts\/250846\/revisions"}],"wp:featuredmedia":[{"embeddable":true,"href":"https:\/\/tucomarca.whitekongsoftware.com\/ca\/wp-json\/wp\/v2\/media\/250842"}],"wp:attachment":[{"href":"https:\/\/tucomarca.whitekongsoftware.com\/ca\/wp-json\/wp\/v2\/media?parent=250846"}],"wp:term":[{"taxonomy":"category","embeddable":true,"href":"https:\/\/tucomarca.whitekongsoftware.com\/ca\/wp-json\/wp\/v2\/categories?post=250846"},{"taxonomy":"post_tag","embeddable":true,"href":"https:\/\/tucomarca.whitekongsoftware.com\/ca\/wp-json\/wp\/v2\/tags?post=250846"}],"curies":[{"name":"wp","href":"https:\/\/api.w.org\/{rel}","templated":true}]}}